{"id":22239,"date":"2018-06-09T16:12:47","date_gmt":"2018-06-09T19:12:47","guid":{"rendered":"https:\/\/blogs.gazetaesportiva.com\/planeta-octogono\/?p=22239"},"modified":"2018-06-09T16:12:47","modified_gmt":"2018-06-09T19:12:47","slug":"marlon-moraes-mira-titulo-do-ufc-e-revela-torcida-para-dos-anjos-contra-covington","status":"publish","type":"post","link":"https:\/\/blogs.gazetaesportiva.com\/planeta-octogono\/2018\/06\/09\/marlon-moraes-mira-titulo-do-ufc-e-revela-torcida-para-dos-anjos-contra-covington\/","title":{"rendered":"Marlon Moraes mira t\u00edtulo do UFC e revela torcida para Dos Anjos contra Covington"},"content":{"rendered":"<figure id=\"attachment_22237\" aria-describedby=\"caption-attachment-22237\" style=\"width: 640px\" class=\"wp-caption alignleft\"><a href=\"https:\/\/blogs.gazetaesportiva.com\/planeta-octogono\/files\/2018\/06\/IMG_20180602_140146.jpg\"><img loading=\"lazy\" decoding=\"async\" class=\"size-large wp-image-22237\" src=\"https:\/\/blogs.gazetaesportiva.com\/planeta-octogono\/files\/2018\/06\/IMG_20180602_140146-1024x681.jpg\" alt=\"\" width=\"640\" height=\"426\" srcset=\"https:\/\/blogs.gazetaesportiva.com\/planeta-octogono\/files\/2018\/06\/IMG_20180602_140146-1024x681.jpg 1024w, https:\/\/blogs.gazetaesportiva.com\/planeta-octogono\/files\/2018\/06\/IMG_20180602_140146-300x200.jpg 300w, https:\/\/blogs.gazetaesportiva.com\/planeta-octogono\/files\/2018\/06\/IMG_20180602_140146-768x511.jpg 768w, https:\/\/blogs.gazetaesportiva.com\/planeta-octogono\/files\/2018\/06\/IMG_20180602_140146-120x80.jpg 120w\" sizes=\"auto, (max-width: 640px) 100vw, 640px\" \/><\/a><figcaption id=\"caption-attachment-22237\" class=\"wp-caption-text\">Ex campe\u00e3o do WSOF brilha com nocaute rel\u00e2mpago no UFC &#8211; Divulga\u00e7\u00e3o<\/figcaption><\/figure>\n<p>&nbsp;<\/p>\n<p>O blog conversou nesta semana com um dos ultimos destaques do Brasil no UFC.<\/p>\n<p>Ap\u00f3s um devastador nocaute sobre Jimmie Rivera, o brasileiro Marlon Moraes se colocou em posi\u00e7\u00e3o privilegiada para uma futura disputa de t\u00edtulo no Ultimate, o lutador revelou o desejo de lutar pelo cintur\u00e3o, al\u00e9m de debater outros assuntos.<\/p>\n<p>Opinando sobre seu potencial futuro oponente, Moraes tamb\u00e9m analisou as atitudes do americano Colby Covington, que enfrenta neste fim de semana, Rafael dos Anjos pelo cintur\u00e3o interino dos meio m\u00e9dios no UFC e tem dado declara\u00e7\u00f5es pol\u00eamicas sobre o Brasil.<\/p>\n<figure id=\"attachment_22094\" aria-describedby=\"caption-attachment-22094\" style=\"width: 640px\" class=\"wp-caption alignleft\"><a href=\"https:\/\/blogs.gazetaesportiva.com\/planeta-octogono\/files\/2017\/12\/ufc_1666505188268559745.png\"><img loading=\"lazy\" decoding=\"async\" class=\"size-large wp-image-22094\" src=\"https:\/\/blogs.gazetaesportiva.com\/planeta-octogono\/files\/2017\/12\/ufc_1666505188268559745-1024x1024.png\" alt=\"\" width=\"640\" height=\"640\" srcset=\"https:\/\/blogs.gazetaesportiva.com\/planeta-octogono\/files\/2017\/12\/ufc_1666505188268559745-1024x1024.png 1024w, https:\/\/blogs.gazetaesportiva.com\/planeta-octogono\/files\/2017\/12\/ufc_1666505188268559745-150x150.png 150w, https:\/\/blogs.gazetaesportiva.com\/planeta-octogono\/files\/2017\/12\/ufc_1666505188268559745-300x300.png 300w, https:\/\/blogs.gazetaesportiva.com\/planeta-octogono\/files\/2017\/12\/ufc_1666505188268559745-768x768.png 768w, https:\/\/blogs.gazetaesportiva.com\/planeta-octogono\/files\/2017\/12\/ufc_1666505188268559745.png 1080w\" sizes=\"auto, (max-width: 640px) 100vw, 640px\" \/><\/a><figcaption id=\"caption-attachment-22094\" class=\"wp-caption-text\">Marlon Moraes \u00e9 um dos destaques do Brasil no UFC e quer lutar por cintur\u00e3o &#8211; Divulga\u00e7\u00e3o<\/figcaption><\/figure>\n<p>&nbsp;<\/p>\n<p><strong>Vit\u00f3ria sobre desafeto e repercuss\u00e3o positiva<\/strong> &#8211;\u00a0<em>Acredito que tive uma performance daquelas que um cara precisa ter para se credenciar ao t\u00edtulo. Estou muito feliz com minha apresenta\u00e7\u00e3o, com a repercuss\u00e3o que minha vit\u00f3ria teve, e isso \u00e9 fruto de muito trabalho com minha equipe.\u00a0<\/em><\/p>\n<p><strong>Desejo de lutar por t\u00edtulo<\/strong> &#8211; <em>Sim, quero lutar pelo cintur\u00e3o. N\u00e3o \u00e9 papo furado, fiz por merecer isso. Agora eu vou tirar um tempo para descansar com minha fam\u00edlia, tratar algumas pequenas les\u00f5es e me preparar para o t\u00edtulo. Fiz quatro lutas em apenas um ano, n\u00e3o \u00e9 f\u00e1cil.\u00a0<\/em><\/p>\n<p><em>Vou descansar, visitar a fam\u00edlia no Brasil e curtir a gravidez da minha esposa. Estamos muito felizes por isso.\u00a0<\/em><\/p>\n<p><strong>TJ vs Cody, quem vence?<\/strong> &#8211; <em>Eu acredito que o TJ tenha uma pequena vantagem, mas n\u00e3o significa que ele vai vencer. S\u00e3o dois atletas de alt\u00edssimo n\u00edvel, uma luta de primeira linha do MMA mundial, ent\u00e3o n\u00e3o pode vacilar.\u00a0<\/em><\/p>\n<p><strong>Colby Covington e apoio a Rafael dos Anjos<\/strong> &#8211;\u00a0<em>Quem fala o que quer, pode ouvir o que n\u00e3o quer e pode acabar tomando uma surra. O mundo \u00e9 assim. Tor\u00e7o muito para o Rafael, tomara que ele consiga esse t\u00edtulo interino e que, em breve, conquiste o linear tamb\u00e9m.<\/em><\/p>\n<p><strong>Agradecimento<\/strong> &#8211;\u00a0<em>Quero agradecer a todos pelo carinho, especialmente os f\u00e3s brasileiros. Tenho recebido muitas mensagens pelas redes sociais, todas com muito afeto. Isso me d\u00e1 ainda mais for\u00e7as para seguir em busca ao t\u00edtulo.<\/em><\/p>\n<div class=\"quoted-text\">\n<div dir=\"auto\"><\/div>\n<\/div>\n<div class=\"quoted-text\">\n<div dir=\"auto\"><\/div>\n<\/div>\n","protected":false},"excerpt":{"rendered":"<p>&nbsp; O blog conversou nesta semana com um dos ultimos destaques do Brasil no UFC. Ap\u00f3s um devastador nocaute sobre Jimmie Rivera, o brasileiro Marlon <a class=\"read-more\" href=\"https:\/\/blogs.gazetaesportiva.com\/planeta-octogono\/2018\/06\/09\/marlon-moraes-mira-titulo-do-ufc-e-revela-torcida-para-dos-anjos-contra-covington\/\">leia mais<\/a><\/p>\n","protected":false},"author":33,"featured_media":0,"comment_status":"open","ping_status":"open","sticky":false,"template":"","format":"standard","meta":{"jetpack_post_was_ever_published":false,"_jetpack_newsletter_access":"","_jetpack_dont_email_post_to_subs":false,"_jetpack_newsletter_tier_id":0,"_jetpack_memberships_contains_paywalled_content":false,"_jetpack_memberships_contains_paid_content":false,"footnotes":"","jetpack_publicize_message":"","jetpack_publicize_feature_enabled":true,"jetpack_social_post_already_shared":true,"jetpack_social_options":{"image_generator_settings":{"template":"highway","default_image_id":0,"font":"","enabled":false},"version":2}},"categories":[3],"tags":[1405,1613,353,402,703,41],"class_list":["post-22239","post","type-post","status-publish","format-standard","hentry","category-bate-papo","tag-cody-garbrandt","tag-colby-covington","tag-marlon-moraes","tag-rafael-dos-anjos","tag-tj-dillashaw","tag-ufc"],"jetpack_publicize_connections":[],"jetpack_featured_media_url":"","jetpack_sharing_enabled":true,"jetpack_shortlink":"https:\/\/wp.me\/p6rqUQ-5MH","_links":{"self":[{"href":"https:\/\/blogs.gazetaesportiva.com\/planeta-octogono\/wp-json\/wp\/v2\/posts\/22239","targetHints":{"allow":["GET"]}}],"collection":[{"href":"https:\/\/blogs.gazetaesportiva.com\/planeta-octogono\/wp-json\/wp\/v2\/posts"}],"about":[{"href":"https:\/\/blogs.gazetaesportiva.com\/planeta-octogono\/wp-json\/wp\/v2\/types\/post"}],"author":[{"embeddable":true,"href":"https:\/\/blogs.gazetaesportiva.com\/planeta-octogono\/wp-json\/wp\/v2\/users\/33"}],"replies":[{"embeddable":true,"href":"https:\/\/blogs.gazetaesportiva.com\/planeta-octogono\/wp-json\/wp\/v2\/comments?post=22239"}],"version-history":[{"count":0,"href":"https:\/\/blogs.gazetaesportiva.com\/planeta-octogono\/wp-json\/wp\/v2\/posts\/22239\/revisions"}],"wp:attachment":[{"href":"https:\/\/blogs.gazetaesportiva.com\/planeta-octogono\/wp-json\/wp\/v2\/media?parent=22239"}],"wp:term":[{"taxonomy":"category","embeddable":true,"href":"https:\/\/blogs.gazetaesportiva.com\/planeta-octogono\/wp-json\/wp\/v2\/categories?post=22239"},{"taxonomy":"post_tag","embeddable":true,"href":"https:\/\/blogs.gazetaesportiva.com\/planeta-octogono\/wp-json\/wp\/v2\/tags?post=22239"}],"curies":[{"name":"wp","href":"https:\/\/api.w.org\/{rel}","templated":true}]}}