{"id":22236,"date":"2018-06-02T06:28:27","date_gmt":"2018-06-02T09:28:27","guid":{"rendered":"https:\/\/blogs.gazetaesportiva.com\/planeta-octogono\/?p=22236"},"modified":"2018-06-02T06:31:02","modified_gmt":"2018-06-02T09:31:02","slug":"marlon-moraes-brilha-com-nocaute-e-se-aproxima-de-cinturao-no-ufc-utica","status":"publish","type":"post","link":"https:\/\/blogs.gazetaesportiva.com\/planeta-octogono\/2018\/06\/02\/marlon-moraes-brilha-com-nocaute-e-se-aproxima-de-cinturao-no-ufc-utica\/","title":{"rendered":"Marlon Moraes brilha com nocaute e se aproxima de cintur\u00e3o no UFC Utica"},"content":{"rendered":"<figure id=\"attachment_22237\" aria-describedby=\"caption-attachment-22237\" style=\"width: 640px\" class=\"wp-caption alignleft\"><a href=\"https:\/\/blogs.gazetaesportiva.com\/planeta-octogono\/files\/2018\/06\/IMG_20180602_140146.jpg\"><img loading=\"lazy\" decoding=\"async\" class=\"size-large wp-image-22237\" src=\"https:\/\/blogs.gazetaesportiva.com\/planeta-octogono\/files\/2018\/06\/IMG_20180602_140146-1024x681.jpg\" alt=\"\" width=\"640\" height=\"426\" srcset=\"https:\/\/blogs.gazetaesportiva.com\/planeta-octogono\/files\/2018\/06\/IMG_20180602_140146-1024x681.jpg 1024w, https:\/\/blogs.gazetaesportiva.com\/planeta-octogono\/files\/2018\/06\/IMG_20180602_140146-300x200.jpg 300w, https:\/\/blogs.gazetaesportiva.com\/planeta-octogono\/files\/2018\/06\/IMG_20180602_140146-768x511.jpg 768w, https:\/\/blogs.gazetaesportiva.com\/planeta-octogono\/files\/2018\/06\/IMG_20180602_140146-120x80.jpg 120w\" sizes=\"auto, (max-width: 640px) 100vw, 640px\" \/><\/a><figcaption id=\"caption-attachment-22237\" class=\"wp-caption-text\">Ex campe\u00e3o do WSOF brilha com nocaute rel\u00e2mpago no UFC &#8211; Divulga\u00e7\u00e3o<\/figcaption><\/figure>\n<p>&nbsp;<\/p>\n<p>O Brasil ganhou mais um grande concorrente ao cintur\u00e3o do UFC.<\/p>\n<p>Na noite desta \u00faltima sexta feira, pelo UFC Utica, o carioca Marlon Moraes passou de azar\u00e3o para futuro desafiante ao t\u00edtulo ao mostrar dentro do oct\u00f3gono que merece uma oportunidade.<\/p>\n<p>Enfrentando o rival porto riquenho Jimmie Rivera, o combate que prometia uma batalha de 25 minutos, durou muito menos que isto.<\/p>\n<p>Implac\u00e1vel, Marlon mostrou que est\u00e1 com sua troca\u00e7\u00e3o em dia e com um potente chute alto de esquerda, demoliu o advers\u00e1rio em apenas 33 segundos de luta.<\/p>\n<p>Com a convincente vit\u00f3ria, o lutador deixou claro que est\u00e1 na briga por uma oportunidade de desafiar o vencedor da revanche entre os americanos TJ Dillashaw e Cody Garbrandt, que se enfrentam no UFC 227, em agosto.<\/p>\n<p>&#8220;<em>Eu sou um lutador completo de MMA. Se tiver que lutar no ch\u00e3o, eu luto. Treino kickboxing desde crian\u00e7a e estou treinando com os melhores. Na pr\u00f3xima, quero lutar pelo cintur\u00e3o. Vamos l\u00e1!<\/em>&#8221; disparou o carioca.<\/p>\n<blockquote class=\"twitter-tweet\" data-width=\"550\" data-dnt=\"true\">\n<p lang=\"en\" dir=\"ltr\">BIG KO by <a href=\"https:\/\/twitter.com\/MMARLONMORAES?ref_src=twsrc%5Etfw\">@MMARLONMORAES<\/a> in <a href=\"https:\/\/twitter.com\/hashtag\/UFCUtica?src=hash&amp;ref_src=twsrc%5Etfw\">#UFCUtica<\/a> <\/p>\n<p>Demolish Rivera by seconds. OMG!!! <a href=\"https:\/\/t.co\/Wj3k1zxRbJ\">pic.twitter.com\/Wj3k1zxRbJ<\/a><\/p>\n<p>&mdash; Bruno Massami (\u0411\u0440\u0443\u043d\u043e \u041c\u0430\u0441\u0441\u0430\u043c\u0438) (@BrMassami) <a href=\"https:\/\/twitter.com\/BrMassami\/status\/1002772663314419712?ref_src=twsrc%5Etfw\">June 2, 2018<\/a><\/p><\/blockquote>\n<p><script async src=\"https:\/\/platform.twitter.com\/widgets.js\" charset=\"utf-8\"><\/script><\/p>\n<p><strong>Jhonny Eduardo come\u00e7a bem mas perde para estreante<\/strong> &#8211; Outro carioca tamb\u00e9m participou do UFC Utica.<\/p>\n<p>Encarando o estreante ingl\u00eas Nataniel Wood, Jhonny Eduardo conseguiu trazer problemas para o advers\u00e1rio no primeiro round.<\/p>\n<p>Usando bem sua troca\u00e7\u00e3o, o atleta chegou a balan\u00e7ar o advers\u00e1rio mas acabou surpreendido com o jogo de ch\u00e3o de Wood.<\/p>\n<p>Aplicando uma bela finaliza\u00e7\u00e3o, o lutador ingl\u00eas acabou conquistando sua primeira vit\u00f3ria no UFC.<\/p>\n<blockquote class=\"twitter-tweet\" data-width=\"550\" data-dnt=\"true\">\n<p lang=\"en\" dir=\"ltr\">Big win by <a href=\"https:\/\/twitter.com\/TheProspectMMA?ref_src=twsrc%5Etfw\">@TheProspectMMA<\/a> in his UFC debut &#8211; <a href=\"https:\/\/twitter.com\/hashtag\/UFCUtica?src=hash&amp;ref_src=twsrc%5Etfw\">#UFCUtica<\/a> <\/p>\n<p>Def. Jhonny Eduardo in 2nd round by submission. <a href=\"https:\/\/t.co\/IDa787XSpO\">pic.twitter.com\/IDa787XSpO<\/a><\/p>\n<p>&mdash; Bruno Massami (\u0411\u0440\u0443\u043d\u043e \u041c\u0430\u0441\u0441\u0430\u043c\u0438) (@BrMassami) <a href=\"https:\/\/twitter.com\/BrMassami\/status\/1002711100104687616?ref_src=twsrc%5Etfw\">June 2, 2018<\/a><\/p><\/blockquote>\n<p><script async src=\"https:\/\/platform.twitter.com\/widgets.js\" charset=\"utf-8\"><\/script><\/p>\n<p>Quem tamb\u00e9m acabou perdendo foi Gleison Tibau.<\/p>\n<p>O experiente lutador foi superado pelo americano Desmond Green por decis\u00e3o un\u00e2nime.<\/p>\n<p>O Ultimate retorna no pr\u00f3ximo final de semana, com a edi\u00e7\u00e3o 225.<\/p>\n<p>No evento, o brasileiro Rafael dos Anjos encara o americano Colby Covington pelo cintur\u00e3o interino peso meio m\u00e9dio enquanto o cubano Yoel Romero desafia o australiano Robert Whittaker pelo t\u00edtulo dos m\u00e9dios em uma revanche.<\/p>\n<p><iframe loading=\"lazy\" title=\"UFC 225: The Talk is Over\" width=\"640\" height=\"360\" src=\"https:\/\/www.youtube.com\/embed\/KJWLViQZJYk?feature=oembed\" frameborder=\"0\" allow=\"accelerometer; autoplay; clipboard-write; encrypted-media; gyroscope; picture-in-picture; web-share\" referrerpolicy=\"strict-origin-when-cross-origin\" allowfullscreen><\/iframe><\/p>\n","protected":false},"excerpt":{"rendered":"<p>&nbsp; O Brasil ganhou mais um grande concorrente ao cintur\u00e3o do UFC. Na noite desta \u00faltima sexta feira, pelo UFC Utica, o carioca Marlon Moraes <a class=\"read-more\" href=\"https:\/\/blogs.gazetaesportiva.com\/planeta-octogono\/2018\/06\/02\/marlon-moraes-brilha-com-nocaute-e-se-aproxima-de-cinturao-no-ufc-utica\/\">leia mais<\/a><\/p>\n","protected":false},"author":33,"featured_media":22237,"comment_status":"open","ping_status":"open","sticky":false,"template":"","format":"standard","meta":{"jetpack_post_was_ever_published":false,"_jetpack_newsletter_access":"","_jetpack_dont_email_post_to_subs":false,"_jetpack_newsletter_tier_id":0,"_jetpack_memberships_contains_paywalled_content":false,"_jetpack_memberships_contains_paid_content":false,"footnotes":"","jetpack_publicize_message":"","jetpack_publicize_feature_enabled":true,"jetpack_social_post_already_shared":true,"jetpack_social_options":{"image_generator_settings":{"template":"highway","default_image_id":0,"font":"","enabled":false},"version":2}},"categories":[1],"tags":[1611,353,1612],"class_list":["post-22236","post","type-post","status-publish","format-standard","has-post-thumbnail","hentry","category-principal","tag-jhonny-eduardo","tag-marlon-moraes","tag-ufc-utica"],"jetpack_publicize_connections":[],"jetpack_featured_media_url":"https:\/\/blogs.gazetaesportiva.com\/planeta-octogono\/files\/2018\/06\/IMG_20180602_140146.jpg","jetpack_sharing_enabled":true,"jetpack_shortlink":"https:\/\/wp.me\/p6rqUQ-5ME","_links":{"self":[{"href":"https:\/\/blogs.gazetaesportiva.com\/planeta-octogono\/wp-json\/wp\/v2\/posts\/22236","targetHints":{"allow":["GET"]}}],"collection":[{"href":"https:\/\/blogs.gazetaesportiva.com\/planeta-octogono\/wp-json\/wp\/v2\/posts"}],"about":[{"href":"https:\/\/blogs.gazetaesportiva.com\/planeta-octogono\/wp-json\/wp\/v2\/types\/post"}],"author":[{"embeddable":true,"href":"https:\/\/blogs.gazetaesportiva.com\/planeta-octogono\/wp-json\/wp\/v2\/users\/33"}],"replies":[{"embeddable":true,"href":"https:\/\/blogs.gazetaesportiva.com\/planeta-octogono\/wp-json\/wp\/v2\/comments?post=22236"}],"version-history":[{"count":0,"href":"https:\/\/blogs.gazetaesportiva.com\/planeta-octogono\/wp-json\/wp\/v2\/posts\/22236\/revisions"}],"wp:featuredmedia":[{"embeddable":true,"href":"https:\/\/blogs.gazetaesportiva.com\/planeta-octogono\/wp-json\/wp\/v2\/media\/22237"}],"wp:attachment":[{"href":"https:\/\/blogs.gazetaesportiva.com\/planeta-octogono\/wp-json\/wp\/v2\/media?parent=22236"}],"wp:term":[{"taxonomy":"category","embeddable":true,"href":"https:\/\/blogs.gazetaesportiva.com\/planeta-octogono\/wp-json\/wp\/v2\/categories?post=22236"},{"taxonomy":"post_tag","embeddable":true,"href":"https:\/\/blogs.gazetaesportiva.com\/planeta-octogono\/wp-json\/wp\/v2\/tags?post=22236"}],"curies":[{"name":"wp","href":"https:\/\/api.w.org\/{rel}","templated":true}]}}