{"id":22229,"date":"2018-05-22T15:22:17","date_gmt":"2018-05-22T18:22:17","guid":{"rendered":"https:\/\/blogs.gazetaesportiva.com\/planeta-octogono\/?p=22229"},"modified":"2018-05-22T15:22:17","modified_gmt":"2018-05-22T18:22:17","slug":"fabricio-werdum-e-notificado-por-doping-e-luta-na-russia-pode-nao-acontecer","status":"publish","type":"post","link":"https:\/\/blogs.gazetaesportiva.com\/planeta-octogono\/2018\/05\/22\/fabricio-werdum-e-notificado-por-doping-e-luta-na-russia-pode-nao-acontecer\/","title":{"rendered":"Fabricio Werdum \u00e9 notificado por doping e luta na R\u00fassia pode n\u00e3o acontecer"},"content":{"rendered":"<figure id=\"attachment_17751\" aria-describedby=\"caption-attachment-17751\" style=\"width: 388px\" class=\"wp-caption alignleft\"><a href=\"https:\/\/blogs.gazetaesportiva.com\/planeta-octogono\/files\/2015\/06\/Werdum3results.jpg\"><img loading=\"lazy\" decoding=\"async\" class=\"size-full wp-image-17751\" src=\"https:\/\/blogs.gazetaesportiva.com\/planeta-octogono\/files\/2015\/06\/Werdum3results.jpg\" alt=\"\" width=\"388\" height=\"594\" \/><\/a><figcaption id=\"caption-attachment-17751\" class=\"wp-caption-text\">Werdum falha em exame antidoping &#8211; Divulga\u00e7\u00e3o\/Josh Hedges<\/figcaption><\/figure>\n<p>Uma bomba explodiu na tarde desta ter\u00e7a-feira.<\/p>\n<p>Segundo o jornalista americano Brett Okamoto, o ex campe\u00e3o do UFC, o brasileiro Fabricio Werdum teria sido notificado pela USADA (Ag\u00eancia Americana de controle Anti Doping).<\/p>\n<p>Sem dar detalhes sobre a viola\u00e7\u00e3o, a \u00fanica informa\u00e7\u00e3o de momento \u00e9 que Werdum teria falhado em um exame fora de competi\u00e7\u00e3o no dia 25 de abril.<\/p>\n<p>O lutador ter\u00e1 o direito a defesa e caso seja comprovado na contra prova, o lutador corre risco de ser suspenso, o que levaria o atleta a ficar fora do combate contra o russo Alexey Oleinik, programado para o primeiro UFC na R\u00fassia, no dia 25 de abril.<\/p>\n<p>Werdum n\u00e3o \u00e9 o primeiro ex-campe\u00e3o do UFC a ter problemas com doping.<\/p>\n<p>Os lutadores Lyoto Machida, Anderson Silva e Junior Cigano s\u00e3o alguns nomes que j\u00e1 foram suspensos pela Ag\u00eancia americana.<\/p>\n<p>Anderson inclusive ainda responde a um novo caso de doping ocorrido no \u00faltimo semestre de 2017, sem decis\u00e3o ainda tomada pela USADA.<\/p>\n","protected":false},"excerpt":{"rendered":"<p>Uma bomba explodiu na tarde desta ter\u00e7a-feira. Segundo o jornalista americano Brett Okamoto, o ex campe\u00e3o do UFC, o brasileiro Fabricio Werdum teria sido notificado <a class=\"read-more\" href=\"https:\/\/blogs.gazetaesportiva.com\/planeta-octogono\/2018\/05\/22\/fabricio-werdum-e-notificado-por-doping-e-luta-na-russia-pode-nao-acontecer\/\">leia mais<\/a><\/p>\n","protected":false},"author":33,"featured_media":0,"comment_status":"open","ping_status":"open","sticky":false,"template":"","format":"standard","meta":{"jetpack_post_was_ever_published":false,"_jetpack_newsletter_access":"","_jetpack_dont_email_post_to_subs":false,"_jetpack_newsletter_tier_id":0,"_jetpack_memberships_contains_paywalled_content":false,"_jetpack_memberships_contains_paid_content":false,"footnotes":"","jetpack_publicize_message":"","jetpack_publicize_feature_enabled":true,"jetpack_social_post_already_shared":true,"jetpack_social_options":{"image_generator_settings":{"template":"highway","default_image_id":0,"font":"","enabled":false},"version":2}},"categories":[1],"tags":[79,1431],"class_list":["post-22229","post","type-post","status-publish","format-standard","hentry","category-principal","tag-fabricio-werdum","tag-usada"],"jetpack_publicize_connections":[],"jetpack_featured_media_url":"","jetpack_sharing_enabled":true,"jetpack_shortlink":"https:\/\/wp.me\/p6rqUQ-5Mx","_links":{"self":[{"href":"https:\/\/blogs.gazetaesportiva.com\/planeta-octogono\/wp-json\/wp\/v2\/posts\/22229","targetHints":{"allow":["GET"]}}],"collection":[{"href":"https:\/\/blogs.gazetaesportiva.com\/planeta-octogono\/wp-json\/wp\/v2\/posts"}],"about":[{"href":"https:\/\/blogs.gazetaesportiva.com\/planeta-octogono\/wp-json\/wp\/v2\/types\/post"}],"author":[{"embeddable":true,"href":"https:\/\/blogs.gazetaesportiva.com\/planeta-octogono\/wp-json\/wp\/v2\/users\/33"}],"replies":[{"embeddable":true,"href":"https:\/\/blogs.gazetaesportiva.com\/planeta-octogono\/wp-json\/wp\/v2\/comments?post=22229"}],"version-history":[{"count":0,"href":"https:\/\/blogs.gazetaesportiva.com\/planeta-octogono\/wp-json\/wp\/v2\/posts\/22229\/revisions"}],"wp:attachment":[{"href":"https:\/\/blogs.gazetaesportiva.com\/planeta-octogono\/wp-json\/wp\/v2\/media?parent=22229"}],"wp:term":[{"taxonomy":"category","embeddable":true,"href":"https:\/\/blogs.gazetaesportiva.com\/planeta-octogono\/wp-json\/wp\/v2\/categories?post=22229"},{"taxonomy":"post_tag","embeddable":true,"href":"https:\/\/blogs.gazetaesportiva.com\/planeta-octogono\/wp-json\/wp\/v2\/tags?post=22229"}],"curies":[{"name":"wp","href":"https:\/\/api.w.org\/{rel}","templated":true}]}}