{"id":22220,"date":"2018-05-19T12:38:32","date_gmt":"2018-05-19T15:38:32","guid":{"rendered":"https:\/\/blogs.gazetaesportiva.com\/planeta-octogono\/?p=22220"},"modified":"2018-05-19T12:38:32","modified_gmt":"2018-05-19T15:38:32","slug":"otimista-eliseu-capoeira-fala-sobre-cenario-brasileiro-no-ufc-e-apenas-uma-fase","status":"publish","type":"post","link":"https:\/\/blogs.gazetaesportiva.com\/planeta-octogono\/2018\/05\/19\/otimista-eliseu-capoeira-fala-sobre-cenario-brasileiro-no-ufc-e-apenas-uma-fase\/","title":{"rendered":"Otimista, Eliseu Capoeira fala sobre cen\u00e1rio brasileiro no UFC: \u00c9 apenas uma fase!"},"content":{"rendered":"<figure id=\"attachment_22221\" aria-describedby=\"caption-attachment-22221\" style=\"width: 640px\" class=\"wp-caption alignleft\"><a href=\"https:\/\/blogs.gazetaesportiva.com\/planeta-octogono\/files\/2018\/05\/32313176_2561255743889022_1659462899455754240_o.jpg\"><img loading=\"lazy\" decoding=\"async\" class=\"size-large wp-image-22221\" src=\"https:\/\/blogs.gazetaesportiva.com\/planeta-octogono\/files\/2018\/05\/32313176_2561255743889022_1659462899455754240_o-1024x683.jpg\" alt=\"\" width=\"640\" height=\"427\" srcset=\"https:\/\/blogs.gazetaesportiva.com\/planeta-octogono\/files\/2018\/05\/32313176_2561255743889022_1659462899455754240_o.jpg 1024w, https:\/\/blogs.gazetaesportiva.com\/planeta-octogono\/files\/2018\/05\/32313176_2561255743889022_1659462899455754240_o-300x200.jpg 300w, https:\/\/blogs.gazetaesportiva.com\/planeta-octogono\/files\/2018\/05\/32313176_2561255743889022_1659462899455754240_o-768x512.jpg 768w, https:\/\/blogs.gazetaesportiva.com\/planeta-octogono\/files\/2018\/05\/32313176_2561255743889022_1659462899455754240_o-120x80.jpg 120w\" sizes=\"auto, (max-width: 640px) 100vw, 640px\" \/><\/a><figcaption id=\"caption-attachment-22221\" class=\"wp-caption-text\">Eliseu Capoeira analisa novo momento do Brasil no UFC &#8211; Divulga\u00e7\u00e3o<\/figcaption><\/figure>\n<p>O blog conversou nesta semana com um das novas faces do MMA nacional: o lutador Elizeu Capoeira.<\/p>\n<p>Com 31 anos de idade e um expressivo cartel com 19 vit\u00f3rias (sendo 13 por nocaute) e apenas 5 derrotas, o lutador analisou o atual momento do Brasil no UFC.<\/p>\n<p>Sem os grandes nomes como Jos\u00e9 Aldo, Renan Bar\u00e3o, Lyoto Machida e os famosos Anderson Silva e Vitor Belfort que se aposentou do MMA no \u00faltimo fim de semana no Rio de Janeiro, Capoeira surge como uma nova op\u00e7\u00e3o para os f\u00e3s que est\u00e3o carentes de novos \u00eddolos.<\/p>\n<p>Analisando seu futuro no UFC, o atleta da academia CM System aproveitou a oportunidade para comentar sobre dois dos principais duelos em sua categoria, o peso meio m\u00e9dio, uma das mais competitivas do Ultimate na atualidade.<\/p>\n<p><strong>Vit\u00f3ria no Rio<\/strong> &#8211; <em>Lutar no Brasil \u00e9 sempre bom, \u00e9 uma sensa\u00e7\u00e3o incr\u00edvel. A torcida brasileira parece que entra no oct\u00f3gono com voc\u00ea, bota uma press\u00e3o no advers\u00e1rio. Eu adorei lutar no Rio como sempre gostei de lutar no Brasil pelo UFC. Foi inesquec\u00edvel.\u00a0<\/em><\/p>\n<figure id=\"attachment_22222\" aria-describedby=\"caption-attachment-22222\" style=\"width: 640px\" class=\"wp-caption alignleft\"><a href=\"https:\/\/blogs.gazetaesportiva.com\/planeta-octogono\/files\/2018\/05\/32423135_2561255727222357_8239216955702116352_o.jpg\"><img loading=\"lazy\" decoding=\"async\" class=\"size-large wp-image-22222\" src=\"https:\/\/blogs.gazetaesportiva.com\/planeta-octogono\/files\/2018\/05\/32423135_2561255727222357_8239216955702116352_o-1024x683.jpg\" alt=\"\" width=\"640\" height=\"427\" srcset=\"https:\/\/blogs.gazetaesportiva.com\/planeta-octogono\/files\/2018\/05\/32423135_2561255727222357_8239216955702116352_o.jpg 1024w, https:\/\/blogs.gazetaesportiva.com\/planeta-octogono\/files\/2018\/05\/32423135_2561255727222357_8239216955702116352_o-300x200.jpg 300w, https:\/\/blogs.gazetaesportiva.com\/planeta-octogono\/files\/2018\/05\/32423135_2561255727222357_8239216955702116352_o-768x512.jpg 768w, https:\/\/blogs.gazetaesportiva.com\/planeta-octogono\/files\/2018\/05\/32423135_2561255727222357_8239216955702116352_o-120x80.jpg 120w\" sizes=\"auto, (max-width: 640px) 100vw, 640px\" \/><\/a><figcaption id=\"caption-attachment-22222\" class=\"wp-caption-text\">Capoeira brilhou no UFC Rio 224 contra Sean Strickland &#8211; Divulga\u00e7\u00e3o<\/figcaption><\/figure>\n<p><strong>Curitiba no MMA<\/strong> &#8211;\u00a0<em>Curitiba \u00e9 refer\u00eancia n\u00e3o s\u00f3 no Brasil, mas no mundo inteiro. Minha academia tem um trabalho s\u00f3lido, e o resultado est\u00e1 em nossas lutas. <\/em><\/p>\n<p><em>Temos treinadores experientes e de alt\u00edssima qualidade, como o head coach, Cristiano Marcello, o Marcelo Zulu, Felipe Silva Rafael Assun\u00e7\u00e3o Carvalho&#8230; s\u00f3 casca-grossa. <\/em><\/p>\n<p><em>Esses caras fazem da CM System a melhor equipe do Brasil e uma das melhores do mundo, e me sinto orgulhoso de fazer parte.<\/em><\/p>\n<p><strong>Cen\u00e1rio atual do Brasil no UFC<\/strong> &#8211; <em>Acredito que \u00e9 uma m\u00e1 fase. J\u00e1 temos lutadores em destaque em diferentes categorias, muitos crescendo rumo ao cintur\u00e3o. A nova gera\u00e7\u00e3o est\u00e1 chegando com tudo. Em breve teremos novos campe\u00f5es.<\/em><\/p>\n<p><strong>Categoria meio m\u00e9dio e palpites para duelos importantes &#8211;<\/strong> <em>S\u00f3 tem pedreira na categoria, isso \u00e9 bom. Todos s\u00e3o grandes testes, grandes desafios. Vai moldando quem quer evoluir, como \u00e9 o meu caso.\u00a0<\/em><\/p>\n<p><em>Ser\u00e3o duas grandes lutas, tenho certeza disso. Acredito que o Demian Maia supera o (Kamaru) Usman e o Till (Darren Till que enfrenta Stephen Thompson) levem a melhor.\u00a0<\/em><\/p>\n<p><strong>Mensagem aos f\u00e3s<\/strong> &#8211; <em>Quero agradecer todo o apoio dos f\u00e3s brasileiros e do mundo. Tenho recebido muitas mensagens pelas redes sociais de gente do mundo inteiro me elogiando, e isso me deixa muito feliz. Obrigado tamb\u00e9m pelo espa\u00e7o para a entrevista.\u00a0<\/em><\/p>\n<div class=\"quoted-text\">\n<div dir=\"auto\">https:\/\/youtu.be\/l_VjS4rjfBM<\/div>\n<\/div>\n<p>&nbsp;<\/p>\n","protected":false},"excerpt":{"rendered":"<p>O blog conversou nesta semana com um das novas faces do MMA nacional: o lutador Elizeu Capoeira. Com 31 anos de idade e um expressivo <a class=\"read-more\" href=\"https:\/\/blogs.gazetaesportiva.com\/planeta-octogono\/2018\/05\/19\/otimista-eliseu-capoeira-fala-sobre-cenario-brasileiro-no-ufc-e-apenas-uma-fase\/\">leia mais<\/a><\/p>\n","protected":false},"author":33,"featured_media":22221,"comment_status":"open","ping_status":"open","sticky":false,"template":"","format":"standard","meta":{"jetpack_post_was_ever_published":false,"_jetpack_newsletter_access":"","_jetpack_dont_email_post_to_subs":false,"_jetpack_newsletter_tier_id":0,"_jetpack_memberships_contains_paywalled_content":false,"_jetpack_memberships_contains_paid_content":false,"footnotes":"","jetpack_publicize_message":"","jetpack_publicize_feature_enabled":true,"jetpack_social_post_already_shared":true,"jetpack_social_options":{"image_generator_settings":{"template":"highway","default_image_id":0,"font":"","enabled":false},"version":2}},"categories":[3],"tags":[1563,205,1550,1606,729],"class_list":["post-22220","post","type-post","status-publish","format-standard","has-post-thumbnail","hentry","category-bate-papo","tag-darren-till","tag-demian-maia","tag-elizeu-capoeira","tag-ufc-224","tag-ufc-rio"],"jetpack_publicize_connections":[],"jetpack_featured_media_url":"https:\/\/blogs.gazetaesportiva.com\/planeta-octogono\/files\/2018\/05\/32313176_2561255743889022_1659462899455754240_o.jpg","jetpack_sharing_enabled":true,"jetpack_shortlink":"https:\/\/wp.me\/p6rqUQ-5Mo","_links":{"self":[{"href":"https:\/\/blogs.gazetaesportiva.com\/planeta-octogono\/wp-json\/wp\/v2\/posts\/22220","targetHints":{"allow":["GET"]}}],"collection":[{"href":"https:\/\/blogs.gazetaesportiva.com\/planeta-octogono\/wp-json\/wp\/v2\/posts"}],"about":[{"href":"https:\/\/blogs.gazetaesportiva.com\/planeta-octogono\/wp-json\/wp\/v2\/types\/post"}],"author":[{"embeddable":true,"href":"https:\/\/blogs.gazetaesportiva.com\/planeta-octogono\/wp-json\/wp\/v2\/users\/33"}],"replies":[{"embeddable":true,"href":"https:\/\/blogs.gazetaesportiva.com\/planeta-octogono\/wp-json\/wp\/v2\/comments?post=22220"}],"version-history":[{"count":0,"href":"https:\/\/blogs.gazetaesportiva.com\/planeta-octogono\/wp-json\/wp\/v2\/posts\/22220\/revisions"}],"wp:featuredmedia":[{"embeddable":true,"href":"https:\/\/blogs.gazetaesportiva.com\/planeta-octogono\/wp-json\/wp\/v2\/media\/22221"}],"wp:attachment":[{"href":"https:\/\/blogs.gazetaesportiva.com\/planeta-octogono\/wp-json\/wp\/v2\/media?parent=22220"}],"wp:term":[{"taxonomy":"category","embeddable":true,"href":"https:\/\/blogs.gazetaesportiva.com\/planeta-octogono\/wp-json\/wp\/v2\/categories?post=22220"},{"taxonomy":"post_tag","embeddable":true,"href":"https:\/\/blogs.gazetaesportiva.com\/planeta-octogono\/wp-json\/wp\/v2\/tags?post=22220"}],"curies":[{"name":"wp","href":"https:\/\/api.w.org\/{rel}","templated":true}]}}