{"id":22217,"date":"2018-05-13T08:01:03","date_gmt":"2018-05-13T11:01:03","guid":{"rendered":"https:\/\/blogs.gazetaesportiva.com\/planeta-octogono\/?p=22217"},"modified":"2018-05-13T08:01:03","modified_gmt":"2018-05-13T11:01:03","slug":"amanda-nunes-domina-pennington-e-mantem-titulo-do-ufc-no-rio","status":"publish","type":"post","link":"https:\/\/blogs.gazetaesportiva.com\/planeta-octogono\/2018\/05\/13\/amanda-nunes-domina-pennington-e-mantem-titulo-do-ufc-no-rio\/","title":{"rendered":"Amanda Nunes domina Pennington e mant\u00e9m t\u00edtulo do UFC no Rio"},"content":{"rendered":"<figure id=\"attachment_22218\" aria-describedby=\"caption-attachment-22218\" style=\"width: 640px\" class=\"wp-caption alignleft\"><a href=\"https:\/\/blogs.gazetaesportiva.com\/planeta-octogono\/files\/2018\/05\/IMG_20180513_194347.jpg\"><img loading=\"lazy\" decoding=\"async\" class=\"size-large wp-image-22218\" src=\"https:\/\/blogs.gazetaesportiva.com\/planeta-octogono\/files\/2018\/05\/IMG_20180513_194347-1024x683.jpg\" alt=\"\" width=\"640\" height=\"427\" srcset=\"https:\/\/blogs.gazetaesportiva.com\/planeta-octogono\/files\/2018\/05\/IMG_20180513_194347-1024x683.jpg 1024w, https:\/\/blogs.gazetaesportiva.com\/planeta-octogono\/files\/2018\/05\/IMG_20180513_194347-300x200.jpg 300w, https:\/\/blogs.gazetaesportiva.com\/planeta-octogono\/files\/2018\/05\/IMG_20180513_194347-768x512.jpg 768w, https:\/\/blogs.gazetaesportiva.com\/planeta-octogono\/files\/2018\/05\/IMG_20180513_194347-120x80.jpg 120w\" sizes=\"auto, (max-width: 640px) 100vw, 640px\" \/><\/a><figcaption id=\"caption-attachment-22218\" class=\"wp-caption-text\">Amanda Nunes dominou advers\u00e1ria e manteve cintur\u00e3o do UFC &#8211; Divulga\u00e7\u00e3o<\/figcaption><\/figure>\n<p>O Brasil continua mantendo dois cintur\u00f5es em casa.<\/p>\n<p>Na atra\u00e7\u00e3o principal do UFC 224, no Rio de Janeiro neste \u00faltimo s\u00e1bado, Amanda Nunes colocou seu cintur\u00e3o peso pena em disputa pela segunda vez.<\/p>\n<p>Ap\u00f3s vencer Valentina Shevchenko, a brasileira desta vez encarou a americana Raquel Pennington.<\/p>\n<p>Sem correr grandes riscos e com uma performance muito dominante, Amanda conduziu o ritmo do combate desde o in\u00edcio.<\/p>\n<p>Mostrando sua pot\u00eancia em p\u00e9, a campe\u00e3 n\u00e3o correu riscos durante todo o combate.<\/p>\n<p>Agressiva e explorando muitos socos e alguns chutes, Nunes conseguia ter mais sucesso do que Pennington em seus ataques, com a americana mostrando bastante resist\u00eancia at\u00e9 o quinto round.<\/p>\n<p>Mudando a estrat\u00e9gia, Amanda levou a luta para o solo e ap\u00f3s castigar a americana na guarda conseguiu a vit\u00f3ria por nocaute t\u00e9cnico.<\/p>\n<p><strong><em>Jacar\u00e9 \u00e9 derrotado por Gastelum<\/em><\/strong> &#8211; Apesar da noite ser favor\u00e1vel ao Brasil, Ronaldo Jacar\u00e9 n\u00e3o conseguiu superar o jovem Kelvin Gastelum.<\/p>\n<p>Algoz de Vitor Belfort e Michael Bisping, o americano passou por sufoco no primeiro round mas conseguiu sobreviver \u00e0s tentativas de finaliza\u00e7\u00e3o de Jacar\u00e9.<\/p>\n<p>Buscando a luta em p\u00e9 no segundo round, Gastelum tomou conta do combate chegando a acertar um knockdown no brasileiro e acabou vencendo na decis\u00e3o dividida dos ju\u00edzes laterais.<\/p>\n<p>A vit\u00f3ria colocou o americano muito pr\u00f3ximo de ser o pr\u00f3ximo desafiante ao cintur\u00e3o peso m\u00e9dio.<\/p>\n<figure id=\"attachment_22219\" aria-describedby=\"caption-attachment-22219\" style=\"width: 640px\" class=\"wp-caption alignleft\"><a href=\"https:\/\/blogs.gazetaesportiva.com\/planeta-octogono\/files\/2018\/05\/kgastelum_1778203145518104278.png\"><img loading=\"lazy\" decoding=\"async\" class=\"size-large wp-image-22219\" src=\"https:\/\/blogs.gazetaesportiva.com\/planeta-octogono\/files\/2018\/05\/kgastelum_1778203145518104278-1024x1024.png\" alt=\"\" width=\"640\" height=\"640\" srcset=\"https:\/\/blogs.gazetaesportiva.com\/planeta-octogono\/files\/2018\/05\/kgastelum_1778203145518104278-1024x1024.png 1024w, https:\/\/blogs.gazetaesportiva.com\/planeta-octogono\/files\/2018\/05\/kgastelum_1778203145518104278-150x150.png 150w, https:\/\/blogs.gazetaesportiva.com\/planeta-octogono\/files\/2018\/05\/kgastelum_1778203145518104278-300x300.png 300w, https:\/\/blogs.gazetaesportiva.com\/planeta-octogono\/files\/2018\/05\/kgastelum_1778203145518104278-768x768.png 768w, https:\/\/blogs.gazetaesportiva.com\/planeta-octogono\/files\/2018\/05\/kgastelum_1778203145518104278.png 1080w\" sizes=\"auto, (max-width: 640px) 100vw, 640px\" \/><\/a><figcaption id=\"caption-attachment-22219\" class=\"wp-caption-text\">Kelvin Gastelum encontra Ronaldo Jacar\u00e9 ap\u00f3s vit\u00f3ria no UFC Rio &#8211; Reprodu\u00e7\u00e3o Instagram<\/figcaption><\/figure>\n<p>Quem tamb\u00e9m venceu foram os lutadores Elizeu Capoeira, Cezar Mutante, Davi Ramos, John Lineker, Markus Perez e Warlley Alves.<\/p>\n<p>O UFC retorna no dia 19 de maio com a primeira edi\u00e7\u00e3o em Santiago, no Chile.<\/p>\n","protected":false},"excerpt":{"rendered":"<p>O Brasil continua mantendo dois cintur\u00f5es em casa. Na atra\u00e7\u00e3o principal do UFC 224, no Rio de Janeiro neste \u00faltimo s\u00e1bado, Amanda Nunes colocou seu <a class=\"read-more\" href=\"https:\/\/blogs.gazetaesportiva.com\/planeta-octogono\/2018\/05\/13\/amanda-nunes-domina-pennington-e-mantem-titulo-do-ufc-no-rio\/\">leia mais<\/a><\/p>\n","protected":false},"author":33,"featured_media":22218,"comment_status":"open","ping_status":"open","sticky":false,"template":"","format":"standard","meta":{"jetpack_post_was_ever_published":false,"_jetpack_newsletter_access":"","_jetpack_dont_email_post_to_subs":false,"_jetpack_newsletter_tier_id":0,"_jetpack_memberships_contains_paywalled_content":false,"_jetpack_memberships_contains_paid_content":false,"footnotes":"","jetpack_publicize_message":"","jetpack_publicize_feature_enabled":true,"jetpack_social_post_already_shared":true,"jetpack_social_options":{"image_generator_settings":{"template":"highway","default_image_id":0,"font":"","enabled":false},"version":2}},"categories":[1],"tags":[312,1205,387,1606,729],"class_list":["post-22217","post","type-post","status-publish","format-standard","has-post-thumbnail","hentry","category-principal","tag-amanda-nunes","tag-kelvin-gastelum","tag-ronaldo-jacare","tag-ufc-224","tag-ufc-rio"],"jetpack_publicize_connections":[],"jetpack_featured_media_url":"https:\/\/blogs.gazetaesportiva.com\/planeta-octogono\/files\/2018\/05\/IMG_20180513_194347.jpg","jetpack_sharing_enabled":true,"jetpack_shortlink":"https:\/\/wp.me\/p6rqUQ-5Ml","_links":{"self":[{"href":"https:\/\/blogs.gazetaesportiva.com\/planeta-octogono\/wp-json\/wp\/v2\/posts\/22217","targetHints":{"allow":["GET"]}}],"collection":[{"href":"https:\/\/blogs.gazetaesportiva.com\/planeta-octogono\/wp-json\/wp\/v2\/posts"}],"about":[{"href":"https:\/\/blogs.gazetaesportiva.com\/planeta-octogono\/wp-json\/wp\/v2\/types\/post"}],"author":[{"embeddable":true,"href":"https:\/\/blogs.gazetaesportiva.com\/planeta-octogono\/wp-json\/wp\/v2\/users\/33"}],"replies":[{"embeddable":true,"href":"https:\/\/blogs.gazetaesportiva.com\/planeta-octogono\/wp-json\/wp\/v2\/comments?post=22217"}],"version-history":[{"count":0,"href":"https:\/\/blogs.gazetaesportiva.com\/planeta-octogono\/wp-json\/wp\/v2\/posts\/22217\/revisions"}],"wp:featuredmedia":[{"embeddable":true,"href":"https:\/\/blogs.gazetaesportiva.com\/planeta-octogono\/wp-json\/wp\/v2\/media\/22218"}],"wp:attachment":[{"href":"https:\/\/blogs.gazetaesportiva.com\/planeta-octogono\/wp-json\/wp\/v2\/media?parent=22217"}],"wp:term":[{"taxonomy":"category","embeddable":true,"href":"https:\/\/blogs.gazetaesportiva.com\/planeta-octogono\/wp-json\/wp\/v2\/categories?post=22217"},{"taxonomy":"post_tag","embeddable":true,"href":"https:\/\/blogs.gazetaesportiva.com\/planeta-octogono\/wp-json\/wp\/v2\/tags?post=22217"}],"curies":[{"name":"wp","href":"https:\/\/api.w.org\/{rel}","templated":true}]}}