{"id":22173,"date":"2018-04-18T05:45:03","date_gmt":"2018-04-18T08:45:03","guid":{"rendered":"https:\/\/blogs.gazetaesportiva.com\/planeta-octogono\/?p=22173"},"modified":"2018-04-18T05:45:03","modified_gmt":"2018-04-18T08:45:03","slug":"apos-nocaute-no-ufc-durinho-mira-tops-e-detona-mcgregor-esta-sem-limites","status":"publish","type":"post","link":"https:\/\/blogs.gazetaesportiva.com\/planeta-octogono\/2018\/04\/18\/apos-nocaute-no-ufc-durinho-mira-tops-e-detona-mcgregor-esta-sem-limites\/","title":{"rendered":"Ap\u00f3s nocaute no UFC, Durinho mira tops e detona McGregor: &#8220;Est\u00e1 sem limites!&#8221;"},"content":{"rendered":"<figure id=\"attachment_22171\" aria-describedby=\"caption-attachment-22171\" style=\"width: 907px\" class=\"wp-caption aligncenter\"><a href=\"https:\/\/blogs.gazetaesportiva.com\/planeta-octogono\/files\/2018\/04\/ufc_brasil_1757607914396618255.png\"><img loading=\"lazy\" decoding=\"async\" class=\"size-full wp-image-22171\" src=\"https:\/\/blogs.gazetaesportiva.com\/planeta-octogono\/files\/2018\/04\/ufc_brasil_1757607914396618255.png\" alt=\"\" width=\"907\" height=\"907\" srcset=\"https:\/\/blogs.gazetaesportiva.com\/planeta-octogono\/files\/2018\/04\/ufc_brasil_1757607914396618255.png 907w, https:\/\/blogs.gazetaesportiva.com\/planeta-octogono\/files\/2018\/04\/ufc_brasil_1757607914396618255-150x150.png 150w, https:\/\/blogs.gazetaesportiva.com\/planeta-octogono\/files\/2018\/04\/ufc_brasil_1757607914396618255-300x300.png 300w, https:\/\/blogs.gazetaesportiva.com\/planeta-octogono\/files\/2018\/04\/ufc_brasil_1757607914396618255-768x768.png 768w\" sizes=\"auto, (max-width: 907px) 100vw, 907px\" \/><\/a><figcaption id=\"caption-attachment-22171\" class=\"wp-caption-text\">Gilbert Durinho vibra com nocaute no UFC &#8211; Divulga\u00e7\u00e3o<\/figcaption><\/figure>\n<p>Nesta semana, conversamos com o lutador Gilbert Burns, mais conhecido como &#8220;Durinho&#8221; pelos f\u00e3s do MMA.<\/p>\n<p><iframe loading=\"lazy\" title=\"Gilbert Durinho Burns BJJ Highlights [HELLO JAPAN]\" width=\"640\" height=\"360\" src=\"https:\/\/www.youtube.com\/embed\/Bt-yCkD5pq4?feature=oembed\" frameborder=\"0\" allow=\"accelerometer; autoplay; clipboard-write; encrypted-media; gyroscope; picture-in-picture; web-share\" referrerpolicy=\"strict-origin-when-cross-origin\" allowfullscreen><\/iframe><\/p>\n<p>Sempre lembrado por sua qualidade na luta de solo e por durante muito tempo ter sido parceiro de treinos do \u00eddolo, Vitor Belfort, o lutador mostrou sua qualidade e chamou a aten\u00e7\u00e3o do p\u00fablico com um grande nocaute no UFC Glendale, no \u00faltimo fim de semana.<\/p>\n<p>https:\/\/www.instagram.com\/p\/Bhl1Ao8nLjq\/<\/p>\n<p>Abordando diversos assuntos, o lutador mostrou seu desejo de chegar ao topo da categoria peso leve, uma das mais competitivas do UFC e tamb\u00e9m sobre outros assuntos, um deles, sua opini\u00e3o acerca do incidente ocorrido com Conor McGregor, que atacou o \u00f4nibus de atletas da organiza\u00e7\u00e3o no UFC 223.<\/p>\n<p>Sem ficar em cima do muro, Durinho mostrou sua opini\u00e3o sobre o assunto e tamb\u00e9m analisou o esperado duelo entre seu amigo Vitor Belfort contra outro \u00eddolo brasileiro no UFC, Lyoto Machida, que acontece no dia 12 de maio.<\/p>\n<div><em><strong>A vit\u00f3ria no UFC Glendale<\/strong><\/em> &#8211; <em>A minha ficha j\u00e1 caiu, j\u00e1 voltei \u00e0 fisioterapia e j\u00e1 quero lutar novamente. Me sinto \u00f3timo, confiante, e quero chegar no topo da divis\u00e3o. Sei que tenho condi\u00e7\u00f5es para isso.<\/em><\/div>\n<div><\/div>\n<div><strong><em>Os desafios do corte de peso<\/em><\/strong> &#8211; <em>O esporte est\u00e1 mudando, por isso a perda de peso tem ficado muito perigosa. Temos que nos adequar ao que tem hoje. Estou me adaptando para n\u00e3o passar mais por isso, mas acho que \u00e9 geral. Todo mundo est\u00e1 se adaptando.\u00a0<\/em><\/div>\n<div><\/div>\n<div><em><strong>Pr\u00f3ximo desafio no UFC<\/strong><\/em> &#8211; <em>Quero casar essa luta contra o (Olivier) Mercier, mas n\u00e3o estou parado. Quero um cara que me d\u00ea a possibilidade de chegar ao top 15, venc\u00ea-lo para seguir crescendo na categoria. \u00c9 isso que quero no momento.<\/em><\/div>\n<div><\/div>\n<div><strong><em>Belfort vs Lyoto no Rio<\/em> <\/strong>&#8211; <em>\u00c9 uma luta complicada, os dois n\u00e3o vivem bons momentos, mas ser\u00e1 legal. S\u00e3o dois canhotos de grandes habilidades. Talvez essa luta pode ir para o ch\u00e3o, e a\u00ed quem cair por cima ter\u00e1 muita vantagem. \u00c9 luta dura para os dois, estarei l\u00e1 para assistir.\u00a0<\/em><\/div>\n<div><\/div>\n<div>\n<figure id=\"attachment_16745\" aria-describedby=\"caption-attachment-16745\" style=\"width: 695px\" class=\"wp-caption aligncenter\"><a href=\"https:\/\/blogs.gazetaesportiva.com\/planeta-octogono\/files\/2015\/03\/PSX_20150322_141222.jpg\"><img loading=\"lazy\" decoding=\"async\" class=\"size-full wp-image-16745\" src=\"https:\/\/blogs.gazetaesportiva.com\/planeta-octogono\/files\/2015\/03\/PSX_20150322_141222.jpg\" alt=\"\" width=\"695\" height=\"462\" \/><\/a><figcaption id=\"caption-attachment-16745\" class=\"wp-caption-text\">Durinho analisa luta de amigo Belfort no UFC Rio &#8211; William Lucas\/Inovafoto<\/figcaption><\/figure>\n<\/div>\n<div><\/div>\n<div><strong><em>O incidente envolvendo McGregor<\/em><\/strong> &#8211; <em>O Conor est\u00e1 com muita grana, e tamb\u00e9m sem limites. Amizades influenciam muito nesse momento, ele tem muito pela-saco em volta. Ele paga a conta, ent\u00e3o tudo o que ele fala os caras ficam rindo, todo mundo bate palma. Quando voc\u00ea chega nesse patamar, \u00e9 dif\u00edcil controlar.\u00a0<\/em><\/div>\n<div><\/div>\n<div><em>Ele tem que se cercar de pessoas boas, que mostrem o melhor caminho para ele. Ele tem que ser punido pela justi\u00e7a, isso \u00e9 o principal. E que ele ponha a cabe\u00e7a no lugar e volte a ser aquele cara que veio de baixo e conquistou grandes vit\u00f3rias.<\/em><\/div>\n<div><\/div>\n<div>\n<figure id=\"attachment_22152\" aria-describedby=\"caption-attachment-22152\" style=\"width: 1080px\" class=\"wp-caption aligncenter\"><a href=\"https:\/\/blogs.gazetaesportiva.com\/planeta-octogono\/files\/2018\/04\/IMG_20180407_000244_855.jpg\"><img loading=\"lazy\" decoding=\"async\" class=\"size-full wp-image-22152\" src=\"https:\/\/blogs.gazetaesportiva.com\/planeta-octogono\/files\/2018\/04\/IMG_20180407_000244_855.jpg\" alt=\"\" width=\"1080\" height=\"1080\" srcset=\"https:\/\/blogs.gazetaesportiva.com\/planeta-octogono\/files\/2018\/04\/IMG_20180407_000244_855.jpg 1080w, https:\/\/blogs.gazetaesportiva.com\/planeta-octogono\/files\/2018\/04\/IMG_20180407_000244_855-150x150.jpg 150w, https:\/\/blogs.gazetaesportiva.com\/planeta-octogono\/files\/2018\/04\/IMG_20180407_000244_855-300x300.jpg 300w, https:\/\/blogs.gazetaesportiva.com\/planeta-octogono\/files\/2018\/04\/IMG_20180407_000244_855-768x768.jpg 768w, https:\/\/blogs.gazetaesportiva.com\/planeta-octogono\/files\/2018\/04\/IMG_20180407_000244_855-1024x1024.jpg 1024w\" sizes=\"auto, (max-width: 1080px) 100vw, 1080px\" \/><\/a><figcaption id=\"caption-attachment-22152\" class=\"wp-caption-text\">Lutador n\u00e3o poupou cr\u00edticas a postura de McGregor &#8211; Reprodu\u00e7\u00e3o Twitter<\/figcaption><\/figure>\n<\/div>\n<div><\/div>\n<div><strong><em>Futuro no peso leve<\/em><\/strong> &#8211; <em>A categoria \u00e9 lotada de cara duro. O top 15 est\u00e1 sempre mudando, chegando gente dura. Rotatividade muito grande. Daqui a pouco estarei l\u00e1, e n\u00e3o vou sair mais de l\u00e1. Quero chegar at\u00e9 uma disputa de cintur\u00e3o, e para isso estou trabalhando muito.\u00a0<\/em><\/div>\n<div><\/div>\n<div>\n<figure id=\"attachment_22174\" aria-describedby=\"caption-attachment-22174\" style=\"width: 2000px\" class=\"wp-caption aligncenter\"><a href=\"https:\/\/blogs.gazetaesportiva.com\/planeta-octogono\/files\/2018\/04\/29873267_2527498033931460_2026610156712196884_o.jpg\"><img loading=\"lazy\" decoding=\"async\" class=\"size-full wp-image-22174\" src=\"https:\/\/blogs.gazetaesportiva.com\/planeta-octogono\/files\/2018\/04\/29873267_2527498033931460_2026610156712196884_o.jpg\" alt=\"\" width=\"2000\" height=\"1333\" srcset=\"https:\/\/blogs.gazetaesportiva.com\/planeta-octogono\/files\/2018\/04\/29873267_2527498033931460_2026610156712196884_o.jpg 2000w, https:\/\/blogs.gazetaesportiva.com\/planeta-octogono\/files\/2018\/04\/29873267_2527498033931460_2026610156712196884_o-300x200.jpg 300w, https:\/\/blogs.gazetaesportiva.com\/planeta-octogono\/files\/2018\/04\/29873267_2527498033931460_2026610156712196884_o-768x512.jpg 768w, https:\/\/blogs.gazetaesportiva.com\/planeta-octogono\/files\/2018\/04\/29873267_2527498033931460_2026610156712196884_o-1024x682.jpg 1024w, https:\/\/blogs.gazetaesportiva.com\/planeta-octogono\/files\/2018\/04\/29873267_2527498033931460_2026610156712196884_o-120x80.jpg 120w\" sizes=\"auto, (max-width: 2000px) 100vw, 2000px\" \/><\/a><figcaption id=\"caption-attachment-22174\" class=\"wp-caption-text\">Gilbert Durinho mira o topo do UFC, mas passo a passo &#8211; Divulga\u00e7\u00e3o<\/figcaption><\/figure>\n<\/div>\n","protected":false},"excerpt":{"rendered":"<p>Nesta semana, conversamos com o lutador Gilbert Burns, mais conhecido como &#8220;Durinho&#8221; pelos f\u00e3s do MMA. Sempre lembrado por sua qualidade na luta de solo <a class=\"read-more\" href=\"https:\/\/blogs.gazetaesportiva.com\/planeta-octogono\/2018\/04\/18\/apos-nocaute-no-ufc-durinho-mira-tops-e-detona-mcgregor-esta-sem-limites\/\">leia mais<\/a><\/p>\n","protected":false},"author":33,"featured_media":22171,"comment_status":"open","ping_status":"open","sticky":false,"template":"","format":"standard","meta":{"jetpack_post_was_ever_published":false,"_jetpack_newsletter_access":"","_jetpack_dont_email_post_to_subs":false,"_jetpack_newsletter_tier_id":0,"_jetpack_memberships_contains_paywalled_content":false,"_jetpack_memberships_contains_paid_content":false,"footnotes":"","jetpack_publicize_message":"","jetpack_publicize_feature_enabled":true,"jetpack_social_post_already_shared":true,"jetpack_social_options":{"image_generator_settings":{"template":"highway","default_image_id":0,"font":"","enabled":false},"version":2}},"categories":[3],"tags":[614,675,277,1594,1593,47],"class_list":["post-22173","post","type-post","status-publish","format-standard","has-post-thumbnail","hentry","category-bate-papo","tag-conor-mcgregor","tag-gilbert-durinho","tag-lyoto-machida","tag-olivier-aubin-mercier","tag-ufc-glendale","tag-vitor-belfort"],"jetpack_publicize_connections":[],"jetpack_featured_media_url":"https:\/\/blogs.gazetaesportiva.com\/planeta-octogono\/files\/2018\/04\/ufc_brasil_1757607914396618255.png","jetpack_sharing_enabled":true,"jetpack_shortlink":"https:\/\/wp.me\/p6rqUQ-5LD","_links":{"self":[{"href":"https:\/\/blogs.gazetaesportiva.com\/planeta-octogono\/wp-json\/wp\/v2\/posts\/22173","targetHints":{"allow":["GET"]}}],"collection":[{"href":"https:\/\/blogs.gazetaesportiva.com\/planeta-octogono\/wp-json\/wp\/v2\/posts"}],"about":[{"href":"https:\/\/blogs.gazetaesportiva.com\/planeta-octogono\/wp-json\/wp\/v2\/types\/post"}],"author":[{"embeddable":true,"href":"https:\/\/blogs.gazetaesportiva.com\/planeta-octogono\/wp-json\/wp\/v2\/users\/33"}],"replies":[{"embeddable":true,"href":"https:\/\/blogs.gazetaesportiva.com\/planeta-octogono\/wp-json\/wp\/v2\/comments?post=22173"}],"version-history":[{"count":0,"href":"https:\/\/blogs.gazetaesportiva.com\/planeta-octogono\/wp-json\/wp\/v2\/posts\/22173\/revisions"}],"wp:featuredmedia":[{"embeddable":true,"href":"https:\/\/blogs.gazetaesportiva.com\/planeta-octogono\/wp-json\/wp\/v2\/media\/22171"}],"wp:attachment":[{"href":"https:\/\/blogs.gazetaesportiva.com\/planeta-octogono\/wp-json\/wp\/v2\/media?parent=22173"}],"wp:term":[{"taxonomy":"category","embeddable":true,"href":"https:\/\/blogs.gazetaesportiva.com\/planeta-octogono\/wp-json\/wp\/v2\/categories?post=22173"},{"taxonomy":"post_tag","embeddable":true,"href":"https:\/\/blogs.gazetaesportiva.com\/planeta-octogono\/wp-json\/wp\/v2\/tags?post=22173"}],"curies":[{"name":"wp","href":"https:\/\/api.w.org\/{rel}","templated":true}]}}