{"id":22107,"date":"2018-01-13T15:38:26","date_gmt":"2018-01-13T17:38:26","guid":{"rendered":"https:\/\/blogs.gazetaesportiva.com\/planeta-octogono\/?p=22107"},"modified":"2018-01-13T15:42:16","modified_gmt":"2018-01-13T17:42:16","slug":"luta-final-de-vitor-belfort-no-ufc-e-cancelada","status":"publish","type":"post","link":"https:\/\/blogs.gazetaesportiva.com\/planeta-octogono\/2018\/01\/13\/luta-final-de-vitor-belfort-no-ufc-e-cancelada\/","title":{"rendered":"Luta final de Vitor Belfort no UFC \u00e9 cancelada"},"content":{"rendered":"<figure id=\"attachment_21932\" aria-describedby=\"caption-attachment-21932\" style=\"width: 1024px\" class=\"wp-caption aligncenter\"><a href=\"https:\/\/blogs.gazetaesportiva.com\/planeta-octogono\/files\/2017\/06\/hdr_1496552392096.jpg\"><img loading=\"lazy\" decoding=\"async\" class=\"size-full wp-image-21932\" src=\"https:\/\/blogs.gazetaesportiva.com\/planeta-octogono\/files\/2017\/06\/hdr_1496552392096.jpg\" alt=\"\" width=\"1024\" height=\"683\" srcset=\"https:\/\/blogs.gazetaesportiva.com\/planeta-octogono\/files\/2017\/06\/hdr_1496552392096.jpg 1024w, https:\/\/blogs.gazetaesportiva.com\/planeta-octogono\/files\/2017\/06\/hdr_1496552392096-300x200.jpg 300w, https:\/\/blogs.gazetaesportiva.com\/planeta-octogono\/files\/2017\/06\/hdr_1496552392096-768x512.jpg 768w, https:\/\/blogs.gazetaesportiva.com\/planeta-octogono\/files\/2017\/06\/hdr_1496552392096-120x80.jpg 120w\" sizes=\"auto, (max-width: 1024px) 100vw, 1024px\" \/><\/a><figcaption id=\"caption-attachment-21932\" class=\"wp-caption-text\">Belfort tem luta cancelada no UFC &#8211; Divulga\u00e7\u00e3o<\/figcaption><\/figure>\n<p>A despedida de Vitor Belfort no UFC vai ter que esperar.<\/p>\n<p>O duelo entre o lutador carioca contra o americano Uriah Hall foi cancelado pelo UFC neste s\u00e1bado.<\/p>\n<p>Sem oficializar o motivo, o lutador americano n\u00e3o se apresentou na pesagem oficial do evento, que aconteceu na manh\u00e3 deste s\u00e1bado, em St.Louis, nos Estados Unidos e a organiza\u00e7\u00e3o anunciou o cancelamento do duelo para a imprensa.<\/p>\n<p>Rumores indicam que Hall teve problemas no corte de peso, motivo este que teria for\u00e7ado o lutador a desistir da luta com Belfort neste final de semana.<\/p>\n<p>Segundo o jornalista americano, John Morgan do site MMA Junkie, Hall teria tido complica\u00e7\u00f5es m\u00e9dicas, impedindo o atleta de lutar contra Vitor neste domingo.<\/p>\n<figure id=\"attachment_13359\" aria-describedby=\"caption-attachment-13359\" style=\"width: 1500px\" class=\"wp-caption aligncenter\"><a href=\"https:\/\/blogs.gazetaesportiva.com\/planeta-octogono\/files\/2014\/07\/10532397_10152505203376276_835427602244927655_o.jpg\"><img loading=\"lazy\" decoding=\"async\" class=\"size-full wp-image-13359\" src=\"https:\/\/blogs.gazetaesportiva.com\/planeta-octogono\/files\/2014\/07\/10532397_10152505203376276_835427602244927655_o.jpg\" alt=\"\" width=\"1500\" height=\"1000\" \/><\/a><figcaption id=\"caption-attachment-13359\" class=\"wp-caption-text\">Uriah Hall deixa duelo contra Belfort &#8211; Divulga\u00e7\u00e3o UFC<\/figcaption><\/figure>\n<p>&nbsp;<\/p>\n<p>&nbsp;<\/p>\n","protected":false},"excerpt":{"rendered":"<p>A despedida de Vitor Belfort no UFC vai ter que esperar. O duelo entre o lutador carioca contra o americano Uriah Hall foi cancelado pelo <a class=\"read-more\" href=\"https:\/\/blogs.gazetaesportiva.com\/planeta-octogono\/2018\/01\/13\/luta-final-de-vitor-belfort-no-ufc-e-cancelada\/\">leia mais<\/a><\/p>\n","protected":false},"author":33,"featured_media":21932,"comment_status":"open","ping_status":"open","sticky":false,"template":"","format":"standard","meta":{"jetpack_post_was_ever_published":false,"_jetpack_newsletter_access":"","_jetpack_dont_email_post_to_subs":false,"_jetpack_newsletter_tier_id":0,"_jetpack_memberships_contains_paywalled_content":false,"_jetpack_memberships_contains_paid_content":false,"footnotes":"","jetpack_publicize_message":"","jetpack_publicize_feature_enabled":true,"jetpack_social_post_already_shared":true,"jetpack_social_options":{"image_generator_settings":{"template":"highway","default_image_id":0,"font":"","enabled":false},"version":2}},"categories":[1],"tags":[41,1093,47],"class_list":["post-22107","post","type-post","status-publish","format-standard","has-post-thumbnail","hentry","category-principal","tag-ufc","tag-uriah-hall","tag-vitor-belfort"],"jetpack_publicize_connections":[],"jetpack_featured_media_url":"https:\/\/blogs.gazetaesportiva.com\/planeta-octogono\/files\/2017\/06\/hdr_1496552392096.jpg","jetpack_sharing_enabled":true,"jetpack_shortlink":"https:\/\/wp.me\/p6rqUQ-5Kz","_links":{"self":[{"href":"https:\/\/blogs.gazetaesportiva.com\/planeta-octogono\/wp-json\/wp\/v2\/posts\/22107","targetHints":{"allow":["GET"]}}],"collection":[{"href":"https:\/\/blogs.gazetaesportiva.com\/planeta-octogono\/wp-json\/wp\/v2\/posts"}],"about":[{"href":"https:\/\/blogs.gazetaesportiva.com\/planeta-octogono\/wp-json\/wp\/v2\/types\/post"}],"author":[{"embeddable":true,"href":"https:\/\/blogs.gazetaesportiva.com\/planeta-octogono\/wp-json\/wp\/v2\/users\/33"}],"replies":[{"embeddable":true,"href":"https:\/\/blogs.gazetaesportiva.com\/planeta-octogono\/wp-json\/wp\/v2\/comments?post=22107"}],"version-history":[{"count":0,"href":"https:\/\/blogs.gazetaesportiva.com\/planeta-octogono\/wp-json\/wp\/v2\/posts\/22107\/revisions"}],"wp:featuredmedia":[{"embeddable":true,"href":"https:\/\/blogs.gazetaesportiva.com\/planeta-octogono\/wp-json\/wp\/v2\/media\/21932"}],"wp:attachment":[{"href":"https:\/\/blogs.gazetaesportiva.com\/planeta-octogono\/wp-json\/wp\/v2\/media?parent=22107"}],"wp:term":[{"taxonomy":"category","embeddable":true,"href":"https:\/\/blogs.gazetaesportiva.com\/planeta-octogono\/wp-json\/wp\/v2\/categories?post=22107"},{"taxonomy":"post_tag","embeddable":true,"href":"https:\/\/blogs.gazetaesportiva.com\/planeta-octogono\/wp-json\/wp\/v2\/tags?post=22107"}],"curies":[{"name":"wp","href":"https:\/\/api.w.org\/{rel}","templated":true}]}}