{"id":22106,"date":"2018-01-11T12:07:52","date_gmt":"2018-01-11T14:07:52","guid":{"rendered":"https:\/\/blogs.gazetaesportiva.com\/planeta-octogono\/?p=22106"},"modified":"2018-01-11T12:07:52","modified_gmt":"2018-01-11T14:07:52","slug":"vitor-belfort-revela-que-vai-se-aposentar-apos-ultima-luta-no-ufc","status":"publish","type":"post","link":"https:\/\/blogs.gazetaesportiva.com\/planeta-octogono\/2018\/01\/11\/vitor-belfort-revela-que-vai-se-aposentar-apos-ultima-luta-no-ufc\/","title":{"rendered":"Vitor Belfort revela que vai se aposentar ap\u00f3s \u00faltima luta no UFC"},"content":{"rendered":"<figure id=\"attachment_21157\" aria-describedby=\"caption-attachment-21157\" style=\"width: 1176px\" class=\"wp-caption aligncenter\"><a href=\"https:\/\/blogs.gazetaesportiva.com\/planeta-octogono\/files\/2016\/03\/hdr_1459436892063.jpg\"><img loading=\"lazy\" decoding=\"async\" class=\"size-full wp-image-21157\" src=\"https:\/\/blogs.gazetaesportiva.com\/planeta-octogono\/files\/2016\/03\/hdr_1459436892063.jpg\" alt=\"\" width=\"1176\" height=\"783\" srcset=\"https:\/\/blogs.gazetaesportiva.com\/planeta-octogono\/files\/2016\/03\/hdr_1459436892063.jpg 1176w, https:\/\/blogs.gazetaesportiva.com\/planeta-octogono\/files\/2016\/03\/hdr_1459436892063-300x200.jpg 300w, https:\/\/blogs.gazetaesportiva.com\/planeta-octogono\/files\/2016\/03\/hdr_1459436892063-768x511.jpg 768w, https:\/\/blogs.gazetaesportiva.com\/planeta-octogono\/files\/2016\/03\/hdr_1459436892063-1024x682.jpg 1024w, https:\/\/blogs.gazetaesportiva.com\/planeta-octogono\/files\/2016\/03\/hdr_1459436892063-120x80.jpg 120w\" sizes=\"auto, (max-width: 1176px) 100vw, 1176px\" \/><\/a><figcaption id=\"caption-attachment-21157\" class=\"wp-caption-text\">Belfort anuncia que vai se aposentar do MMA neste pr\u00f3ximo s\u00e1bado, ap\u00f3s \u00faltima luta no UFC &#8211; Alexandre Loureiro\/Inovafoto<\/figcaption><\/figure>\n<p>Uma das maiores lendas do MMA brasileiro est\u00e1 deixando o esporte.<\/p>\n<p>Cumprindo seu \u00faltimo compromisso como lutador do UFC, j\u00e1 que seu contrato se encerra neste final de semana, o carioca Vitor Belfort revelou que est\u00e1 se aposentando do MMA.<\/p>\n<p>Em entrevista ao podcast do UFC, Vitor explicou os motivos que est\u00e3o o convencendo a deixar o MMA, como competidor.<\/p>\n<p>&#8220;<em>Esta \u00e9 minha luta de aposentadoria. Sou muito agradecido mas meu corpo precisa de descanso. Tenho outras coisas para cuidar, neg\u00f3cios que estamos fazendo sendo que um deles \u00e9 um sistema de treinos voltado para o formato de franquias.\u00a0<\/em><\/p>\n<p><em>Eu apenas estou deixando de ajudar o esporte desta maneira (como atleta) mas estarei ajudando de outra forma, fazendo outras coisas. Temos que saber a hora de come\u00e7ar e tamb\u00e9m de parar e acho que chegou a hora<\/em>.&#8221; disse o ex campe\u00e3o meio pesado do Ultimate que explicou seus novos desafios ap\u00f3s o duelo contra o americano Uriah Hall, em St. Louis, neste pr\u00f3ximo s\u00e1bado.<\/p>\n<p>&#8220;<em>Estou deixando o esporte aonde caras da minha era nunca esperavam ser t\u00e3o relevantes lutando. Estou deixando esta que \u00e9 minha primeira jornada para come\u00e7ar uma segunda e ap\u00f3s fazer tantas coisas boas (pelo esporte) estou feliz por iniciar esta segunda jornada.<\/em>&#8221; comentou o lutador.<\/p>\n<p>Um dos pilares do MMA brasileiro, Belfort foi um nome conhecido do esporte no Brasil com a vinda do UFC ao pa\u00eds.<\/p>\n<p>O lutador se despede com cerca de 40 lutas na carreira, al\u00e9m de um t\u00edtulo do UFC na categoria meio pesado e sendo vencedor do torneio peso pesado do Ultimate em seus prim\u00f3rdios, quando a organiza\u00e7\u00e3o n\u00e3o estava sob administra\u00e7\u00e3o de Dana White.<\/p>\n<p>Belfort tamb\u00e9m teve participa\u00e7\u00e3o em eventos como o extinto PRIDE, no Jap\u00e3o, al\u00e9m do Strikeforce, Affliction nos Estados Unidos al\u00e9m do Cage Rage, na Inglaterra e teve seu nome reconhecido ap\u00f3s o duelo com Anderson Silva no UFC 126 que \u00e9 considerado pelos f\u00e3s, um dos momentos mais importantes do esporte no Brasil.<\/p>\n<figure id=\"attachment_19693\" aria-describedby=\"caption-attachment-19693\" style=\"width: 800px\" class=\"wp-caption aligncenter\"><a href=\"https:\/\/blogs.gazetaesportiva.com\/planeta-octogono\/files\/2015\/11\/12211141_1154045007956746_326597770_o.jpg\"><img loading=\"lazy\" decoding=\"async\" class=\"size-full wp-image-19693\" src=\"https:\/\/blogs.gazetaesportiva.com\/planeta-octogono\/files\/2015\/11\/12211141_1154045007956746_326597770_o.jpg\" alt=\"\" width=\"800\" height=\"522\" srcset=\"https:\/\/blogs.gazetaesportiva.com\/planeta-octogono\/files\/2015\/11\/12211141_1154045007956746_326597770_o.jpg 800w, https:\/\/blogs.gazetaesportiva.com\/planeta-octogono\/files\/2015\/11\/12211141_1154045007956746_326597770_o-300x196.jpg 300w\" sizes=\"auto, (max-width: 800px) 100vw, 800px\" \/><\/a><figcaption id=\"caption-attachment-19693\" class=\"wp-caption-text\">A \u00faltima vit\u00f3ria de Belfort faz luta de despedida do MMA neste s\u00e1bado &#8211; Ana Carolina\/Gazeta Press<\/figcaption><\/figure>\n","protected":false},"excerpt":{"rendered":"<p>Uma das maiores lendas do MMA brasileiro est\u00e1 deixando o esporte. Cumprindo seu \u00faltimo compromisso como lutador do UFC, j\u00e1 que seu contrato se encerra <a class=\"read-more\" href=\"https:\/\/blogs.gazetaesportiva.com\/planeta-octogono\/2018\/01\/11\/vitor-belfort-revela-que-vai-se-aposentar-apos-ultima-luta-no-ufc\/\">leia mais<\/a><\/p>\n","protected":false},"author":33,"featured_media":21157,"comment_status":"open","ping_status":"open","sticky":false,"template":"","format":"standard","meta":{"jetpack_post_was_ever_published":false,"_jetpack_newsletter_access":"","_jetpack_dont_email_post_to_subs":false,"_jetpack_newsletter_tier_id":0,"_jetpack_memberships_contains_paywalled_content":false,"_jetpack_memberships_contains_paid_content":false,"footnotes":"","jetpack_publicize_message":"","jetpack_publicize_feature_enabled":true,"jetpack_social_post_already_shared":true,"jetpack_social_options":{"image_generator_settings":{"template":"highway","default_image_id":0,"font":"","enabled":false},"version":2}},"categories":[1],"tags":[22,41,1093,47],"class_list":["post-22106","post","type-post","status-publish","format-standard","has-post-thumbnail","hentry","category-principal","tag-anderson-silva","tag-ufc","tag-uriah-hall","tag-vitor-belfort"],"jetpack_publicize_connections":[],"jetpack_featured_media_url":"https:\/\/blogs.gazetaesportiva.com\/planeta-octogono\/files\/2016\/03\/hdr_1459436892063.jpg","jetpack_sharing_enabled":true,"jetpack_shortlink":"https:\/\/wp.me\/p6rqUQ-5Ky","_links":{"self":[{"href":"https:\/\/blogs.gazetaesportiva.com\/planeta-octogono\/wp-json\/wp\/v2\/posts\/22106","targetHints":{"allow":["GET"]}}],"collection":[{"href":"https:\/\/blogs.gazetaesportiva.com\/planeta-octogono\/wp-json\/wp\/v2\/posts"}],"about":[{"href":"https:\/\/blogs.gazetaesportiva.com\/planeta-octogono\/wp-json\/wp\/v2\/types\/post"}],"author":[{"embeddable":true,"href":"https:\/\/blogs.gazetaesportiva.com\/planeta-octogono\/wp-json\/wp\/v2\/users\/33"}],"replies":[{"embeddable":true,"href":"https:\/\/blogs.gazetaesportiva.com\/planeta-octogono\/wp-json\/wp\/v2\/comments?post=22106"}],"version-history":[{"count":0,"href":"https:\/\/blogs.gazetaesportiva.com\/planeta-octogono\/wp-json\/wp\/v2\/posts\/22106\/revisions"}],"wp:featuredmedia":[{"embeddable":true,"href":"https:\/\/blogs.gazetaesportiva.com\/planeta-octogono\/wp-json\/wp\/v2\/media\/21157"}],"wp:attachment":[{"href":"https:\/\/blogs.gazetaesportiva.com\/planeta-octogono\/wp-json\/wp\/v2\/media?parent=22106"}],"wp:term":[{"taxonomy":"category","embeddable":true,"href":"https:\/\/blogs.gazetaesportiva.com\/planeta-octogono\/wp-json\/wp\/v2\/categories?post=22106"},{"taxonomy":"post_tag","embeddable":true,"href":"https:\/\/blogs.gazetaesportiva.com\/planeta-octogono\/wp-json\/wp\/v2\/tags?post=22106"}],"curies":[{"name":"wp","href":"https:\/\/api.w.org\/{rel}","templated":true}]}}