{"id":21938,"date":"2017-06-15T12:25:06","date_gmt":"2017-06-15T15:25:06","guid":{"rendered":"https:\/\/blogs.gazetaesportiva.com\/planeta-octogono\/?p=21938"},"modified":"2017-06-15T12:25:06","modified_gmt":"2017-06-15T15:25:06","slug":"superluta-entre-conor-mcgregor-e-mayweather-e-anunciada-para-agosto","status":"publish","type":"post","link":"https:\/\/blogs.gazetaesportiva.com\/planeta-octogono\/2017\/06\/15\/superluta-entre-conor-mcgregor-e-mayweather-e-anunciada-para-agosto\/","title":{"rendered":"Superluta entre Conor McGregor e Mayweather \u00e9 anunciada para agosto"},"content":{"rendered":"<figure id=\"attachment_21939\" aria-describedby=\"caption-attachment-21939\" style=\"width: 1152px\" class=\"wp-caption aligncenter\"><a href=\"https:\/\/blogs.gazetaesportiva.com\/planeta-octogono\/files\/2017\/06\/FB_IMG_1497534349371.jpg\"><img loading=\"lazy\" decoding=\"async\" class=\"size-full wp-image-21939\" src=\"https:\/\/blogs.gazetaesportiva.com\/planeta-octogono\/files\/2017\/06\/FB_IMG_1497534349371.jpg\" alt=\"\" width=\"1152\" height=\"1152\" srcset=\"https:\/\/blogs.gazetaesportiva.com\/planeta-octogono\/files\/2017\/06\/FB_IMG_1497534349371.jpg 1152w, https:\/\/blogs.gazetaesportiva.com\/planeta-octogono\/files\/2017\/06\/FB_IMG_1497534349371-150x150.jpg 150w, https:\/\/blogs.gazetaesportiva.com\/planeta-octogono\/files\/2017\/06\/FB_IMG_1497534349371-300x300.jpg 300w, https:\/\/blogs.gazetaesportiva.com\/planeta-octogono\/files\/2017\/06\/FB_IMG_1497534349371-768x768.jpg 768w, https:\/\/blogs.gazetaesportiva.com\/planeta-octogono\/files\/2017\/06\/FB_IMG_1497534349371-1024x1024.jpg 1024w\" sizes=\"auto, (max-width: 1152px) 100vw, 1152px\" \/><\/a><figcaption id=\"caption-attachment-21939\" class=\"wp-caption-text\">Luta entre estrelas do Boxe e MMA \u00e9 oficializada &#8211; Divulga\u00e7\u00e3o<\/figcaption><\/figure>\n<p>O que era pouco prov\u00e1vel, nesta semana se tornou realidade.<\/p>\n<p>Nesta \u00faltima quarta feira, o UFC juntamente com o staff do atleta americano Floyd Mayweather Jr, fizeram um importante an\u00fancio.<\/p>\n<p>A esperada luta entre Mayweather contra o campe\u00e3o peso leve do UFC, o irland\u00eas Conor McGregor foi anunciada oficialmente.<\/p>\n<p>O duelo vai acontecer no dia 26 de agosto, como especulado em Las Vegas, na T-Mobile Arena.<\/p>\n<p><iframe loading=\"lazy\" title=\"Conor McGregor \u25ba Embrace The Chaos\" width=\"640\" height=\"360\" src=\"https:\/\/www.youtube.com\/embed\/91liSjahuNw?feature=oembed\" frameborder=\"0\" allow=\"accelerometer; autoplay; clipboard-write; encrypted-media; gyroscope; picture-in-picture; web-share\" referrerpolicy=\"strict-origin-when-cross-origin\" allowfullscreen><\/iframe><\/p>\n<p><iframe loading=\"lazy\" title=\"Embrace The Chaos 3 - Preview\" width=\"640\" height=\"360\" src=\"https:\/\/www.youtube.com\/embed\/JccyysOHozw?feature=oembed\" frameborder=\"0\" allow=\"accelerometer; autoplay; clipboard-write; encrypted-media; gyroscope; picture-in-picture; web-share\" referrerpolicy=\"strict-origin-when-cross-origin\" allowfullscreen><\/iframe><\/p>\n<p>O UFC apenas ir\u00e1 ajudar a promover a edi\u00e7\u00e3o sem cuidar da realiza\u00e7\u00e3o do evento que ter\u00e1 a equipe de Mayweather como respons\u00e1vel juntamente com a emissora de TV americana Showtime.<\/p>\n<p>A luta vai colocar o principal nome do boxe profissional na atualidade, Mayweather contra Conor, que est\u00e1 em evid\u00eancia ap\u00f3s conquistar dois cintur\u00f5es em duas categorias diferentes no Ultimate.<\/p>\n<p>O combate vai ter as regras utilizadas pela Comiss\u00e3o Atl\u00e9tica de Nevada, que cedeu a licen\u00e7a ao lutador irland\u00eas para fazer seu primeiro duelo profissional no boxe.<\/p>\n<p><iframe loading=\"lazy\" title=\"FLOYD &#039;&#039;Money&#039;&#039; MAYWEATHER || Highlights\/Knockouts\" width=\"640\" height=\"360\" src=\"https:\/\/www.youtube.com\/embed\/Ef3ess6i_JQ?feature=oembed\" frameborder=\"0\" allow=\"accelerometer; autoplay; clipboard-write; encrypted-media; gyroscope; picture-in-picture; web-share\" referrerpolicy=\"strict-origin-when-cross-origin\" allowfullscreen><\/iframe><\/p>\n","protected":false},"excerpt":{"rendered":"<p>O que era pouco prov\u00e1vel, nesta semana se tornou realidade. Nesta \u00faltima quarta feira, o UFC juntamente com o staff do atleta americano Floyd Mayweather <a class=\"read-more\" href=\"https:\/\/blogs.gazetaesportiva.com\/planeta-octogono\/2017\/06\/15\/superluta-entre-conor-mcgregor-e-mayweather-e-anunciada-para-agosto\/\">leia mais<\/a><\/p>\n","protected":false},"author":33,"featured_media":21939,"comment_status":"open","ping_status":"open","sticky":false,"template":"","format":"standard","meta":{"jetpack_post_was_ever_published":false,"_jetpack_newsletter_access":"","_jetpack_dont_email_post_to_subs":false,"_jetpack_newsletter_tier_id":0,"_jetpack_memberships_contains_paywalled_content":false,"_jetpack_memberships_contains_paid_content":false,"footnotes":"","jetpack_publicize_message":"","jetpack_publicize_feature_enabled":true,"jetpack_social_post_already_shared":true,"jetpack_social_options":{"image_generator_settings":{"template":"highway","default_image_id":0,"font":"","enabled":false},"version":2}},"categories":[1],"tags":[981,614,877,41],"class_list":["post-21938","post","type-post","status-publish","format-standard","has-post-thumbnail","hentry","category-principal","tag-boxe","tag-conor-mcgregor","tag-floyd-mayweather","tag-ufc"],"jetpack_publicize_connections":[],"jetpack_featured_media_url":"https:\/\/blogs.gazetaesportiva.com\/planeta-octogono\/files\/2017\/06\/FB_IMG_1497534349371.jpg","jetpack_sharing_enabled":true,"jetpack_shortlink":"https:\/\/wp.me\/p6rqUQ-5HQ","_links":{"self":[{"href":"https:\/\/blogs.gazetaesportiva.com\/planeta-octogono\/wp-json\/wp\/v2\/posts\/21938","targetHints":{"allow":["GET"]}}],"collection":[{"href":"https:\/\/blogs.gazetaesportiva.com\/planeta-octogono\/wp-json\/wp\/v2\/posts"}],"about":[{"href":"https:\/\/blogs.gazetaesportiva.com\/planeta-octogono\/wp-json\/wp\/v2\/types\/post"}],"author":[{"embeddable":true,"href":"https:\/\/blogs.gazetaesportiva.com\/planeta-octogono\/wp-json\/wp\/v2\/users\/33"}],"replies":[{"embeddable":true,"href":"https:\/\/blogs.gazetaesportiva.com\/planeta-octogono\/wp-json\/wp\/v2\/comments?post=21938"}],"version-history":[{"count":0,"href":"https:\/\/blogs.gazetaesportiva.com\/planeta-octogono\/wp-json\/wp\/v2\/posts\/21938\/revisions"}],"wp:featuredmedia":[{"embeddable":true,"href":"https:\/\/blogs.gazetaesportiva.com\/planeta-octogono\/wp-json\/wp\/v2\/media\/21939"}],"wp:attachment":[{"href":"https:\/\/blogs.gazetaesportiva.com\/planeta-octogono\/wp-json\/wp\/v2\/media?parent=21938"}],"wp:term":[{"taxonomy":"category","embeddable":true,"href":"https:\/\/blogs.gazetaesportiva.com\/planeta-octogono\/wp-json\/wp\/v2\/categories?post=21938"},{"taxonomy":"post_tag","embeddable":true,"href":"https:\/\/blogs.gazetaesportiva.com\/planeta-octogono\/wp-json\/wp\/v2\/tags?post=21938"}],"curies":[{"name":"wp","href":"https:\/\/api.w.org\/{rel}","templated":true}]}}