{"id":21931,"date":"2017-06-04T02:06:01","date_gmt":"2017-06-04T05:06:01","guid":{"rendered":"https:\/\/blogs.gazetaesportiva.com\/planeta-octogono\/?p=21931"},"modified":"2017-06-04T02:07:11","modified_gmt":"2017-06-04T05:07:11","slug":"aldo-e-nocauteado-e-perde-cinturao-do-ufc-no-rio","status":"publish","type":"post","link":"https:\/\/blogs.gazetaesportiva.com\/planeta-octogono\/2017\/06\/04\/aldo-e-nocauteado-e-perde-cinturao-do-ufc-no-rio\/","title":{"rendered":"Aldo \u00e9 nocauteado e perde cintur\u00e3o do UFC no Rio"},"content":{"rendered":"<figure id=\"attachment_21933\" aria-describedby=\"caption-attachment-21933\" style=\"width: 1024px\" class=\"wp-caption aligncenter\"><a href=\"https:\/\/blogs.gazetaesportiva.com\/planeta-octogono\/files\/2017\/06\/hdr_1496552602852.jpg\"><img loading=\"lazy\" decoding=\"async\" class=\"size-full wp-image-21933\" src=\"https:\/\/blogs.gazetaesportiva.com\/planeta-octogono\/files\/2017\/06\/hdr_1496552602852.jpg\" alt=\"\" width=\"1024\" height=\"750\" srcset=\"https:\/\/blogs.gazetaesportiva.com\/planeta-octogono\/files\/2017\/06\/hdr_1496552602852.jpg 1024w, https:\/\/blogs.gazetaesportiva.com\/planeta-octogono\/files\/2017\/06\/hdr_1496552602852-300x220.jpg 300w, https:\/\/blogs.gazetaesportiva.com\/planeta-octogono\/files\/2017\/06\/hdr_1496552602852-768x563.jpg 768w\" sizes=\"auto, (max-width: 1024px) 100vw, 1024px\" \/><\/a><figcaption id=\"caption-attachment-21933\" class=\"wp-caption-text\">Max Holloway brilha e se torna o novo campe\u00e3o peso pena do UFC &#8211; Divulga\u00e7\u00e3o<\/figcaption><\/figure>\n<p>O UFC realizou neste \u00faltimo s\u00e1bado, sua segunda edi\u00e7\u00e3o no Brasil.<\/p>\n<p>Retornando ao Rio de Janeiro no Jeunesse Arena, a organiza\u00e7\u00e3o protagonizou a unifica\u00e7\u00e3o do t\u00edtulo peso pena entre o brasileiro Jos\u00e9 Aldo contra o campe\u00e3o interino, o americano Max Holloway.<\/p>\n<p>Em uma disputa estudada no primeiro round, Aldo chegou a dar trabalho para Holloway acertando os melhores golpes, chegando a fazer o oponente andar para tr\u00e1s e ficar na grade.<\/p>\n<p>A partir do segundo round, o que se viu foi o havaiano crescer na luta e encontrar a dist\u00e2ncia, com grande quantidade de socos, por\u00e9m o final apenas ocorreu no terceiro round.<\/p>\n<p>Ap\u00f3s acertar um certeiro direto no queixo de Aldo em knockdown, Holloway partiu para decidir a luta no solo e com alguns socos, obrigou o \u00e1rbitro Big John McCarthy a encerrar a luta, tornando Max, o novo campe\u00e3o da categoria.<\/p>\n<p style=\"text-align: center\"><em><strong>Belfort vence e desiste de aposentadoria&#8230;<\/strong><\/em><\/p>\n<p>Fazendo uma prov\u00e1vel luta de despedida no Rio, Vitor Belfort teve um duelo equilibrado contra o ex-desafiante ao cintur\u00e3o dos m\u00e9dios, o americano Nate Marquardt.<\/p>\n<p>Come\u00e7ando mais t\u00edmido, Belfort acabou recebendo alguns golpes de Nate no primeiro round, chegando a sofrer uma queda do americano.<\/p>\n<p>No segundo round, o brasileiro voltou mais agressivo, soltando mais socos e chegando a encurralar Marquardt na grade.<\/p>\n<p>Repetindo a mesma performance do round anterior, Belfort continuou mais agressivo, soltando chutes altos e se arriscando mais, convencendo os ju\u00edzes de sua vit\u00f3ria por decis\u00e3o un\u00e2nime.<\/p>\n<p>No discurso p\u00f3s vit\u00f3ria, Belfort espantou de vez os rumores de uma poss\u00edvel aposentadoria, revelando que vai continuar a lutar no UFC.<\/p>\n<p>&#8220;<em>Prometi ao Firas (Zahavi, seu novo treinador) que irei dar a ele mais cinco lutas. Voltarei mais renovado<\/em>.&#8221; disparou Belfort.<\/p>\n<figure id=\"attachment_21932\" aria-describedby=\"caption-attachment-21932\" style=\"width: 1024px\" class=\"wp-caption aligncenter\"><a href=\"https:\/\/blogs.gazetaesportiva.com\/planeta-octogono\/files\/2017\/06\/hdr_1496552392096.jpg\"><img loading=\"lazy\" decoding=\"async\" class=\"size-full wp-image-21932\" src=\"https:\/\/blogs.gazetaesportiva.com\/planeta-octogono\/files\/2017\/06\/hdr_1496552392096.jpg\" alt=\"\" width=\"1024\" height=\"683\" srcset=\"https:\/\/blogs.gazetaesportiva.com\/planeta-octogono\/files\/2017\/06\/hdr_1496552392096.jpg 1024w, https:\/\/blogs.gazetaesportiva.com\/planeta-octogono\/files\/2017\/06\/hdr_1496552392096-300x200.jpg 300w, https:\/\/blogs.gazetaesportiva.com\/planeta-octogono\/files\/2017\/06\/hdr_1496552392096-768x512.jpg 768w, https:\/\/blogs.gazetaesportiva.com\/planeta-octogono\/files\/2017\/06\/hdr_1496552392096-120x80.jpg 120w\" sizes=\"auto, (max-width: 1024px) 100vw, 1024px\" \/><\/a><figcaption id=\"caption-attachment-21932\" class=\"wp-caption-text\">Belfort volta a vencer no UFC &#8211; Divulga\u00e7\u00e3o<\/figcaption><\/figure>\n<p>Outros destaques do evento foram as vit\u00f3rias de Claudinha Gadelha e Paulo Borrachinha que superaram Karolina Kowalkiewicz e Olewale Bangbose ainda no primeiro round.<\/p>\n<p>O UFC retorna no pr\u00f3ximo final de semana, com a edi\u00e7\u00e3o Fight Night Nova Zel\u00e2ndia.<\/p>\n<p style=\"text-align: center\"><strong><em>Veja os resultados do UFC 212:<\/em><\/strong><\/p>\n<p style=\"text-align: center\"><strong><em>Max Holloway venceu Jos\u00e9 Aldo por TKO no R3<\/em><\/strong><\/p>\n<p style=\"text-align: center\"><strong><em>Cl\u00e1udia Gadelha finaliza Karolina Kowalkiewicz com um mata le\u00e3o no R1<\/em><\/strong><\/p>\n<p style=\"text-align: center\"><strong><em>Vitor Belfort venceu Nate Marquardt por decis\u00e3o un\u00e2nime<\/em><\/strong><\/p>\n<p style=\"text-align: center\"><strong><em>Paulo Borrachinha venceu Oluwale Bangbose por TKO no R2<\/em><\/strong><\/p>\n<p style=\"text-align: center\"><strong><em>Yancy Medeiros venceu Erick Silva por TKO no R2<\/em><\/strong><\/p>\n<p style=\"text-align: center\"><strong><em>Raphael Assun\u00e7\u00e3o venceu Marlon Moraes por decis\u00e3o dividida<\/em><\/strong><\/p>\n<p style=\"text-align: center\"><strong><em>Ant\u00f4nio Cara de Sapato venceu Eric Spicely por finaliza\u00e7\u00e3o (mata le\u00e3o) no R2<\/em><\/strong><\/p>\n<p style=\"text-align: center\"><strong><em>Matthew Lopez venceu Jhonny Eduardo por TKO no R1<\/em><\/strong><\/p>\n<p style=\"text-align: center\"><strong><em>Brian Kelleher finalizou Iuri Maraj\u00f3 com uma guilhotina no R1<\/em><\/strong><\/p>\n<p style=\"text-align: center\"><strong><em>Viviane Sucuri venceu Jamie Moyle por decis\u00e3o un\u00e2nime<\/em><\/strong><\/p>\n<p style=\"text-align: center\"><strong><em>Luan Chagas finalizou Jim Wallhead com um mata le\u00e3o no R2<\/em><\/strong><\/p>\n<p style=\"text-align: center\"><strong><em>Deivision Figueiredo venceu Marco Beltran por TKO no R2<\/em><\/strong><\/p>\n","protected":false},"excerpt":{"rendered":"<p>O UFC realizou neste \u00faltimo s\u00e1bado, sua segunda edi\u00e7\u00e3o no Brasil. Retornando ao Rio de Janeiro no Jeunesse Arena, a organiza\u00e7\u00e3o protagonizou a unifica\u00e7\u00e3o do <a class=\"read-more\" href=\"https:\/\/blogs.gazetaesportiva.com\/planeta-octogono\/2017\/06\/04\/aldo-e-nocauteado-e-perde-cinturao-do-ufc-no-rio\/\">leia mais<\/a><\/p>\n","protected":false},"author":33,"featured_media":21933,"comment_status":"open","ping_status":"open","sticky":false,"template":"","format":"standard","meta":{"jetpack_post_was_ever_published":false,"_jetpack_newsletter_access":"","_jetpack_dont_email_post_to_subs":false,"_jetpack_newsletter_tier_id":0,"_jetpack_memberships_contains_paywalled_content":false,"_jetpack_memberships_contains_paid_content":false,"footnotes":"","jetpack_publicize_message":"","jetpack_publicize_feature_enabled":true,"jetpack_social_post_already_shared":true,"jetpack_social_options":{"image_generator_settings":{"template":"highway","default_image_id":0,"font":"","enabled":false},"version":2}},"categories":[1],"tags":[12,1494,1521,47],"class_list":["post-21931","post","type-post","status-publish","format-standard","has-post-thumbnail","hentry","category-principal","tag-jose-aldo","tag-max-holloway","tag-ufc-212","tag-vitor-belfort"],"jetpack_publicize_connections":[],"jetpack_featured_media_url":"https:\/\/blogs.gazetaesportiva.com\/planeta-octogono\/files\/2017\/06\/hdr_1496552602852.jpg","jetpack_sharing_enabled":true,"jetpack_shortlink":"https:\/\/wp.me\/p6rqUQ-5HJ","_links":{"self":[{"href":"https:\/\/blogs.gazetaesportiva.com\/planeta-octogono\/wp-json\/wp\/v2\/posts\/21931","targetHints":{"allow":["GET"]}}],"collection":[{"href":"https:\/\/blogs.gazetaesportiva.com\/planeta-octogono\/wp-json\/wp\/v2\/posts"}],"about":[{"href":"https:\/\/blogs.gazetaesportiva.com\/planeta-octogono\/wp-json\/wp\/v2\/types\/post"}],"author":[{"embeddable":true,"href":"https:\/\/blogs.gazetaesportiva.com\/planeta-octogono\/wp-json\/wp\/v2\/users\/33"}],"replies":[{"embeddable":true,"href":"https:\/\/blogs.gazetaesportiva.com\/planeta-octogono\/wp-json\/wp\/v2\/comments?post=21931"}],"version-history":[{"count":0,"href":"https:\/\/blogs.gazetaesportiva.com\/planeta-octogono\/wp-json\/wp\/v2\/posts\/21931\/revisions"}],"wp:featuredmedia":[{"embeddable":true,"href":"https:\/\/blogs.gazetaesportiva.com\/planeta-octogono\/wp-json\/wp\/v2\/media\/21933"}],"wp:attachment":[{"href":"https:\/\/blogs.gazetaesportiva.com\/planeta-octogono\/wp-json\/wp\/v2\/media?parent=21931"}],"wp:term":[{"taxonomy":"category","embeddable":true,"href":"https:\/\/blogs.gazetaesportiva.com\/planeta-octogono\/wp-json\/wp\/v2\/categories?post=21931"},{"taxonomy":"post_tag","embeddable":true,"href":"https:\/\/blogs.gazetaesportiva.com\/planeta-octogono\/wp-json\/wp\/v2\/tags?post=21931"}],"curies":[{"name":"wp","href":"https:\/\/api.w.org\/{rel}","templated":true}]}}