{"id":21926,"date":"2017-05-30T09:47:57","date_gmt":"2017-05-30T12:47:57","guid":{"rendered":"https:\/\/blogs.gazetaesportiva.com\/planeta-octogono\/?p=21926"},"modified":"2017-05-30T09:47:57","modified_gmt":"2017-05-30T12:47:57","slug":"kleber-koike-e-ariane-lipski-conquistam-cinturoes-do-ksw","status":"publish","type":"post","link":"https:\/\/blogs.gazetaesportiva.com\/planeta-octogono\/2017\/05\/30\/kleber-koike-e-ariane-lipski-conquistam-cinturoes-do-ksw\/","title":{"rendered":"Kl\u00e9ber Koike e Ariane Lipski conquistam cintur\u00f5es do KSW"},"content":{"rendered":"<figure id=\"attachment_21927\" aria-describedby=\"caption-attachment-21927\" style=\"width: 1024px\" class=\"wp-caption aligncenter\"><a href=\"https:\/\/blogs.gazetaesportiva.com\/planeta-octogono\/files\/2017\/05\/FB_IMG_1495916591138.jpg\"><img loading=\"lazy\" decoding=\"async\" class=\"size-full wp-image-21927\" src=\"https:\/\/blogs.gazetaesportiva.com\/planeta-octogono\/files\/2017\/05\/FB_IMG_1495916591138.jpg\" alt=\"\" width=\"1024\" height=\"683\" srcset=\"https:\/\/blogs.gazetaesportiva.com\/planeta-octogono\/files\/2017\/05\/FB_IMG_1495916591138.jpg 1024w, https:\/\/blogs.gazetaesportiva.com\/planeta-octogono\/files\/2017\/05\/FB_IMG_1495916591138-300x200.jpg 300w, https:\/\/blogs.gazetaesportiva.com\/planeta-octogono\/files\/2017\/05\/FB_IMG_1495916591138-768x512.jpg 768w, https:\/\/blogs.gazetaesportiva.com\/planeta-octogono\/files\/2017\/05\/FB_IMG_1495916591138-120x80.jpg 120w\" sizes=\"auto, (max-width: 1024px) 100vw, 1024px\" \/><\/a><figcaption id=\"caption-attachment-21927\" class=\"wp-caption-text\">Kl\u00e9ber Koike \u00e9 o novo campe\u00e3o peso pena do KSW &#8211; Divulga\u00e7\u00e3o\/Sebastian Rudnicki<\/figcaption><\/figure>\n<p>O KSW realizou a edi\u00e7\u00e3o 39 de seu evento na cidade de Vars\u00f3via neste \u00faltimo final de semana.<\/p>\n<p>O evento que se tornou um marco do esporte nos \u00faltimos anos, atingindo o segundo maior p\u00fablico da hist\u00f3ria do MMA com 58 mil pessoas no PGE Stadium, assistiu a tr\u00eas brasileiros lutarem por cintur\u00f5es.<\/p>\n<p>Na primeira disputa, a curitibana Ariane Lipski encarou a romena Diana Belbita pelo cintur\u00e3o inaugural at\u00e9 57 kg da organiza\u00e7\u00e3o.<\/p>\n<p>Mostrando novamente sua for\u00e7a, Lipski que vive um excelente momento na carreira, sendo a principal destaque do \u00faltimo Oscar do MMA, o pr\u00eamio Osvaldo Paquet\u00e1, mostrou na pr\u00e1tica porque est\u00e1 em evid\u00eancia.<\/p>\n<p>Usando seu Muay Thai, a brasileira imp\u00f4s seu ritmo at\u00e9 o combate ir para o solo, no primeiro round.<\/p>\n<p>Aproveitando de uma oportunidade, Ariane encaixou uma perfeita chave de bra\u00e7o, conquistando o t\u00edtulo da organiza\u00e7\u00e3o e se tornando a primeira brasileira a ser campe\u00e3 no evento europeu.<\/p>\n<figure id=\"attachment_21928\" aria-describedby=\"caption-attachment-21928\" style=\"width: 1024px\" class=\"wp-caption aligncenter\"><a href=\"https:\/\/blogs.gazetaesportiva.com\/planeta-octogono\/files\/2017\/05\/FB_IMG_1495916655705.jpg\"><img loading=\"lazy\" decoding=\"async\" class=\"size-full wp-image-21928\" src=\"https:\/\/blogs.gazetaesportiva.com\/planeta-octogono\/files\/2017\/05\/FB_IMG_1495916655705.jpg\" alt=\"\" width=\"1024\" height=\"683\" srcset=\"https:\/\/blogs.gazetaesportiva.com\/planeta-octogono\/files\/2017\/05\/FB_IMG_1495916655705.jpg 1024w, https:\/\/blogs.gazetaesportiva.com\/planeta-octogono\/files\/2017\/05\/FB_IMG_1495916655705-300x200.jpg 300w, https:\/\/blogs.gazetaesportiva.com\/planeta-octogono\/files\/2017\/05\/FB_IMG_1495916655705-768x512.jpg 768w, https:\/\/blogs.gazetaesportiva.com\/planeta-octogono\/files\/2017\/05\/FB_IMG_1495916655705-120x80.jpg 120w\" sizes=\"auto, (max-width: 1024px) 100vw, 1024px\" \/><\/a><figcaption id=\"caption-attachment-21928\" class=\"wp-caption-text\">Curitibana se torna a primeira mulher brasileira a ser campe\u00e3 de principal evento europeu &#8211; Divulga\u00e7\u00e3o\/Sebastian Rudnicki<\/figcaption><\/figure>\n<p>Encarando o polon\u00eas Marcin Wrzosek, o descendente de japoneses, Kl\u00e9ber Koike era tido como azar\u00e3o no duelo.<\/p>\n<p>Usando seu conhecido Jiu Jitsu, Kl\u00e9ber anulou a estrat\u00e9gia do polon\u00eas passando boa parte do combate atacando seu advers\u00e1rio com tentativas de finaliza\u00e7\u00f5es e quase finalizou com um mata le\u00e3o no \u00faltimo round.<\/p>\n<p>Vencendo na decis\u00e3o dos ju\u00edzes, Koike se tornou o primeiro campe\u00e3o brasileiro no peso pena, em sua segunda disputa de t\u00edtulo no KSW.<\/p>\n<figure id=\"attachment_21929\" aria-describedby=\"caption-attachment-21929\" style=\"width: 1024px\" class=\"wp-caption aligncenter\"><a href=\"https:\/\/blogs.gazetaesportiva.com\/planeta-octogono\/files\/2017\/05\/FB_IMG_1495916581034.jpg\"><img loading=\"lazy\" decoding=\"async\" class=\"size-full wp-image-21929\" src=\"https:\/\/blogs.gazetaesportiva.com\/planeta-octogono\/files\/2017\/05\/FB_IMG_1495916581034.jpg\" alt=\"\" width=\"1024\" height=\"683\" srcset=\"https:\/\/blogs.gazetaesportiva.com\/planeta-octogono\/files\/2017\/05\/FB_IMG_1495916581034.jpg 1024w, https:\/\/blogs.gazetaesportiva.com\/planeta-octogono\/files\/2017\/05\/FB_IMG_1495916581034-300x200.jpg 300w, https:\/\/blogs.gazetaesportiva.com\/planeta-octogono\/files\/2017\/05\/FB_IMG_1495916581034-768x512.jpg 768w, https:\/\/blogs.gazetaesportiva.com\/planeta-octogono\/files\/2017\/05\/FB_IMG_1495916581034-120x80.jpg 120w\" sizes=\"auto, (max-width: 1024px) 100vw, 1024px\" \/><\/a><figcaption id=\"caption-attachment-21929\" class=\"wp-caption-text\">Jiu Jitsu de Koike fez a diferen\u00e7a contra Wrzosek &#8211; Divulga\u00e7\u00e3o\/Sebastian Rudnicki<\/figcaption><\/figure>\n<p>Fazendo sua primeira defesa de cintur\u00e3o no evento, o paulista Fernando Santo Forte acabou sendo surpreendido pelo polon\u00eas Marcin Rozalski.<\/p>\n<p>Em apenas 16 segundos de luta, Marcin acertou um duro soco de direita, que acertou o queixo de Fernando e o levou a nocaute prematuramente ainda no primeiro round.<\/p>\n<p>Outro grande destaque foi o duelo de campe\u00f5es entre o \u00eddolo Mamed Khalidov contra Borys Mankowski.<\/p>\n<p>Em uma luta bem disputada em p\u00e9, Khalidov usou sua experi\u00eancia para acertar chutes e socos para convencer os ju\u00edzes e conquistar a vit\u00f3ria.<\/p>\n<figure id=\"attachment_21930\" aria-describedby=\"caption-attachment-21930\" style=\"width: 1024px\" class=\"wp-caption aligncenter\"><a href=\"https:\/\/blogs.gazetaesportiva.com\/planeta-octogono\/files\/2017\/05\/IMG_20170528_043952_148.jpg\"><img loading=\"lazy\" decoding=\"async\" class=\"size-full wp-image-21930\" src=\"https:\/\/blogs.gazetaesportiva.com\/planeta-octogono\/files\/2017\/05\/IMG_20170528_043952_148.jpg\" alt=\"\" width=\"1024\" height=\"576\" srcset=\"https:\/\/blogs.gazetaesportiva.com\/planeta-octogono\/files\/2017\/05\/IMG_20170528_043952_148.jpg 1024w, https:\/\/blogs.gazetaesportiva.com\/planeta-octogono\/files\/2017\/05\/IMG_20170528_043952_148-300x169.jpg 300w, https:\/\/blogs.gazetaesportiva.com\/planeta-octogono\/files\/2017\/05\/IMG_20170528_043952_148-768x432.jpg 768w\" sizes=\"auto, (max-width: 1024px) 100vw, 1024px\" \/><\/a><figcaption id=\"caption-attachment-21930\" class=\"wp-caption-text\">KSW bate recorde e se torna o segundo evento mais visto da hist\u00f3ria do MMA &#8211; Divulga\u00e7\u00e3o<\/figcaption><\/figure>\n","protected":false},"excerpt":{"rendered":"<p>O KSW realizou a edi\u00e7\u00e3o 39 de seu evento na cidade de Vars\u00f3via neste \u00faltimo final de semana. O evento que se tornou um marco <a class=\"read-more\" href=\"https:\/\/blogs.gazetaesportiva.com\/planeta-octogono\/2017\/05\/30\/kleber-koike-e-ariane-lipski-conquistam-cinturoes-do-ksw\/\">leia mais<\/a><\/p>\n","protected":false},"author":33,"featured_media":21927,"comment_status":"open","ping_status":"open","sticky":false,"template":"","format":"standard","meta":{"jetpack_post_was_ever_published":false,"_jetpack_newsletter_access":"","_jetpack_dont_email_post_to_subs":false,"_jetpack_newsletter_tier_id":0,"_jetpack_memberships_contains_paywalled_content":false,"_jetpack_memberships_contains_paid_content":false,"footnotes":"","jetpack_publicize_message":"","jetpack_publicize_feature_enabled":true,"jetpack_social_post_already_shared":true,"jetpack_social_options":{"image_generator_settings":{"template":"highway","default_image_id":0,"font":"","enabled":false},"version":2}},"categories":[1],"tags":[1225,732,1536,624,424,1537],"class_list":["post-21926","post","type-post","status-publish","format-standard","has-post-thumbnail","hentry","category-principal","tag-ariane-lipski","tag-kleber-koike","tag-ksw-39","tag-mamed-khalidov","tag-mariusz-pudzianowski","tag-popek-monster"],"jetpack_publicize_connections":[],"jetpack_featured_media_url":"https:\/\/blogs.gazetaesportiva.com\/planeta-octogono\/files\/2017\/05\/FB_IMG_1495916591138.jpg","jetpack_sharing_enabled":true,"jetpack_shortlink":"https:\/\/wp.me\/p6rqUQ-5HE","_links":{"self":[{"href":"https:\/\/blogs.gazetaesportiva.com\/planeta-octogono\/wp-json\/wp\/v2\/posts\/21926","targetHints":{"allow":["GET"]}}],"collection":[{"href":"https:\/\/blogs.gazetaesportiva.com\/planeta-octogono\/wp-json\/wp\/v2\/posts"}],"about":[{"href":"https:\/\/blogs.gazetaesportiva.com\/planeta-octogono\/wp-json\/wp\/v2\/types\/post"}],"author":[{"embeddable":true,"href":"https:\/\/blogs.gazetaesportiva.com\/planeta-octogono\/wp-json\/wp\/v2\/users\/33"}],"replies":[{"embeddable":true,"href":"https:\/\/blogs.gazetaesportiva.com\/planeta-octogono\/wp-json\/wp\/v2\/comments?post=21926"}],"version-history":[{"count":0,"href":"https:\/\/blogs.gazetaesportiva.com\/planeta-octogono\/wp-json\/wp\/v2\/posts\/21926\/revisions"}],"wp:featuredmedia":[{"embeddable":true,"href":"https:\/\/blogs.gazetaesportiva.com\/planeta-octogono\/wp-json\/wp\/v2\/media\/21927"}],"wp:attachment":[{"href":"https:\/\/blogs.gazetaesportiva.com\/planeta-octogono\/wp-json\/wp\/v2\/media?parent=21926"}],"wp:term":[{"taxonomy":"category","embeddable":true,"href":"https:\/\/blogs.gazetaesportiva.com\/planeta-octogono\/wp-json\/wp\/v2\/categories?post=21926"},{"taxonomy":"post_tag","embeddable":true,"href":"https:\/\/blogs.gazetaesportiva.com\/planeta-octogono\/wp-json\/wp\/v2\/tags?post=21926"}],"curies":[{"name":"wp","href":"https:\/\/api.w.org\/{rel}","templated":true}]}}