{"id":21885,"date":"2017-04-14T15:39:44","date_gmt":"2017-04-14T18:39:44","guid":{"rendered":"https:\/\/blogs.gazetaesportiva.com\/planeta-octogono\/?p=21885"},"modified":"2017-04-14T15:39:44","modified_gmt":"2017-04-14T18:39:44","slug":"um-papo-com-rena-kubota-sobre-carreira-no-rizin-e-mma-feminino","status":"publish","type":"post","link":"https:\/\/blogs.gazetaesportiva.com\/planeta-octogono\/2017\/04\/14\/um-papo-com-rena-kubota-sobre-carreira-no-rizin-e-mma-feminino\/","title":{"rendered":"Um papo com Rena Kubota, sobre carreira no Rizin e MMA feminino"},"content":{"rendered":"<figure id=\"attachment_21886\" aria-describedby=\"caption-attachment-21886\" style=\"width: 1440px\" class=\"wp-caption aligncenter\"><a href=\"https:\/\/blogs.gazetaesportiva.com\/planeta-octogono\/files\/2017\/04\/FB_IMG_1492194956628.jpg\"><img loading=\"lazy\" decoding=\"async\" class=\"size-full wp-image-21886\" src=\"https:\/\/blogs.gazetaesportiva.com\/planeta-octogono\/files\/2017\/04\/FB_IMG_1492194956628.jpg\" alt=\"\" width=\"1440\" height=\"960\" srcset=\"https:\/\/blogs.gazetaesportiva.com\/planeta-octogono\/files\/2017\/04\/FB_IMG_1492194956628.jpg 1440w, https:\/\/blogs.gazetaesportiva.com\/planeta-octogono\/files\/2017\/04\/FB_IMG_1492194956628-300x200.jpg 300w, https:\/\/blogs.gazetaesportiva.com\/planeta-octogono\/files\/2017\/04\/FB_IMG_1492194956628-768x512.jpg 768w, https:\/\/blogs.gazetaesportiva.com\/planeta-octogono\/files\/2017\/04\/FB_IMG_1492194956628-1024x683.jpg 1024w, https:\/\/blogs.gazetaesportiva.com\/planeta-octogono\/files\/2017\/04\/FB_IMG_1492194956628-120x80.jpg 120w\" sizes=\"auto, (max-width: 1440px) 100vw, 1440px\" \/><\/a><figcaption id=\"caption-attachment-21886\" class=\"wp-caption-text\">Estrela no Rizin, Rena Kubota fala sobre ascens\u00e3o das mulheres no MMA &#8211; Bruno Massamj<\/figcaption><\/figure>\n<p>Direto de Tokyo.<\/p>\n<p>O evento Rizin Fighting Federation retorna neste pr\u00f3ximo domingo, na cidade de Yokohama, no Jap\u00e3o.<\/p>\n<p>Pela primeira vez, carregando a responsabilidade de ser uma das estrelas d\u00e1 edi\u00e7\u00e3o, a japonesa Rena Kubota conversou com o blog sobre o assunto.<\/p>\n<p><iframe loading=\"lazy\" title=\"Rena Kubota Rizin Media Day Yokohama - MMA PLUS - Gazeta Esportiva\" width=\"640\" height=\"360\" src=\"https:\/\/www.youtube.com\/embed\/-eMgHQUjNIo?feature=oembed\" frameborder=\"0\" allow=\"accelerometer; autoplay; clipboard-write; encrypted-media; gyroscope; picture-in-picture; web-share\" referrerpolicy=\"strict-origin-when-cross-origin\" allowfullscreen><\/iframe><\/p>\n<p>Encarando a h\u00fangara Dora Perjes, Kubota procurou n\u00e3o ficar atenta a responsabilidade de liderar a nova gera\u00e7\u00e3o japonesa do MMA feminino.<\/p>\n<p>&#8220;<em>Eu apenas quero mostrar a mim mesma para o p\u00fablico. Meu estilo de luta. N\u00e3o penso muito nestas coisas. S\u00f3 quero que as pessoas conhe\u00e7am meu estilo de vida e luta dentro do ringue.<\/em>&#8221; analisou a bela japonesa que tamb\u00e9m deu sua opini\u00e3o acerca do atual cen\u00e1rio para as mulheres no esporte.<\/p>\n<p>Ainda considerado por muitos como um esporte para homens, o mundo das lutas cada vez mais est\u00e1 abrindo espa\u00e7o para as mulheres mostrarem seu trabalho.<\/p>\n<p>Satisfeita com a evolu\u00e7\u00e3o entre as mulheres, Kubota espera que cada vez mais, o MMA feminino possa ter seu espa\u00e7o perante o grande p\u00fablico.<\/p>\n<p>&#8220;<em>\u00c9 bom ver as mulheres podendo mostrar seu trabalho. Espero que cada vez mais n\u00f3s possamos mostrar nossa luta e conquistar o p\u00fablico com ela. As mulheres est\u00e3o cada vez mais se interessando pelo esporte e enxergo com bons olhos isso.<\/em>&#8221; disse a lutadora ao blog.<\/p>\n<p><iframe loading=\"lazy\" title=\"2017.4.16\u300cRIZIN 2017 in YOKOHAMA -SAKURA- \u300dWomen version.\" width=\"640\" height=\"360\" src=\"https:\/\/www.youtube.com\/embed\/oaGdQS54pmg?feature=oembed\" frameborder=\"0\" allow=\"accelerometer; autoplay; clipboard-write; encrypted-media; gyroscope; picture-in-picture; web-share\" referrerpolicy=\"strict-origin-when-cross-origin\" allowfullscreen><\/iframe><\/p>\n","protected":false},"excerpt":{"rendered":"<p>Direto de Tokyo. O evento Rizin Fighting Federation retorna neste pr\u00f3ximo domingo, na cidade de Yokohama, no Jap\u00e3o. Pela primeira vez, carregando a responsabilidade de <a class=\"read-more\" href=\"https:\/\/blogs.gazetaesportiva.com\/planeta-octogono\/2017\/04\/14\/um-papo-com-rena-kubota-sobre-carreira-no-rizin-e-mma-feminino\/\">leia mais<\/a><\/p>\n","protected":false},"author":33,"featured_media":21886,"comment_status":"open","ping_status":"open","sticky":false,"template":"","format":"standard","meta":{"jetpack_post_was_ever_published":false,"_jetpack_newsletter_access":"","_jetpack_dont_email_post_to_subs":false,"_jetpack_newsletter_tier_id":0,"_jetpack_memberships_contains_paywalled_content":false,"_jetpack_memberships_contains_paid_content":false,"footnotes":"","jetpack_publicize_message":"","jetpack_publicize_feature_enabled":true,"jetpack_social_post_already_shared":true,"jetpack_social_options":{"image_generator_settings":{"template":"highway","default_image_id":0,"font":"","enabled":false},"version":2}},"categories":[1],"tags":[1526,1169,1109],"class_list":["post-21885","post","type-post","status-publish","format-standard","has-post-thumbnail","hentry","category-principal","tag-rena","tag-rena-kubota","tag-rizin-fighting-federation"],"jetpack_publicize_connections":[],"jetpack_featured_media_url":"https:\/\/blogs.gazetaesportiva.com\/planeta-octogono\/files\/2017\/04\/FB_IMG_1492194956628.jpg","jetpack_sharing_enabled":true,"jetpack_shortlink":"https:\/\/wp.me\/p6rqUQ-5GZ","_links":{"self":[{"href":"https:\/\/blogs.gazetaesportiva.com\/planeta-octogono\/wp-json\/wp\/v2\/posts\/21885","targetHints":{"allow":["GET"]}}],"collection":[{"href":"https:\/\/blogs.gazetaesportiva.com\/planeta-octogono\/wp-json\/wp\/v2\/posts"}],"about":[{"href":"https:\/\/blogs.gazetaesportiva.com\/planeta-octogono\/wp-json\/wp\/v2\/types\/post"}],"author":[{"embeddable":true,"href":"https:\/\/blogs.gazetaesportiva.com\/planeta-octogono\/wp-json\/wp\/v2\/users\/33"}],"replies":[{"embeddable":true,"href":"https:\/\/blogs.gazetaesportiva.com\/planeta-octogono\/wp-json\/wp\/v2\/comments?post=21885"}],"version-history":[{"count":0,"href":"https:\/\/blogs.gazetaesportiva.com\/planeta-octogono\/wp-json\/wp\/v2\/posts\/21885\/revisions"}],"wp:featuredmedia":[{"embeddable":true,"href":"https:\/\/blogs.gazetaesportiva.com\/planeta-octogono\/wp-json\/wp\/v2\/media\/21886"}],"wp:attachment":[{"href":"https:\/\/blogs.gazetaesportiva.com\/planeta-octogono\/wp-json\/wp\/v2\/media?parent=21885"}],"wp:term":[{"taxonomy":"category","embeddable":true,"href":"https:\/\/blogs.gazetaesportiva.com\/planeta-octogono\/wp-json\/wp\/v2\/categories?post=21885"},{"taxonomy":"post_tag","embeddable":true,"href":"https:\/\/blogs.gazetaesportiva.com\/planeta-octogono\/wp-json\/wp\/v2\/tags?post=21885"}],"curies":[{"name":"wp","href":"https:\/\/api.w.org\/{rel}","templated":true}]}}