{"id":21884,"date":"2017-04-14T15:03:04","date_gmt":"2017-04-14T18:03:04","guid":{"rendered":"https:\/\/blogs.gazetaesportiva.com\/planeta-octogono\/?p=21884"},"modified":"2017-04-14T15:06:33","modified_gmt":"2017-04-14T18:06:33","slug":"ronaldo-jacare-detona-bisping-rockhold-e-romero-sao-frouxos","status":"publish","type":"post","link":"https:\/\/blogs.gazetaesportiva.com\/planeta-octogono\/2017\/04\/14\/ronaldo-jacare-detona-bisping-rockhold-e-romero-sao-frouxos\/","title":{"rendered":"Ronaldo Jacar\u00e9 detona Bisping, Rockhold e Romero: S\u00e3o frouxos!"},"content":{"rendered":"<figure id=\"attachment_15601\" aria-describedby=\"caption-attachment-15601\" style=\"width: 695px\" class=\"wp-caption aligncenter\"><a href=\"https:\/\/blogs.gazetaesportiva.com\/planeta-octogono\/files\/2014\/12\/jacarecarol.jpg\"><img loading=\"lazy\" decoding=\"async\" class=\"size-full wp-image-15601\" src=\"https:\/\/blogs.gazetaesportiva.com\/planeta-octogono\/files\/2014\/12\/jacarecarol.jpg\" alt=\"\" width=\"695\" height=\"463\" \/><\/a><figcaption id=\"caption-attachment-15601\" class=\"wp-caption-text\">Jacar\u00e9 retorna contra promessa australiana no UFC &#8211; Ana Carolina\/Gazeta Press<\/figcaption><\/figure>\n<p>A paci\u00eancia do brasileiro Ronaldo &#8220;Jacar\u00e9&#8221; Souza chegou ao fim.<\/p>\n<p>Escalado neste final de semana para enfrentar o australiano Robert Whittaker, um dos principais pesos m\u00e9dios do Brasil no UFC resolveu fazer cr\u00edticas para postura dos rivais.<\/p>\n<p>Questionando a vontade do campe\u00e3o do Ultimate, o ingl\u00eas Michael Bisping, em evitar uma poss\u00edvel luta com o brasileiro, Jacar\u00e9 tamb\u00e9m explicou o motivo de n\u00e3o estar enfrentando outros atletas ranqueados no top 5 da organiza\u00e7\u00e3o.<\/p>\n<p>&#8220;<em>Eu n\u00e3o me estresso mais por isso. Claro que eu quero disputar o cintur\u00e3o, mas sei que vai chegar na hora que tiver que chegar. Se tiver que bater em todos da categoria, eu farei isso. A luta ser\u00e1 muito boa, o Whittaker \u00e9 um cara muito duro, perigoso. Subirei no oct\u00f3gono para fazer o de sempre: dar um show para os f\u00e3s.<\/em><\/p>\n<p><em>Tops lutam contra tops em outras categorias, n\u00e3o nos m\u00e9dios. Quem est\u00e1 na minha frente n\u00e3o quer me enfrentar. O campe\u00e3o \u00e9 uma vergonha, foge de mim. Romero e Rockhold tamb\u00e9m n\u00e3o querem me ver de frente no oct\u00f3gono. S\u00e3o frouxos!<\/em>&#8221; disparou Jacar\u00e9 em conversa com o blog.<\/p>\n<figure id=\"attachment_21827\" aria-describedby=\"caption-attachment-21827\" style=\"width: 1500px\" class=\"wp-caption aligncenter\"><a href=\"https:\/\/blogs.gazetaesportiva.com\/planeta-octogono\/files\/2017\/02\/1486880613070.jpg\"><img loading=\"lazy\" decoding=\"async\" class=\"size-full wp-image-21827\" src=\"https:\/\/blogs.gazetaesportiva.com\/planeta-octogono\/files\/2017\/02\/1486880613070.jpg\" alt=\"\" width=\"1500\" height=\"1008\" srcset=\"https:\/\/blogs.gazetaesportiva.com\/planeta-octogono\/files\/2017\/02\/1486880613070.jpg 1500w, https:\/\/blogs.gazetaesportiva.com\/planeta-octogono\/files\/2017\/02\/1486880613070-300x202.jpg 300w, https:\/\/blogs.gazetaesportiva.com\/planeta-octogono\/files\/2017\/02\/1486880613070-768x516.jpg 768w, https:\/\/blogs.gazetaesportiva.com\/planeta-octogono\/files\/2017\/02\/1486880613070-1024x688.jpg 1024w, https:\/\/blogs.gazetaesportiva.com\/planeta-octogono\/files\/2017\/02\/1486880613070-120x80.jpg 120w\" sizes=\"auto, (max-width: 1500px) 100vw, 1500px\" \/><\/a><figcaption id=\"caption-attachment-21827\" class=\"wp-caption-text\">Ronaldo Jacar\u00e9 vem de Vitor contra Boestch no UFC &#8211; Divulga\u00e7\u00e3o\/Josh Hedges<\/figcaption><\/figure>\n<p>Segundo o atleta nascido no Esp\u00edrito Santo mas radicado em Manaus, o brasileiro apenas est\u00e1 seguindo as ofertas que a organiza\u00e7\u00e3o est\u00e1 oferecendo.<\/p>\n<p>&#8220;<em>N\u00e3o sei, isso \u00e9 o UFC quem deve responder. (Sobre lutar pelo t\u00edtulo) Eu j\u00e1 espero pela oportunidade h\u00e1 anos, estou pronto h\u00e1 muito tempo. Mas vai acontecer na hora que tiver que acontecer. Confio nisso. Enquanto isso, vou batendo em todo mundo que eles colocarem na minha frente.\u00a0<\/em><\/p>\n<p><em>Minha motiva\u00e7\u00e3o \u00e9 minha fam\u00edlia e meus f\u00e3s. Recebo milhares de mensagens de f\u00e3s falando que est\u00e3o comigo, est\u00e3o na torcida para que eu chegue logo ao cintur\u00e3o porque sabem que eu serei campe\u00e3o. Essa \u00e9 minha motiva\u00e7\u00e3o!<\/em>&#8221; analisou o lutador.<\/p>\n<p>O duelo entre Jacar\u00e9 e Whittaker \u00e9 um dos principais d\u00e1 pr\u00f3xima edi\u00e7\u00e3o do Ultimate que acontece neste s\u00e1bado.<\/p>\n","protected":false},"excerpt":{"rendered":"<p>A paci\u00eancia do brasileiro Ronaldo &#8220;Jacar\u00e9&#8221; Souza chegou ao fim. Escalado neste final de semana para enfrentar o australiano Robert Whittaker, um dos principais pesos <a class=\"read-more\" href=\"https:\/\/blogs.gazetaesportiva.com\/planeta-octogono\/2017\/04\/14\/ronaldo-jacare-detona-bisping-rockhold-e-romero-sao-frouxos\/\">leia mais<\/a><\/p>\n","protected":false},"author":33,"featured_media":15601,"comment_status":"open","ping_status":"open","sticky":false,"template":"","format":"standard","meta":{"jetpack_post_was_ever_published":false,"_jetpack_newsletter_access":"","_jetpack_dont_email_post_to_subs":false,"_jetpack_newsletter_tier_id":0,"_jetpack_memberships_contains_paywalled_content":false,"_jetpack_memberships_contains_paid_content":false,"footnotes":"","jetpack_publicize_message":"","jetpack_publicize_feature_enabled":true,"jetpack_social_post_already_shared":true,"jetpack_social_options":{"image_generator_settings":{"template":"highway","default_image_id":0,"font":"","enabled":false},"version":2}},"categories":[1],"tags":[1491,387,41],"class_list":["post-21884","post","type-post","status-publish","format-standard","has-post-thumbnail","hentry","category-principal","tag-robert-whittaker","tag-ronaldo-jacare","tag-ufc"],"jetpack_publicize_connections":[],"jetpack_featured_media_url":"https:\/\/blogs.gazetaesportiva.com\/planeta-octogono\/files\/2014\/12\/jacarecarol.jpg","jetpack_sharing_enabled":true,"jetpack_shortlink":"https:\/\/wp.me\/p6rqUQ-5GY","_links":{"self":[{"href":"https:\/\/blogs.gazetaesportiva.com\/planeta-octogono\/wp-json\/wp\/v2\/posts\/21884","targetHints":{"allow":["GET"]}}],"collection":[{"href":"https:\/\/blogs.gazetaesportiva.com\/planeta-octogono\/wp-json\/wp\/v2\/posts"}],"about":[{"href":"https:\/\/blogs.gazetaesportiva.com\/planeta-octogono\/wp-json\/wp\/v2\/types\/post"}],"author":[{"embeddable":true,"href":"https:\/\/blogs.gazetaesportiva.com\/planeta-octogono\/wp-json\/wp\/v2\/users\/33"}],"replies":[{"embeddable":true,"href":"https:\/\/blogs.gazetaesportiva.com\/planeta-octogono\/wp-json\/wp\/v2\/comments?post=21884"}],"version-history":[{"count":0,"href":"https:\/\/blogs.gazetaesportiva.com\/planeta-octogono\/wp-json\/wp\/v2\/posts\/21884\/revisions"}],"wp:featuredmedia":[{"embeddable":true,"href":"https:\/\/blogs.gazetaesportiva.com\/planeta-octogono\/wp-json\/wp\/v2\/media\/15601"}],"wp:attachment":[{"href":"https:\/\/blogs.gazetaesportiva.com\/planeta-octogono\/wp-json\/wp\/v2\/media?parent=21884"}],"wp:term":[{"taxonomy":"category","embeddable":true,"href":"https:\/\/blogs.gazetaesportiva.com\/planeta-octogono\/wp-json\/wp\/v2\/categories?post=21884"},{"taxonomy":"post_tag","embeddable":true,"href":"https:\/\/blogs.gazetaesportiva.com\/planeta-octogono\/wp-json\/wp\/v2\/tags?post=21884"}],"curies":[{"name":"wp","href":"https:\/\/api.w.org\/{rel}","templated":true}]}}