{"id":21882,"date":"2017-04-12T12:35:14","date_gmt":"2017-04-12T15:35:14","guid":{"rendered":"https:\/\/blogs.gazetaesportiva.com\/planeta-octogono\/?p=21882"},"modified":"2017-04-12T12:36:00","modified_gmt":"2017-04-12T15:36:00","slug":"sem-oponente-anderson-silva-explica-recusa-por-belfort","status":"publish","type":"post","link":"https:\/\/blogs.gazetaesportiva.com\/planeta-octogono\/2017\/04\/12\/sem-oponente-anderson-silva-explica-recusa-por-belfort\/","title":{"rendered":"Sem oponente, Anderson Silva explica recusa de revanche com Belfort"},"content":{"rendered":"<figure id=\"attachment_21883\" aria-describedby=\"caption-attachment-21883\" style=\"width: 2048px\" class=\"wp-caption aligncenter\"><a href=\"https:\/\/blogs.gazetaesportiva.com\/planeta-octogono\/files\/2017\/04\/IMG_20170412_083421.jpg\"><img loading=\"lazy\" decoding=\"async\" class=\"size-full wp-image-21883\" src=\"https:\/\/blogs.gazetaesportiva.com\/planeta-octogono\/files\/2017\/04\/IMG_20170412_083421.jpg\" alt=\"\" width=\"2048\" height=\"1363\" srcset=\"https:\/\/blogs.gazetaesportiva.com\/planeta-octogono\/files\/2017\/04\/IMG_20170412_083421.jpg 2048w, https:\/\/blogs.gazetaesportiva.com\/planeta-octogono\/files\/2017\/04\/IMG_20170412_083421-300x200.jpg 300w, https:\/\/blogs.gazetaesportiva.com\/planeta-octogono\/files\/2017\/04\/IMG_20170412_083421-768x511.jpg 768w, https:\/\/blogs.gazetaesportiva.com\/planeta-octogono\/files\/2017\/04\/IMG_20170412_083421-1024x682.jpg 1024w, https:\/\/blogs.gazetaesportiva.com\/planeta-octogono\/files\/2017\/04\/IMG_20170412_083421-120x80.jpg 120w\" sizes=\"auto, (max-width: 2048px) 100vw, 2048px\" \/><\/a><figcaption id=\"caption-attachment-21883\" class=\"wp-caption-text\">Anderson Silva explica motivos de recusa de revanche com Belfort &#8211; Divulga\u00e7\u00e3o<\/figcaption><\/figure>\n<p>O futuro de Anderson Silva ainda segue indefinido no UFC.<\/p>\n<p>Sem oponente para a edi\u00e7\u00e3o 212, que acontece no Rio de Janeiro no dia 3 de junho, Spider revelou os motivos para recusar uma suposta revanche contra o carioca Vitor Belfort no UFC.<\/p>\n<p>Segundo o \u00eddolo brasileiro, uma luta nesta altura com Vitor n\u00e3o iria adicionar nada em sua carreira.<\/p>\n<p>&#8220;O Vitor vem de derrota e estou de olho em combates que venham me adicionar alguma coisa. Seria s\u00f3 bom para o Vitor e n\u00e3o para mim. Uma luta que n\u00e3o faz nenhum sentido para mim.&#8221; disse o lutador.<\/p>\n<p>Apos varios oponentes se oferecerem para enfrentar Anderson, o UFC ainda n\u00e3o se posicionou acerca de sua escolha para a edi\u00e7\u00e3o.<\/p>\n<p>Alem de Spider, o evento realiza o duelo peso pena entre Jose Aldo e Max Holloway com a unifica\u00e7ao dos cintur\u00f5es da categoria.<\/p>\n<figure id=\"attachment_21157\" aria-describedby=\"caption-attachment-21157\" style=\"width: 1176px\" class=\"wp-caption aligncenter\"><a href=\"https:\/\/blogs.gazetaesportiva.com\/planeta-octogono\/files\/2016\/03\/hdr_1459436892063.jpg\"><img loading=\"lazy\" decoding=\"async\" class=\"size-full wp-image-21157\" src=\"https:\/\/blogs.gazetaesportiva.com\/planeta-octogono\/files\/2016\/03\/hdr_1459436892063.jpg\" alt=\"\" width=\"1176\" height=\"783\" srcset=\"https:\/\/blogs.gazetaesportiva.com\/planeta-octogono\/files\/2016\/03\/hdr_1459436892063.jpg 1176w, https:\/\/blogs.gazetaesportiva.com\/planeta-octogono\/files\/2016\/03\/hdr_1459436892063-300x200.jpg 300w, https:\/\/blogs.gazetaesportiva.com\/planeta-octogono\/files\/2016\/03\/hdr_1459436892063-768x511.jpg 768w, https:\/\/blogs.gazetaesportiva.com\/planeta-octogono\/files\/2016\/03\/hdr_1459436892063-1024x682.jpg 1024w, https:\/\/blogs.gazetaesportiva.com\/planeta-octogono\/files\/2016\/03\/hdr_1459436892063-120x80.jpg 120w\" sizes=\"auto, (max-width: 1176px) 100vw, 1176px\" \/><\/a><figcaption id=\"caption-attachment-21157\" class=\"wp-caption-text\">Belfort quer lutar no UFC 212 &#8211; Alexandre Loureiro\/Inovafoto<\/figcaption><\/figure>\n","protected":false},"excerpt":{"rendered":"<p>O futuro de Anderson Silva ainda segue indefinido no UFC. Sem oponente para a edi\u00e7\u00e3o 212, que acontece no Rio de Janeiro no dia 3 <a class=\"read-more\" href=\"https:\/\/blogs.gazetaesportiva.com\/planeta-octogono\/2017\/04\/12\/sem-oponente-anderson-silva-explica-recusa-por-belfort\/\">leia mais<\/a><\/p>\n","protected":false},"author":33,"featured_media":21883,"comment_status":"open","ping_status":"open","sticky":false,"template":"","format":"standard","meta":{"jetpack_post_was_ever_published":false,"_jetpack_newsletter_access":"","_jetpack_dont_email_post_to_subs":false,"_jetpack_newsletter_tier_id":0,"_jetpack_memberships_contains_paywalled_content":false,"_jetpack_memberships_contains_paid_content":false,"footnotes":"","jetpack_publicize_message":"","jetpack_publicize_feature_enabled":true,"jetpack_social_post_already_shared":true,"jetpack_social_options":{"image_generator_settings":{"template":"highway","default_image_id":0,"font":"","enabled":false},"version":2}},"categories":[1],"tags":[22,12,1494,1521,47],"class_list":["post-21882","post","type-post","status-publish","format-standard","has-post-thumbnail","hentry","category-principal","tag-anderson-silva","tag-jose-aldo","tag-max-holloway","tag-ufc-212","tag-vitor-belfort"],"jetpack_publicize_connections":[],"jetpack_featured_media_url":"https:\/\/blogs.gazetaesportiva.com\/planeta-octogono\/files\/2017\/04\/IMG_20170412_083421.jpg","jetpack_sharing_enabled":true,"jetpack_shortlink":"https:\/\/wp.me\/p6rqUQ-5GW","_links":{"self":[{"href":"https:\/\/blogs.gazetaesportiva.com\/planeta-octogono\/wp-json\/wp\/v2\/posts\/21882","targetHints":{"allow":["GET"]}}],"collection":[{"href":"https:\/\/blogs.gazetaesportiva.com\/planeta-octogono\/wp-json\/wp\/v2\/posts"}],"about":[{"href":"https:\/\/blogs.gazetaesportiva.com\/planeta-octogono\/wp-json\/wp\/v2\/types\/post"}],"author":[{"embeddable":true,"href":"https:\/\/blogs.gazetaesportiva.com\/planeta-octogono\/wp-json\/wp\/v2\/users\/33"}],"replies":[{"embeddable":true,"href":"https:\/\/blogs.gazetaesportiva.com\/planeta-octogono\/wp-json\/wp\/v2\/comments?post=21882"}],"version-history":[{"count":0,"href":"https:\/\/blogs.gazetaesportiva.com\/planeta-octogono\/wp-json\/wp\/v2\/posts\/21882\/revisions"}],"wp:featuredmedia":[{"embeddable":true,"href":"https:\/\/blogs.gazetaesportiva.com\/planeta-octogono\/wp-json\/wp\/v2\/media\/21883"}],"wp:attachment":[{"href":"https:\/\/blogs.gazetaesportiva.com\/planeta-octogono\/wp-json\/wp\/v2\/media?parent=21882"}],"wp:term":[{"taxonomy":"category","embeddable":true,"href":"https:\/\/blogs.gazetaesportiva.com\/planeta-octogono\/wp-json\/wp\/v2\/categories?post=21882"},{"taxonomy":"post_tag","embeddable":true,"href":"https:\/\/blogs.gazetaesportiva.com\/planeta-octogono\/wp-json\/wp\/v2\/tags?post=21882"}],"curies":[{"name":"wp","href":"https:\/\/api.w.org\/{rel}","templated":true}]}}