{"id":21871,"date":"2017-04-02T12:51:07","date_gmt":"2017-04-02T15:51:07","guid":{"rendered":"https:\/\/blogs.gazetaesportiva.com\/planeta-octogono\/?p=21871"},"modified":"2017-04-02T12:51:07","modified_gmt":"2017-04-02T15:51:07","slug":"cormier-cria-polemica-com-analise-de-luta-com-spider","status":"publish","type":"post","link":"https:\/\/blogs.gazetaesportiva.com\/planeta-octogono\/2017\/04\/02\/cormier-cria-polemica-com-analise-de-luta-com-spider\/","title":{"rendered":"Cormier cria pol\u00eamica com an\u00e1lise de luta com Spider"},"content":{"rendered":"<figure id=\"attachment_21452\" aria-describedby=\"caption-attachment-21452\" style=\"width: 960px\" class=\"wp-caption aligncenter\"><a href=\"https:\/\/blogs.gazetaesportiva.com\/planeta-octogono\/files\/2016\/07\/13600292_10154183635231276_655361873155585348_n.jpg\"><img loading=\"lazy\" decoding=\"async\" class=\"size-full wp-image-21452\" src=\"https:\/\/blogs.gazetaesportiva.com\/planeta-octogono\/files\/2016\/07\/13600292_10154183635231276_655361873155585348_n.jpg\" alt=\"\" width=\"960\" height=\"612\" srcset=\"https:\/\/blogs.gazetaesportiva.com\/planeta-octogono\/files\/2016\/07\/13600292_10154183635231276_655361873155585348_n.jpg 960w, https:\/\/blogs.gazetaesportiva.com\/planeta-octogono\/files\/2016\/07\/13600292_10154183635231276_655361873155585348_n-300x191.jpg 300w, https:\/\/blogs.gazetaesportiva.com\/planeta-octogono\/files\/2016\/07\/13600292_10154183635231276_655361873155585348_n-768x490.jpg 768w\" sizes=\"auto, (max-width: 960px) 100vw, 960px\" \/><\/a><figcaption id=\"caption-attachment-21452\" class=\"wp-caption-text\">Cormier causa pol\u00eamica ao analisar luta com Anderson Silva &#8211; Divulga\u00e7\u00e3o\/Jeff Bottari<\/figcaption><\/figure>\n<p>O campe\u00e3o meio pesado do UFC, o americano Daniel Cormier chamou a aten\u00e7\u00e3o dos f\u00e3s nesta semana.<\/p>\n<p>Promovendo sua revanche contra o compatriota Anthony Johnson no UFC 210 que acontece no pr\u00f3ximo s\u00e1bado, Cormier acabou fazendo uma compara\u00e7\u00e3o sobre suas \u00faltimas performances no oct\u00f3gono.<\/p>\n<p>Vindo de uma vit\u00f3ria sobre o \u00eddolo brasileiro Anderson Silva, no UFC 200 em julho do ano passado, sua performance contra Spider foi um dos temas que o atleta acabou sendo abordado pela imprensa americana, durante confer\u00eancia telef\u00f4nica promovida pelo Ultimate.<\/p>\n<p>Analisando sua luta com Anderson, Cormier acabou considerando o combate bem mais tranquilo do que os f\u00e3s poderiam imaginar.<\/p>\n<p>&#8220;<em>N\u00e3o sei porque as pessoas est\u00e3o falando sobre isso. Lutei contra Anderson Silva apenas dois dias depois de ser informado que seria ele e venci o cara que \u00e9 considerado o melhor lutador de todos os tempos, 30-26 nas papeletas. N\u00e3o foi uma luta perigosa, foi a luta mais f\u00e1cil de toda a minha carreira. N\u00e3o sei como eu fiquei mais lento, estava sentindo que conseguia derrub\u00e1-lo quando quisesse<\/em>&#8221; disparou o americano, que acabou gerando cr\u00edticas de f\u00e3s brasileiros.<\/p>\n<p>Anderson substituiu de \u00faltima hora, o americano Jon Jones que acabou sendo pego em um exame antidoping, deixando a edi\u00e7\u00e3o a menos de uma semana do combate.<\/p>\n<p><em><strong>Minotauro protagonista\u00a0<\/strong><\/em>&#8211; Outro \u00eddolo brasileiro vai estrelar uma s\u00e9rie do UFC.<\/p>\n<p>Ant\u00f4nio Rodrigo &#8220;Minotauro&#8221; Nogueira, gravou durante o segundo semestre de 2016, diversos epis\u00f3dios para a nova s\u00e9rie do UFC chamada &#8220;The Third Degree&#8221; (O Terceiro Grau).<\/p>\n<p>Viajando para diversos pa\u00edses como R\u00fassia, Jap\u00e3o, Cor\u00e9ia do Sul, Tail\u00e2ndia e Estados Unidos, Minotauro foi conhecer de perto diversas artes marciais em suas ra\u00edzes.<\/p>\n<p>Em cada epis\u00f3dio, o ex lutador voltou a reviver os tempos de atleta profissional e experimentou treinos de Jud\u00f4, Karat\u00ea, Muay Thai, Sambo e Luta Ol\u00edmpica. A s\u00e9rie come\u00e7a a ser exibida neste m\u00eas atrav\u00e9s do canal do UFC, Fight Pass. Ainda n\u00e3o h\u00e1 informa\u00e7\u00f5es se haver\u00e1 transmiss\u00e3o no Brasil.<\/p>\n<figure id=\"attachment_18249\" aria-describedby=\"caption-attachment-18249\" style=\"width: 695px\" class=\"wp-caption aligncenter\"><a href=\"https:\/\/blogs.gazetaesportiva.com\/planeta-octogono\/files\/2015\/07\/11813243_1013279798717522_6847972839003777536_n.jpg\"><img loading=\"lazy\" decoding=\"async\" class=\"size-full wp-image-18249\" src=\"https:\/\/blogs.gazetaesportiva.com\/planeta-octogono\/files\/2015\/07\/11813243_1013279798717522_6847972839003777536_n.jpg\" alt=\"\" width=\"695\" height=\"463\" srcset=\"https:\/\/blogs.gazetaesportiva.com\/planeta-octogono\/files\/2015\/07\/11813243_1013279798717522_6847972839003777536_n.jpg 695w, https:\/\/blogs.gazetaesportiva.com\/planeta-octogono\/files\/2015\/07\/11813243_1013279798717522_6847972839003777536_n-300x200.jpg 300w, https:\/\/blogs.gazetaesportiva.com\/planeta-octogono\/files\/2015\/07\/11813243_1013279798717522_6847972839003777536_n-120x80.jpg 120w\" sizes=\"auto, (max-width: 695px) 100vw, 695px\" \/><\/a><figcaption id=\"caption-attachment-18249\" class=\"wp-caption-text\">Rodrigo Minotauro estr\u00e9ia s\u00e9rie do UFC neste m\u00eas &#8211; Ana Carolina\/Gazeta Press<\/figcaption><\/figure>\n<p><em><strong>UFC vs ONE Championship\u00a0<\/strong><\/em>&#8211; O promotor e treinador de uma das famosas academias da \u00c1sia, a Evolve MMA, Chatri Sityodtong que \u00e9 um dos principais promotores do evento ONE Championship deseja realizar um combate entre as campe\u00e3s, a atleta de Cingapura, Angela Lee e a polonesa campe\u00e3 do UFC, Joanna Jedrzejczyk.<\/p>\n<p>Em entrevista ao site ingl\u00eas IB Times, Chatri n\u00e3o titubeou em pedir uma oportunidade de realizar este duelo entre as campe\u00f5es peso palha feminino de ambas organiza\u00e7\u00f5es.<\/p>\n<p><em>&#8220;A Angela \u00e9 uma das melhores lutadores peso por peso do mundo entre todas as organiza\u00e7\u00f5es. Amaria ver ela lutando contra a Joanna. Acho que seria uma grande luta. Adoraria ver o Dana White me fazer uma liga\u00e7\u00e3o e dizer: Vamos fazer uma campe\u00e3 do UFC contra uma campe\u00e3 do ONE. Isto \u00e9 algo que estou interessado em fazer.<\/em>&#8221; revelou o promotor.<\/p>\n<p>Com 19 anos de idade, Angela \u00e9 considerada uma das atletas com maior notoriedade nos \u00faltimos dois anos no Sudeste Asi\u00e1tico.<\/p>\n<p>Apesar do desejo de Chatri, Joanna Jedrzejczyk est\u00e1 com luta marcada no UFC 211 em maio contra a brasileira Jessica Andrade.<\/p>\n<figure id=\"attachment_21872\" aria-describedby=\"caption-attachment-21872\" style=\"width: 470px\" class=\"wp-caption aligncenter\"><a href=\"https:\/\/blogs.gazetaesportiva.com\/planeta-octogono\/files\/2017\/04\/unnamed.jpg\"><img loading=\"lazy\" decoding=\"async\" class=\"size-full wp-image-21872\" src=\"https:\/\/blogs.gazetaesportiva.com\/planeta-octogono\/files\/2017\/04\/unnamed.jpg\" alt=\"\" width=\"470\" height=\"313\" srcset=\"https:\/\/blogs.gazetaesportiva.com\/planeta-octogono\/files\/2017\/04\/unnamed.jpg 470w, https:\/\/blogs.gazetaesportiva.com\/planeta-octogono\/files\/2017\/04\/unnamed-300x200.jpg 300w, https:\/\/blogs.gazetaesportiva.com\/planeta-octogono\/files\/2017\/04\/unnamed-120x80.jpg 120w\" sizes=\"auto, (max-width: 470px) 100vw, 470px\" \/><\/a><figcaption id=\"caption-attachment-21872\" class=\"wp-caption-text\">Promotor que duelo de campe\u00f5es &#8211; Divulga\u00e7\u00e3o\/ONE Championship<\/figcaption><\/figure>\n<p><em><strong>Muay Thai em S\u00e3o Paulo<\/strong><\/em> &#8211; A cidade de S\u00e3o Paulo recebe neste domingo, o evento EPIC Muay Thai 2017, no Clube Hebraica.<\/p>\n<p>Contando com um GP at\u00e9 57 kg com a presen\u00e7a de 16 lutadores, o evento \u00e9 uma boa op\u00e7\u00e3o para os amantes da luta em p\u00e9.<\/p>\n<p>A primeira etapa do EPIC Muay Thai Brasil ser\u00e1 hoje, 2 de abril, e contar\u00e1 com 12 lutas, sendo 8 do card principal, j\u00e1 selecionando os atletas da primeira chave.<u><\/u><u><\/u><\/p>\n<p>Os duelos j\u00e1 foram definidos (card principal):<u><\/u><u><\/u><\/p>\n<p><u>2 de abril<\/u><u><\/u><u><\/u><\/p>\n<p>Manoel Messias (Santos\/SP) x Nario Costa Pereira (Barra Velha\/SC)<u><\/u><u><\/u><\/p>\n<p>David Henrique (S\u00e3o Vicente\/SP) X Eric Guimar\u00e3es (Joinville\/SC)<u><\/u><u><\/u><\/p>\n<p>Nichloas Santos (S\u00e3o Paulo\/SP) X Deja Moura (S\u00e3o Paulo\/SP)<u><\/u><u><\/u><\/p>\n<p><em>Paulo Pizzo (S\u00e3o Paulo\/SP) X Pedro Nobre (Rio de Janeiro\/RJ)<\/em><u><\/u><u><\/u><\/p>\n<p><strong>EPIC Muay Thai Brasil 2017<\/strong><u><\/u><u><\/u><\/p>\n<p>1\u00aa etapa: 2 de abril de 2017, a partir das 19h<u><\/u><u><\/u><\/p>\n<p>Local: Clube Hebraica (Rua Angelina Mafei Vita, 450)<u><\/u><u><\/u><\/p>\n<p>Ingressos dispon\u00edveis: Ticket F\u00e1cil (<a href=\"http:\/\/www.imcgrupo.com\/link.php?code=bDpodHRwJTNBJTJGJTJGd3d3LmltY2dydXBvLmNvbSUyRmxpbmsucGhwJTNGY29kZSUzRGJEcG9kSFJ3SlROQkpUSkdKVEpHZEdsamEyVjBabUZqYVd3dVkyOXRMbUp5SlRKR1pYWmxiblJ2Y3lVeVJtVndhV010YlhWaGVTMTBhR0ZwTFdKeVlYTnBiQzVoYzNCNE9qRXlNRGc0TXpVeU5qQTZjbUY1YzNOaFFHOXVaV04xY21sMGFXSmhMbU52YlM1aWNqbzVZbU5pWWpNd1pXTmxPV001TVdVMVltSTBPV1kxWTJNMllXVmhaV1kxTmpneToxNDk3NjQ5OTM6ZXJpY2suY2FzdGVsaGVyb0BnYXpldGFlc3BvcnRpdmEuY29tOjYxMDJmNDg1M2VmNDQ5MzhlNmY2M2RhZTY5MTJiOTdhMDQ=\" target=\"_blank\">http:\/\/ticketfacil.com.br\/eventos\/epic-muay-thai-brasil.aspx<\/a>)<u><\/u><u><\/u><\/p>\n<p>Aquibancada: a partir de R$ 45<u><\/u><u><\/u><\/p>\n<p>Numerada: a partir de R$ 80<u><\/u><u><\/u><\/p>\n<p>VIP: a partir de R$120<\/p>\n<p>&nbsp;<\/p>\n","protected":false},"excerpt":{"rendered":"<p>O campe\u00e3o meio pesado do UFC, o americano Daniel Cormier chamou a aten\u00e7\u00e3o dos f\u00e3s nesta semana. Promovendo sua revanche contra o compatriota Anthony Johnson <a class=\"read-more\" href=\"https:\/\/blogs.gazetaesportiva.com\/planeta-octogono\/2017\/04\/02\/cormier-cria-polemica-com-analise-de-luta-com-spider\/\">leia mais<\/a><\/p>\n","protected":false},"author":33,"featured_media":21872,"comment_status":"open","ping_status":"open","sticky":false,"template":"","format":"standard","meta":{"jetpack_post_was_ever_published":false,"_jetpack_newsletter_access":"","_jetpack_dont_email_post_to_subs":false,"_jetpack_newsletter_tier_id":0,"_jetpack_memberships_contains_paywalled_content":false,"_jetpack_memberships_contains_paid_content":false,"footnotes":"","jetpack_publicize_message":"","jetpack_publicize_feature_enabled":true,"jetpack_social_post_already_shared":true,"jetpack_social_options":{"image_generator_settings":{"template":"highway","default_image_id":0,"font":"","enabled":false},"version":2}},"categories":[1],"tags":[],"class_list":["post-21871","post","type-post","status-publish","format-standard","has-post-thumbnail","hentry","category-principal"],"jetpack_publicize_connections":[],"jetpack_featured_media_url":"https:\/\/blogs.gazetaesportiva.com\/planeta-octogono\/files\/2017\/04\/unnamed.jpg","jetpack_sharing_enabled":true,"jetpack_shortlink":"https:\/\/wp.me\/p6rqUQ-5GL","_links":{"self":[{"href":"https:\/\/blogs.gazetaesportiva.com\/planeta-octogono\/wp-json\/wp\/v2\/posts\/21871","targetHints":{"allow":["GET"]}}],"collection":[{"href":"https:\/\/blogs.gazetaesportiva.com\/planeta-octogono\/wp-json\/wp\/v2\/posts"}],"about":[{"href":"https:\/\/blogs.gazetaesportiva.com\/planeta-octogono\/wp-json\/wp\/v2\/types\/post"}],"author":[{"embeddable":true,"href":"https:\/\/blogs.gazetaesportiva.com\/planeta-octogono\/wp-json\/wp\/v2\/users\/33"}],"replies":[{"embeddable":true,"href":"https:\/\/blogs.gazetaesportiva.com\/planeta-octogono\/wp-json\/wp\/v2\/comments?post=21871"}],"version-history":[{"count":0,"href":"https:\/\/blogs.gazetaesportiva.com\/planeta-octogono\/wp-json\/wp\/v2\/posts\/21871\/revisions"}],"wp:featuredmedia":[{"embeddable":true,"href":"https:\/\/blogs.gazetaesportiva.com\/planeta-octogono\/wp-json\/wp\/v2\/media\/21872"}],"wp:attachment":[{"href":"https:\/\/blogs.gazetaesportiva.com\/planeta-octogono\/wp-json\/wp\/v2\/media?parent=21871"}],"wp:term":[{"taxonomy":"category","embeddable":true,"href":"https:\/\/blogs.gazetaesportiva.com\/planeta-octogono\/wp-json\/wp\/v2\/categories?post=21871"},{"taxonomy":"post_tag","embeddable":true,"href":"https:\/\/blogs.gazetaesportiva.com\/planeta-octogono\/wp-json\/wp\/v2\/tags?post=21871"}],"curies":[{"name":"wp","href":"https:\/\/api.w.org\/{rel}","templated":true}]}}