{"id":21867,"date":"2017-04-01T12:34:15","date_gmt":"2017-04-01T15:34:15","guid":{"rendered":"https:\/\/blogs.gazetaesportiva.com\/planeta-octogono\/?p=21867"},"modified":"2017-04-01T12:34:15","modified_gmt":"2017-04-01T15:34:15","slug":"duelo-de-jornalistas-termina-em-nocaute-na-russia","status":"publish","type":"post","link":"https:\/\/blogs.gazetaesportiva.com\/planeta-octogono\/2017\/04\/01\/duelo-de-jornalistas-termina-em-nocaute-na-russia\/","title":{"rendered":"Duelo de jornalistas termina em nocaute na R\u00fassia"},"content":{"rendered":"<figure id=\"attachment_21870\" aria-describedby=\"caption-attachment-21870\" style=\"width: 732px\" class=\"wp-caption aligncenter\"><a href=\"https:\/\/blogs.gazetaesportiva.com\/planeta-octogono\/files\/2017\/04\/IMG_20170402_001630_54.jpg\"><img loading=\"lazy\" decoding=\"async\" class=\"size-full wp-image-21870\" src=\"https:\/\/blogs.gazetaesportiva.com\/planeta-octogono\/files\/2017\/04\/IMG_20170402_001630_54.jpg\" alt=\"\" width=\"732\" height=\"683\" srcset=\"https:\/\/blogs.gazetaesportiva.com\/planeta-octogono\/files\/2017\/04\/IMG_20170402_001630_54.jpg 732w, https:\/\/blogs.gazetaesportiva.com\/planeta-octogono\/files\/2017\/04\/IMG_20170402_001630_54-300x280.jpg 300w\" sizes=\"auto, (max-width: 732px) 100vw, 732px\" \/><\/a><figcaption id=\"caption-attachment-21870\" class=\"wp-caption-text\">Jornalistas fazem luta em evento russo de MMA &#8211; Reprodu\u00e7\u00e3o\/Instagram<\/figcaption><\/figure>\n<p>Hoje \u00e9 dia 1 de abril mas a not\u00edcia \u00e9 verdadeira.<\/p>\n<p>Nesta \u00faltima sexta feira, o evento russo Fight Nights protagonizou um duelo no m\u00ednimo inusitado.<\/p>\n<p>Colocando dois jornalistas que trabalham com o MMA no pa\u00eds, os atletas russos Alexey Safonov e Nikita Burchak receberam a oportunidade de resolver suas diferen\u00e7as no cage.<\/p>\n<p>Praticamente fazendo suas estr\u00e9ias no esporte, os lutadores surpreenderam as expectativas e o duelo teve seu final antes da decis\u00e3o dos ju\u00edzes.<\/p>\n<p>https:\/\/youtu.be\/d9GsRMsLhnA<\/p>\n<p><em><strong>King Mo supera Rampage<\/strong><\/em> &#8211; O Bellator retornou com sua edi\u00e7\u00e3o 175, na noite desta \u00faltima sexta feira.<\/p>\n<p>Protagonizando a luta principal, os americanos Muhammad &#8220;King Mo&#8221; Lawal e Quinton &#8220;Rampage&#8221; Jackson fizeram uma revanche mas com um final diferente da primeira luta.<\/p>\n<p>Usando seu wrestling, Mo neutralizou as a\u00e7\u00f5es de Rampage e convenceu os ju\u00edzes da vit\u00f3ria por decis\u00e3o un\u00e2nime.<\/p>\n<figure id=\"attachment_21868\" aria-describedby=\"caption-attachment-21868\" style=\"width: 1200px\" class=\"wp-caption aligncenter\"><a href=\"https:\/\/blogs.gazetaesportiva.com\/planeta-octogono\/files\/2017\/04\/H34I1240.jpg\"><img loading=\"lazy\" decoding=\"async\" class=\"size-full wp-image-21868\" src=\"https:\/\/blogs.gazetaesportiva.com\/planeta-octogono\/files\/2017\/04\/H34I1240.jpg\" alt=\"\" width=\"1200\" height=\"800\" srcset=\"https:\/\/blogs.gazetaesportiva.com\/planeta-octogono\/files\/2017\/04\/H34I1240.jpg 1200w, https:\/\/blogs.gazetaesportiva.com\/planeta-octogono\/files\/2017\/04\/H34I1240-300x200.jpg 300w, https:\/\/blogs.gazetaesportiva.com\/planeta-octogono\/files\/2017\/04\/H34I1240-768x512.jpg 768w, https:\/\/blogs.gazetaesportiva.com\/planeta-octogono\/files\/2017\/04\/H34I1240-1024x683.jpg 1024w, https:\/\/blogs.gazetaesportiva.com\/planeta-octogono\/files\/2017\/04\/H34I1240-120x80.jpg 120w\" sizes=\"auto, (max-width: 1200px) 100vw, 1200px\" \/><\/a><figcaption id=\"caption-attachment-21868\" class=\"wp-caption-text\">King Mo venceu Rampage no Bellator &#8211; Divulga\u00e7\u00e3o\/Lucas Noonan<\/figcaption><\/figure>\n<p><em><strong>Marcos Loro perde<\/strong><\/em> &#8211; Quem tamb\u00e9m fez sua estr\u00e9ia, foi o ex-campe\u00e3o, Marcos &#8220;Loro&#8221; Galv\u00e3o.<\/p>\n<p>Enfrentando o atleta da casa, Emmanuel Sanchez em sua estr\u00e9ia como peso pena, Loro acabou sendo dominado em p\u00e9, perdendo na decis\u00e3o para a promessa americana.<\/p>\n<figure id=\"attachment_21869\" aria-describedby=\"caption-attachment-21869\" style=\"width: 1200px\" class=\"wp-caption aligncenter\"><a href=\"https:\/\/blogs.gazetaesportiva.com\/planeta-octogono\/files\/2017\/04\/Sanchez-Photo-2.jpg\"><img loading=\"lazy\" decoding=\"async\" class=\"size-full wp-image-21869\" src=\"https:\/\/blogs.gazetaesportiva.com\/planeta-octogono\/files\/2017\/04\/Sanchez-Photo-2.jpg\" alt=\"\" width=\"1200\" height=\"800\" srcset=\"https:\/\/blogs.gazetaesportiva.com\/planeta-octogono\/files\/2017\/04\/Sanchez-Photo-2.jpg 1200w, https:\/\/blogs.gazetaesportiva.com\/planeta-octogono\/files\/2017\/04\/Sanchez-Photo-2-300x200.jpg 300w, https:\/\/blogs.gazetaesportiva.com\/planeta-octogono\/files\/2017\/04\/Sanchez-Photo-2-768x512.jpg 768w, https:\/\/blogs.gazetaesportiva.com\/planeta-octogono\/files\/2017\/04\/Sanchez-Photo-2-1024x683.jpg 1024w, https:\/\/blogs.gazetaesportiva.com\/planeta-octogono\/files\/2017\/04\/Sanchez-Photo-2-120x80.jpg 120w\" sizes=\"auto, (max-width: 1200px) 100vw, 1200px\" \/><\/a><figcaption id=\"caption-attachment-21869\" class=\"wp-caption-text\">Loro perde para Sanchez em estr\u00e9ia na nova categoria &#8211; Divulga\u00e7\u00e3o\/Bellator<\/figcaption><\/figure>\n<p><em><strong>Belfort faz anivers\u00e1rio<\/strong><\/em> &#8211; O carioca Vitor Belfort completa neste s\u00e1bado, 40 anos de idade. Para comemorar a data, o blog selecionou um v\u00eddeo com os melhores momentos da carreira do lutador no MMA.<\/p>\n<p>https:\/\/youtu.be\/13ljp8XdqLM<\/p>\n","protected":false},"excerpt":{"rendered":"<p>Hoje \u00e9 dia 1 de abril mas a not\u00edcia \u00e9 verdadeira. Nesta \u00faltima sexta feira, o evento russo Fight Nights protagonizou um duelo no m\u00ednimo <a class=\"read-more\" href=\"https:\/\/blogs.gazetaesportiva.com\/planeta-octogono\/2017\/04\/01\/duelo-de-jornalistas-termina-em-nocaute-na-russia\/\">leia mais<\/a><\/p>\n","protected":false},"author":33,"featured_media":21870,"comment_status":"open","ping_status":"open","sticky":false,"template":"","format":"standard","meta":{"jetpack_post_was_ever_published":false,"_jetpack_newsletter_access":"","_jetpack_dont_email_post_to_subs":false,"_jetpack_newsletter_tier_id":0,"_jetpack_memberships_contains_paywalled_content":false,"_jetpack_memberships_contains_paid_content":false,"footnotes":"","jetpack_publicize_message":"","jetpack_publicize_feature_enabled":true,"jetpack_social_post_already_shared":true,"jetpack_social_options":{"image_generator_settings":{"template":"highway","default_image_id":0,"font":"","enabled":false},"version":2}},"categories":[1],"tags":[39,475,1301,859,47],"class_list":["post-21867","post","type-post","status-publish","format-standard","has-post-thumbnail","hentry","category-principal","tag-bellator","tag-fight-nights","tag-king-mo","tag-rampage-jackson","tag-vitor-belfort"],"jetpack_publicize_connections":[],"jetpack_featured_media_url":"https:\/\/blogs.gazetaesportiva.com\/planeta-octogono\/files\/2017\/04\/IMG_20170402_001630_54.jpg","jetpack_sharing_enabled":true,"jetpack_shortlink":"https:\/\/wp.me\/p6rqUQ-5GH","_links":{"self":[{"href":"https:\/\/blogs.gazetaesportiva.com\/planeta-octogono\/wp-json\/wp\/v2\/posts\/21867","targetHints":{"allow":["GET"]}}],"collection":[{"href":"https:\/\/blogs.gazetaesportiva.com\/planeta-octogono\/wp-json\/wp\/v2\/posts"}],"about":[{"href":"https:\/\/blogs.gazetaesportiva.com\/planeta-octogono\/wp-json\/wp\/v2\/types\/post"}],"author":[{"embeddable":true,"href":"https:\/\/blogs.gazetaesportiva.com\/planeta-octogono\/wp-json\/wp\/v2\/users\/33"}],"replies":[{"embeddable":true,"href":"https:\/\/blogs.gazetaesportiva.com\/planeta-octogono\/wp-json\/wp\/v2\/comments?post=21867"}],"version-history":[{"count":0,"href":"https:\/\/blogs.gazetaesportiva.com\/planeta-octogono\/wp-json\/wp\/v2\/posts\/21867\/revisions"}],"wp:featuredmedia":[{"embeddable":true,"href":"https:\/\/blogs.gazetaesportiva.com\/planeta-octogono\/wp-json\/wp\/v2\/media\/21870"}],"wp:attachment":[{"href":"https:\/\/blogs.gazetaesportiva.com\/planeta-octogono\/wp-json\/wp\/v2\/media?parent=21867"}],"wp:term":[{"taxonomy":"category","embeddable":true,"href":"https:\/\/blogs.gazetaesportiva.com\/planeta-octogono\/wp-json\/wp\/v2\/categories?post=21867"},{"taxonomy":"post_tag","embeddable":true,"href":"https:\/\/blogs.gazetaesportiva.com\/planeta-octogono\/wp-json\/wp\/v2\/tags?post=21867"}],"curies":[{"name":"wp","href":"https:\/\/api.w.org\/{rel}","templated":true}]}}