{"id":21859,"date":"2017-03-15T00:23:13","date_gmt":"2017-03-15T03:23:13","guid":{"rendered":"https:\/\/blogs.gazetaesportiva.com\/planeta-octogono\/?p=21859"},"modified":"2017-03-15T00:23:13","modified_gmt":"2017-03-15T03:23:13","slug":"anderson-silva-enfrenta-algoz-de-belfort-no-ufc","status":"publish","type":"post","link":"https:\/\/blogs.gazetaesportiva.com\/planeta-octogono\/2017\/03\/15\/anderson-silva-enfrenta-algoz-de-belfort-no-ufc\/","title":{"rendered":"Anderson Silva enfrenta algoz de Belfort no UFC"},"content":{"rendered":"<figure id=\"attachment_21860\" aria-describedby=\"caption-attachment-21860\" style=\"width: 1200px\" class=\"wp-caption aligncenter\"><a href=\"https:\/\/blogs.gazetaesportiva.com\/planeta-octogono\/files\/2017\/03\/IMG_nzqkno.jpg\"><img loading=\"lazy\" decoding=\"async\" class=\"wp-image-21860 size-full\" src=\"https:\/\/blogs.gazetaesportiva.com\/planeta-octogono\/files\/2017\/03\/IMG_nzqkno.jpg\" width=\"1200\" height=\"1200\" srcset=\"https:\/\/blogs.gazetaesportiva.com\/planeta-octogono\/files\/2017\/03\/IMG_nzqkno.jpg 1200w, https:\/\/blogs.gazetaesportiva.com\/planeta-octogono\/files\/2017\/03\/IMG_nzqkno-150x150.jpg 150w, https:\/\/blogs.gazetaesportiva.com\/planeta-octogono\/files\/2017\/03\/IMG_nzqkno-300x300.jpg 300w, https:\/\/blogs.gazetaesportiva.com\/planeta-octogono\/files\/2017\/03\/IMG_nzqkno-768x768.jpg 768w, https:\/\/blogs.gazetaesportiva.com\/planeta-octogono\/files\/2017\/03\/IMG_nzqkno-1024x1024.jpg 1024w\" sizes=\"auto, (max-width: 1200px) 100vw, 1200px\" \/><\/a><figcaption id=\"caption-attachment-21860\" class=\"wp-caption-text\">Spider volta a lutar no Brasil ap\u00f3s quase cinco anos &#8211; Divulga\u00e7\u00e3o<\/figcaption><\/figure>\n<p>\u00c9 oficial!<\/p>\n<p>O UFC anunciou na noite desta ter\u00e7a feira que Anderson Silva vai voltar a lutar no Brasil.<\/p>\n<p>Ap\u00f3s ficar quase cinco anos longe do p\u00fablico brasileiro, Spider vai enfrentar o americano Kelvin Gastelum, na edi\u00e7\u00e3o do UFC 212, no Rio de Janeiro.<\/p>\n<p>O duelo que acontece no dia 3 de junho, marca mais um desafio de gera\u00e7\u00f5es com Anderson encarando o vencedor do TUF, que em seu \u00faltimo compromisso, nocauteou outro importante nome do MMA brasileiro, o carioca Vitor Belfort, no UFC Fortaleza.<\/p>\n<p>Al\u00e9m de Anderson, o evento contar\u00e1 com a disputa de cintur\u00e3o peso pena entre Jos\u00e9 Aldo e Max Holloway.<\/p>\n<figure id=\"attachment_21857\" aria-describedby=\"caption-attachment-21857\" style=\"width: 594px\" class=\"wp-caption aligncenter\"><a href=\"https:\/\/blogs.gazetaesportiva.com\/planeta-octogono\/files\/2017\/03\/652330328.jpg\"><img loading=\"lazy\" decoding=\"async\" class=\"size-full wp-image-21857\" src=\"https:\/\/blogs.gazetaesportiva.com\/planeta-octogono\/files\/2017\/03\/652330328.jpg\" alt=\"\" width=\"594\" height=\"419\" srcset=\"https:\/\/blogs.gazetaesportiva.com\/planeta-octogono\/files\/2017\/03\/652330328.jpg 594w, https:\/\/blogs.gazetaesportiva.com\/planeta-octogono\/files\/2017\/03\/652330328-300x212.jpg 300w\" sizes=\"auto, (max-width: 594px) 100vw, 594px\" \/><\/a><figcaption id=\"caption-attachment-21857\" class=\"wp-caption-text\">Gastelum vence Belfort por nocaute &#8211; Divulga\u00e7\u00e3o\/Buda Mendes<\/figcaption><\/figure>\n","protected":false},"excerpt":{"rendered":"<p>\u00c9 oficial! O UFC anunciou na noite desta ter\u00e7a feira que Anderson Silva vai voltar a lutar no Brasil. Ap\u00f3s ficar quase cinco anos longe <a class=\"read-more\" href=\"https:\/\/blogs.gazetaesportiva.com\/planeta-octogono\/2017\/03\/15\/anderson-silva-enfrenta-algoz-de-belfort-no-ufc\/\">leia mais<\/a><\/p>\n","protected":false},"author":33,"featured_media":21860,"comment_status":"open","ping_status":"open","sticky":false,"template":"","format":"standard","meta":{"jetpack_post_was_ever_published":false,"_jetpack_newsletter_access":"","_jetpack_dont_email_post_to_subs":false,"_jetpack_newsletter_tier_id":0,"_jetpack_memberships_contains_paywalled_content":false,"_jetpack_memberships_contains_paid_content":false,"footnotes":"","jetpack_publicize_message":"","jetpack_publicize_feature_enabled":true,"jetpack_social_post_already_shared":true,"jetpack_social_options":{"image_generator_settings":{"template":"highway","default_image_id":0,"font":"","enabled":false},"version":2}},"categories":[1],"tags":[22,1205,1521],"class_list":["post-21859","post","type-post","status-publish","format-standard","has-post-thumbnail","hentry","category-principal","tag-anderson-silva","tag-kelvin-gastelum","tag-ufc-212"],"jetpack_publicize_connections":[],"jetpack_featured_media_url":"https:\/\/blogs.gazetaesportiva.com\/planeta-octogono\/files\/2017\/03\/IMG_nzqkno.jpg","jetpack_sharing_enabled":true,"jetpack_shortlink":"https:\/\/wp.me\/p6rqUQ-5Gz","_links":{"self":[{"href":"https:\/\/blogs.gazetaesportiva.com\/planeta-octogono\/wp-json\/wp\/v2\/posts\/21859","targetHints":{"allow":["GET"]}}],"collection":[{"href":"https:\/\/blogs.gazetaesportiva.com\/planeta-octogono\/wp-json\/wp\/v2\/posts"}],"about":[{"href":"https:\/\/blogs.gazetaesportiva.com\/planeta-octogono\/wp-json\/wp\/v2\/types\/post"}],"author":[{"embeddable":true,"href":"https:\/\/blogs.gazetaesportiva.com\/planeta-octogono\/wp-json\/wp\/v2\/users\/33"}],"replies":[{"embeddable":true,"href":"https:\/\/blogs.gazetaesportiva.com\/planeta-octogono\/wp-json\/wp\/v2\/comments?post=21859"}],"version-history":[{"count":0,"href":"https:\/\/blogs.gazetaesportiva.com\/planeta-octogono\/wp-json\/wp\/v2\/posts\/21859\/revisions"}],"wp:featuredmedia":[{"embeddable":true,"href":"https:\/\/blogs.gazetaesportiva.com\/planeta-octogono\/wp-json\/wp\/v2\/media\/21860"}],"wp:attachment":[{"href":"https:\/\/blogs.gazetaesportiva.com\/planeta-octogono\/wp-json\/wp\/v2\/media?parent=21859"}],"wp:term":[{"taxonomy":"category","embeddable":true,"href":"https:\/\/blogs.gazetaesportiva.com\/planeta-octogono\/wp-json\/wp\/v2\/categories?post=21859"},{"taxonomy":"post_tag","embeddable":true,"href":"https:\/\/blogs.gazetaesportiva.com\/planeta-octogono\/wp-json\/wp\/v2\/tags?post=21859"}],"curies":[{"name":"wp","href":"https:\/\/api.w.org\/{rel}","templated":true}]}}