{"id":21853,"date":"2017-03-12T03:55:25","date_gmt":"2017-03-12T06:55:25","guid":{"rendered":"https:\/\/blogs.gazetaesportiva.com\/planeta-octogono\/?p=21853"},"modified":"2017-03-12T03:55:25","modified_gmt":"2017-03-12T06:55:25","slug":"belfort-e-nocauteado-por-gastelum-no-ufc-fortaleza","status":"publish","type":"post","link":"https:\/\/blogs.gazetaesportiva.com\/planeta-octogono\/2017\/03\/12\/belfort-e-nocauteado-por-gastelum-no-ufc-fortaleza\/","title":{"rendered":"Belfort \u00e9 nocauteado por Gastelum no UFC Fortaleza"},"content":{"rendered":"<figure id=\"attachment_21854\" aria-describedby=\"caption-attachment-21854\" style=\"width: 594px\" class=\"wp-caption aligncenter\"><a href=\"https:\/\/blogs.gazetaesportiva.com\/planeta-octogono\/files\/2017\/03\/IMG_20170312_154143.jpg\"><img loading=\"lazy\" decoding=\"async\" class=\"size-full wp-image-21854\" src=\"https:\/\/blogs.gazetaesportiva.com\/planeta-octogono\/files\/2017\/03\/IMG_20170312_154143.jpg\" alt=\"\" width=\"594\" height=\"395\" srcset=\"https:\/\/blogs.gazetaesportiva.com\/planeta-octogono\/files\/2017\/03\/IMG_20170312_154143.jpg 594w, https:\/\/blogs.gazetaesportiva.com\/planeta-octogono\/files\/2017\/03\/IMG_20170312_154143-300x199.jpg 300w, https:\/\/blogs.gazetaesportiva.com\/planeta-octogono\/files\/2017\/03\/IMG_20170312_154143-120x80.jpg 120w\" sizes=\"auto, (max-width: 594px) 100vw, 594px\" \/><\/a><figcaption id=\"caption-attachment-21854\" class=\"wp-caption-text\">Belfort \u00e9 nocauteado por americano que desafiou Anderson Silva &#8211; Divulga\u00e7\u00e3o\/Buda Mendes<\/figcaption><\/figure>\n<p>O UFC retornou ao Brasil neste \u00faltimo s\u00e1bado.<\/p>\n<p>Realizando a sua segunda visita na cidade de Fortaleza, o Centro de Forma\u00e7\u00e3o Ol\u00edmpica recebeu a primeira edi\u00e7\u00e3o do Ultimate neste ano no pa\u00eds.<\/p>\n<p>Liderado pelo \u00eddolo nacional, o carioca Vitor Belfort acabou n\u00e3o atingindo seu objetivo contra a promessa a americana Kelvin Gastelum.<\/p>\n<p>Em um duelo com bastante movimenta\u00e7\u00e3o, Belfort tomou a iniciativa buscando colocar seu conhecido boxe em pr\u00e1tica.<\/p>\n<p>Sabendo do perigo, Gastelum adotou uma postura paciente que aos poucos foi mudando ao decorrer do primeiro round.<\/p>\n<p>Ap\u00f3s acertar um knockdown em Vitor, o americano continuou a atacar at\u00e9 conseguir a vit\u00f3ria.<\/p>\n<p>Belfort tentou resistir a press\u00e3o de Kelvin, chegando a se recuperar da primeira queda mas acabou n\u00e3o suportando a segunda press\u00e3o de Gastelum.<\/p>\n<p>Com socos pesados, o campe\u00e3o do reality show de lutas do UFC, The Ultimate Fighter acabou conseguindo obrigar o \u00e1rbitro a interromper o combate ap\u00f3s um segundo knockdown e mais alguns socos no advers\u00e1rio.<\/p>\n<figure id=\"attachment_21857\" aria-describedby=\"caption-attachment-21857\" style=\"width: 594px\" class=\"wp-caption aligncenter\"><a href=\"https:\/\/blogs.gazetaesportiva.com\/planeta-octogono\/files\/2017\/03\/652330328.jpg\"><img loading=\"lazy\" decoding=\"async\" class=\"size-full wp-image-21857\" src=\"https:\/\/blogs.gazetaesportiva.com\/planeta-octogono\/files\/2017\/03\/652330328.jpg\" alt=\"\" width=\"594\" height=\"419\" srcset=\"https:\/\/blogs.gazetaesportiva.com\/planeta-octogono\/files\/2017\/03\/652330328.jpg 594w, https:\/\/blogs.gazetaesportiva.com\/planeta-octogono\/files\/2017\/03\/652330328-300x212.jpg 300w\" sizes=\"auto, (max-width: 594px) 100vw, 594px\" \/><\/a><figcaption id=\"caption-attachment-21857\" class=\"wp-caption-text\">Gastelum vence Belfort por nocaute &#8211; Divulga\u00e7\u00e3o\/Buda Mendes<\/figcaption><\/figure>\n<p style=\"text-align: center\"><strong><em>Desafio a Spider e Belfort quer luta de despedida&#8230;<\/em><\/strong><\/p>\n<p>Na entrevista p\u00f3s luta, Kelvin Gastelum aproveitou a oportunidade para desafiar o maior nome do MMA brasileiro na atualidade, Anderson Silva.<\/p>\n<p>&#8220;<em>Gostaria de enfrentar o Anderson Silva em junho, no Rio de Janeiro. Quero agradecer a todos voc\u00eas pelo apoio. Fiquei tr\u00eas meses treinando para essa luta contra o Vitor e n\u00e3o pude participar do anivers\u00e1rio de minha m\u00e3e.<\/em>&#8221; revelou Kelvin que ensaiou um &#8220;parab\u00e9ns&#8221; com a ajuda do p\u00fablico.<\/p>\n<p>Ap\u00f3s o nocaute, Belfort novamente decepcionado pediu desculpas ao p\u00fablico e pediu uma nova oportunidade para lutar no mesmo card que Gastelum, no Rio.<\/p>\n<p>&#8220;<em>Queria pedir desculpas para voc\u00eas. Hoje n\u00e3o foi o meu dia. Quero voltar para fazer minha \u00faltima luta no contrato que tenho com o UFC, quem sabe na minha cidade, no Rio de Janeiro<\/em>.&#8221; disse Belfort.<\/p>\n<p style=\"text-align: center\"><em><strong>Barboza, Shogun e Borrachinha brilham com nocautes&#8230;<\/strong><\/em><\/p>\n<p style=\"text-align: left\">Quem roubou a cena foram os brasileiros Edson Barboza Jr e Paulo Borrachinha.<\/p>\n<p style=\"text-align: left\">Fazendo um dos duelos mais equilibrados da noite contra o americano Beneil Dariush, Barboza encontrou dificuldades at\u00e9 acertar uma poderosa joelhada voadora que derrubou o oponente.<\/p>\n<p style=\"text-align: left\">Edson chegou pediu uma chance de disputar o t\u00edtulo, ap\u00f3s o feito em Fortaleza.<\/p>\n<p style=\"text-align: left\">&#8220;<em>J\u00e1 estou lutando a muito tempo no UFC e venho de vit\u00f3rias consecutivas. Est\u00e1 na hora de ter uma chance e lutar pelo cintur\u00e3o, o que voc\u00ea acham?<\/em>&#8221; perguntou o lutador que recebeu o apoio da torcida.<\/p>\n<figure id=\"attachment_21855\" aria-describedby=\"caption-attachment-21855\" style=\"width: 640px\" class=\"wp-caption aligncenter\"><a href=\"https:\/\/blogs.gazetaesportiva.com\/planeta-octogono\/files\/2017\/03\/edson-celeb-octagon-fortaleza.jpg\"><img loading=\"lazy\" decoding=\"async\" class=\"size-full wp-image-21855\" src=\"https:\/\/blogs.gazetaesportiva.com\/planeta-octogono\/files\/2017\/03\/edson-celeb-octagon-fortaleza.jpg\" alt=\"\" width=\"640\" height=\"459\" srcset=\"https:\/\/blogs.gazetaesportiva.com\/planeta-octogono\/files\/2017\/03\/edson-celeb-octagon-fortaleza.jpg 640w, https:\/\/blogs.gazetaesportiva.com\/planeta-octogono\/files\/2017\/03\/edson-celeb-octagon-fortaleza-300x215.jpg 300w\" sizes=\"auto, (max-width: 640px) 100vw, 640px\" \/><\/a><figcaption id=\"caption-attachment-21855\" class=\"wp-caption-text\">Edson Barboza brilha com nocaute avassalador no UFC &#8211; Divulga\u00e7\u00e3o\/Buda Mendes<\/figcaption><\/figure>\n<p style=\"text-align: left\">Na co-luta principal, o ex campe\u00e3o Maur\u00edcio &#8220;Shogun&#8221; Rua fez um duelo franco contra Gian Villante.<\/p>\n<p style=\"text-align: left\">Em uma verdadeira luta de boxe, Shogun chegou a balan\u00e7ar ap\u00f3s uma sequ\u00eancia de golpes. Mostrando um bom poder de recupera\u00e7\u00e3o, o brasileiro conseguiu reverter o momento ruim com o nocaute no segundo round.<\/p>\n<figure id=\"attachment_21856\" aria-describedby=\"caption-attachment-21856\" style=\"width: 594px\" class=\"wp-caption aligncenter\"><a href=\"https:\/\/blogs.gazetaesportiva.com\/planeta-octogono\/files\/2017\/03\/652327006.jpg\"><img loading=\"lazy\" decoding=\"async\" class=\"size-full wp-image-21856\" src=\"https:\/\/blogs.gazetaesportiva.com\/planeta-octogono\/files\/2017\/03\/652327006.jpg\" alt=\"\" width=\"594\" height=\"423\" srcset=\"https:\/\/blogs.gazetaesportiva.com\/planeta-octogono\/files\/2017\/03\/652327006.jpg 594w, https:\/\/blogs.gazetaesportiva.com\/planeta-octogono\/files\/2017\/03\/652327006-300x214.jpg 300w\" sizes=\"auto, (max-width: 594px) 100vw, 594px\" \/><\/a><figcaption id=\"caption-attachment-21856\" class=\"wp-caption-text\">Shogun nocauteia Villante &#8211; Divulga\u00e7\u00e3o\/Buda Mendes<\/figcaption><\/figure>\n<p style=\"text-align: left\">Fazendo sua estr\u00e9ia no UFC, o campe\u00e3o do Jungle Fight, Paulo Borrachinha n\u00e3o tomou conhecimento do sul africano Garreth McLellah.<\/p>\n<p style=\"text-align: left\">Em apenas 77 segundos de luta, o brasileiro conseguiu impor seu jogo em p\u00e9 e vencer no primeiro round por nocaute t\u00e9cnico.<\/p>\n<p style=\"text-align: left\">O UFC retorna no pr\u00f3ximo final de semana com a edi\u00e7\u00e3o Fight Night Londres. O duelo principal ser\u00e1 entre o ingl\u00eas Jimi Manuwa que enfrenta o americano Corey Anderson.<\/p>\n<p style=\"text-align: center\"><em><strong>Resultados do UFC Fortaleza:<\/strong><\/em><\/p>\n<p style=\"text-align: center\"><em><strong>Kelvin Gastelum venceu Vitor Belfort por nocaute t\u00e9cnico aos 3m52s do 1\u00ba round;<\/strong><\/em><\/p>\n<p style=\"text-align: center\"><em><strong>Mauricio Rua venceu Gian Villante por nocaute t\u00e9cnico aos 59s do 3\u00ba round;<\/strong><\/em><\/p>\n<p style=\"text-align: center\"><em><strong>Edson Barboza venceu Beneil Dariush por nocaute aos 3m35s do 2\u00ba round;<\/strong><\/em><\/p>\n<p style=\"text-align: center\"><em><strong>Ray Borg venceu Jussier Formiga por decis\u00e3o un\u00e2nime (29-28, 29-28, 29-28);<\/strong><\/em><\/p>\n<p style=\"text-align: center\"><em><strong>Bethe Correia e Marion Reneau empataram em decis\u00e3o majorit\u00e1ria (27-29, 28-28, 28-28);<\/strong><\/em><\/p>\n<p style=\"text-align: center\"><em><strong>Alex Oliveira venceu Tim Means por finaliza\u00e7\u00e3o (mata-le\u00e3o) aos 2m38s do 2\u00ba round;<\/strong><\/em><\/p>\n<p style=\"text-align: center\"><em><strong>Kevin Lee venceu Francisco Trinaldo por finaliza\u00e7\u00e3o aos 3m12s do 2\u00ba round;<\/strong><\/em><\/p>\n<p style=\"text-align: center\"><em><strong>Sergio Moraes venceu Davi Ramos por decis\u00e3o un\u00e2nime (30-27, 30-27, 30-27);<\/strong><\/em><\/p>\n<p style=\"text-align: center\"><em><strong>Joe Soto venceu Rani Yahya por decis\u00e3o un\u00e2nime (29-28, 29-27, 29-27);<\/strong><\/em><\/p>\n<p style=\"text-align: center\"><em><strong>Michel Prazeres venceu Joshua Burkman por finaliza\u00e7\u00e3o (estrangulamento norte-sul) a 1m41s do 1\u00ba round;<\/strong><\/em><\/p>\n<p style=\"text-align: center\"><em><strong>Jeremy Kennedy venceu Rony Jason por decis\u00e3o un\u00e2nime (29-28, 29-28, 29-27);<\/strong><\/em><\/p>\n<p style=\"text-align: center\"><em><strong>Paulo Borrachinha venceu Garreth McLellan por nocaute t\u00e9cnico a 1m17s do 1\u00ba round.<\/strong><\/em><\/p>\n","protected":false},"excerpt":{"rendered":"<p>O UFC retornou ao Brasil neste \u00faltimo s\u00e1bado. Realizando a sua segunda visita na cidade de Fortaleza, o Centro de Forma\u00e7\u00e3o Ol\u00edmpica recebeu a primeira <a class=\"read-more\" href=\"https:\/\/blogs.gazetaesportiva.com\/planeta-octogono\/2017\/03\/12\/belfort-e-nocauteado-por-gastelum-no-ufc-fortaleza\/\">leia mais<\/a><\/p>\n","protected":false},"author":33,"featured_media":21857,"comment_status":"open","ping_status":"open","sticky":false,"template":"","format":"standard","meta":{"jetpack_post_was_ever_published":false,"_jetpack_newsletter_access":"","_jetpack_dont_email_post_to_subs":false,"_jetpack_newsletter_tier_id":0,"_jetpack_memberships_contains_paywalled_content":false,"_jetpack_memberships_contains_paid_content":false,"footnotes":"","jetpack_publicize_message":"","jetpack_publicize_feature_enabled":true,"jetpack_social_post_already_shared":true,"jetpack_social_options":{"image_generator_settings":{"template":"highway","default_image_id":0,"font":"","enabled":false},"version":2}},"categories":[1],"tags":[],"class_list":["post-21853","post","type-post","status-publish","format-standard","has-post-thumbnail","hentry","category-principal"],"jetpack_publicize_connections":[],"jetpack_featured_media_url":"https:\/\/blogs.gazetaesportiva.com\/planeta-octogono\/files\/2017\/03\/652330328.jpg","jetpack_sharing_enabled":true,"jetpack_shortlink":"https:\/\/wp.me\/p6rqUQ-5Gt","_links":{"self":[{"href":"https:\/\/blogs.gazetaesportiva.com\/planeta-octogono\/wp-json\/wp\/v2\/posts\/21853","targetHints":{"allow":["GET"]}}],"collection":[{"href":"https:\/\/blogs.gazetaesportiva.com\/planeta-octogono\/wp-json\/wp\/v2\/posts"}],"about":[{"href":"https:\/\/blogs.gazetaesportiva.com\/planeta-octogono\/wp-json\/wp\/v2\/types\/post"}],"author":[{"embeddable":true,"href":"https:\/\/blogs.gazetaesportiva.com\/planeta-octogono\/wp-json\/wp\/v2\/users\/33"}],"replies":[{"embeddable":true,"href":"https:\/\/blogs.gazetaesportiva.com\/planeta-octogono\/wp-json\/wp\/v2\/comments?post=21853"}],"version-history":[{"count":0,"href":"https:\/\/blogs.gazetaesportiva.com\/planeta-octogono\/wp-json\/wp\/v2\/posts\/21853\/revisions"}],"wp:featuredmedia":[{"embeddable":true,"href":"https:\/\/blogs.gazetaesportiva.com\/planeta-octogono\/wp-json\/wp\/v2\/media\/21857"}],"wp:attachment":[{"href":"https:\/\/blogs.gazetaesportiva.com\/planeta-octogono\/wp-json\/wp\/v2\/media?parent=21853"}],"wp:term":[{"taxonomy":"category","embeddable":true,"href":"https:\/\/blogs.gazetaesportiva.com\/planeta-octogono\/wp-json\/wp\/v2\/categories?post=21853"},{"taxonomy":"post_tag","embeddable":true,"href":"https:\/\/blogs.gazetaesportiva.com\/planeta-octogono\/wp-json\/wp\/v2\/tags?post=21853"}],"curies":[{"name":"wp","href":"https:\/\/api.w.org\/{rel}","templated":true}]}}