{"id":21848,"date":"2017-03-06T12:29:17","date_gmt":"2017-03-06T15:29:17","guid":{"rendered":"https:\/\/blogs.gazetaesportiva.com\/planeta-octogono\/?p=21848"},"modified":"2017-03-06T12:29:17","modified_gmt":"2017-03-06T15:29:17","slug":"ufc-anuncia-retorno-de-jacare-e-brasileiro-disputando-cinturao","status":"publish","type":"post","link":"https:\/\/blogs.gazetaesportiva.com\/planeta-octogono\/2017\/03\/06\/ufc-anuncia-retorno-de-jacare-e-brasileiro-disputando-cinturao\/","title":{"rendered":"UFC anuncia retorno de Jacar\u00e9 e brasileiro disputando cintur\u00e3o"},"content":{"rendered":"<figure id=\"attachment_21850\" aria-describedby=\"caption-attachment-21850\" style=\"width: 1200px\" class=\"wp-caption aligncenter\"><a href=\"https:\/\/blogs.gazetaesportiva.com\/planeta-octogono\/files\/2017\/03\/IMG_20170307_002513.jpg\"><img loading=\"lazy\" decoding=\"async\" class=\"size-full wp-image-21850\" src=\"https:\/\/blogs.gazetaesportiva.com\/planeta-octogono\/files\/2017\/03\/IMG_20170307_002513.jpg\" alt=\"\" width=\"1200\" height=\"1200\" srcset=\"https:\/\/blogs.gazetaesportiva.com\/planeta-octogono\/files\/2017\/03\/IMG_20170307_002513.jpg 1200w, https:\/\/blogs.gazetaesportiva.com\/planeta-octogono\/files\/2017\/03\/IMG_20170307_002513-150x150.jpg 150w, https:\/\/blogs.gazetaesportiva.com\/planeta-octogono\/files\/2017\/03\/IMG_20170307_002513-300x300.jpg 300w, https:\/\/blogs.gazetaesportiva.com\/planeta-octogono\/files\/2017\/03\/IMG_20170307_002513-768x768.jpg 768w, https:\/\/blogs.gazetaesportiva.com\/planeta-octogono\/files\/2017\/03\/IMG_20170307_002513-1024x1024.jpg 1024w\" sizes=\"auto, (max-width: 1200px) 100vw, 1200px\" \/><\/a><figcaption id=\"caption-attachment-21850\" class=\"wp-caption-text\">Brasileiro disputa cintur\u00e3o do UFC &#8211; Divulga\u00e7\u00e3o<\/figcaption><\/figure>\n<p>O UFC definiu o pr\u00f3ximo compromisso de dois lutadores brasileiros que est\u00e3o no topo de suas categorias.<\/p>\n<p>Pelo peso mosca, Wilson Reis vai disputar o cintur\u00e3o da categoria contra Demetrious Johnson, no dia 15 de abril.<\/p>\n<p>A luta que chegou a ser marcada antes mas devido a uma les\u00e3o do campe\u00e3o, o duelo acabou sendo cancelado e est\u00e1 sendo remarcado.<\/p>\n<p>Vindo de uma sequ\u00eancia de vit\u00f3rias no oct\u00f3gono, Wilson tem a dif\u00edcil miss\u00e3o de impedir o &#8220;Ligeirinho&#8221;, de alcan\u00e7ar a marca de Anderson Silva, com 10 defesas de cintur\u00e3o seguidas.<\/p>\n<p>Quem tamb\u00e9m retorna nesta data \u00e9 Ronaldo Jacar\u00e9.<\/p>\n<p>Depois de ver seu pedido para lutar pelo t\u00edtulo dos m\u00e9dios ser ignorado pela organiza\u00e7\u00e3o com a chegada do ex campe\u00e3o Georges St. Pierre, Jacar\u00e9 continua se mantendo ativo e vai encarar o australiano Robert Whittaker.<\/p>\n<p>Vindo de seis vit\u00f3rias seguidas, entre elas sobre Derek Brunson e Rafael Sapo, Whittaker tem a oportunidade de chegar pr\u00f3ximo da lista de desafiantes caso ven\u00e7a o brasileiro que precisa de vit\u00f3ria para n\u00e3o ver o desejo de lutar pelo t\u00edtulo ficar distante.<\/p>\n<p>No mesmo evento foram anunciados os duelos entre Michelle Waterson contra Rose Namajunas e o americano Jeremy Stephens enfrenta o brasileiro Renato Moicano.<\/p>\n<figure id=\"attachment_15601\" aria-describedby=\"caption-attachment-15601\" style=\"width: 695px\" class=\"wp-caption aligncenter\"><a href=\"https:\/\/blogs.gazetaesportiva.com\/planeta-octogono\/files\/2014\/12\/jacarecarol.jpg\"><img loading=\"lazy\" decoding=\"async\" class=\"size-full wp-image-15601\" src=\"https:\/\/blogs.gazetaesportiva.com\/planeta-octogono\/files\/2014\/12\/jacarecarol.jpg\" alt=\"\" width=\"695\" height=\"463\" \/><\/a><figcaption id=\"caption-attachment-15601\" class=\"wp-caption-text\">Bisping quer ver duelo de Jacar\u00e9 retorna contra promessa australiana no UFC &#8211; Ana Carolina\/Gazeta Press<\/figcaption><\/figure>\n<p><strong>Desculpas ao p\u00fablico<\/strong> &#8211; O russo Khabib Nurmagomedov finalmente se pronunciou ap\u00f3s ter problemas de sa\u00fade e ter seu duelo cancelado contra o americano Tony Ferguson. Khabib al\u00e9m de se desculpar, afirmou estar bem ap\u00f3s as complica\u00e7\u00f5es durante o corte de peso no UFC 209.<\/p>\n<figure id=\"attachment_12011\" aria-describedby=\"caption-attachment-12011\" style=\"width: 960px\" class=\"wp-caption aligncenter\"><a href=\"https:\/\/blogs.gazetaesportiva.com\/planeta-octogono\/files\/2014\/04\/10169172_10152336423811276_4173219694093151038_n.jpg\"><img loading=\"lazy\" decoding=\"async\" class=\"size-full wp-image-12011\" src=\"https:\/\/blogs.gazetaesportiva.com\/planeta-octogono\/files\/2014\/04\/10169172_10152336423811276_4173219694093151038_n.jpg\" alt=\"\" width=\"960\" height=\"668\" \/><\/a><figcaption id=\"caption-attachment-12011\" class=\"wp-caption-text\">Khabib Nurmagomedov se pronuncia ap\u00f3s problemas de sa\u00fade no UFC 209 &#8211; Divulga\u00e7\u00e3o UFC\/Josh Hedges<\/figcaption><\/figure>\n<p><strong>Maldonado nocauteia na R\u00fassia\u00a0<\/strong>&#8211; O ex lutador do UFC, F\u00e1bio Maldonado voltou a vencer no MMA. Ap\u00f3s duas derrotas, o &#8220;Fi\u00e3o&#8221; venceu Abdul Davlyatov.<\/p>\n<p>https:\/\/youtu.be\/1a9rjYAffy0<\/p>\n<p><strong>Pudzian de volta\u00a0<\/strong>&#8211; 5 vezes considerado &#8220;O homem mais forte do mundo&#8221;, o polon\u00eas Mariusz Pudizanowski enfrenta Tyberiusz Kowalczyk. O duelo acontece na edi\u00e7\u00e3o Coliseu do KSW, maior evento de MMA da Europa, em um est\u00e1dio de futebol para 70 mil pessoas, no dia 27 de maio.<\/p>\n<p><iframe loading=\"lazy\" title=\"Oficjalny trailer KSW 39: Colosseum\" width=\"640\" height=\"360\" src=\"https:\/\/www.youtube.com\/embed\/czqWTl-GxjE?feature=oembed\" frameborder=\"0\" allow=\"accelerometer; autoplay; clipboard-write; encrypted-media; gyroscope; picture-in-picture; web-share\" referrerpolicy=\"strict-origin-when-cross-origin\" allowfullscreen><\/iframe><\/p>\n<p><strong>Semana cheia de eventos<\/strong> &#8211; Este pr\u00f3ximo fim de semana promete. Teremos a edi\u00e7\u00e3o do UFC em Fortaleza, no Brasil, com Vitor Belfort retornando contra Kelvin Gastelum. Al\u00e9m do UFC, teremos a edi\u00e7\u00e3o do evento \u00e1rabe Brave FC com v\u00e1rios brasileiros em Curitiba.<\/p>\n<p>Pelo mundo, o evento russo ACB \u00e9 um dos destaques juntamente com o ONE Championship.<\/p>\n<p>Na luta principal do ACB, a lenda europ\u00e9ia Mamed Khalidov encara o ingl\u00eas Luke Barnatt. Pelo ONE, a estrela de Cingapura Angela Lee enfrenta Jenny Huang.<\/p>\n<figure id=\"attachment_21849\" aria-describedby=\"caption-attachment-21849\" style=\"width: 1500px\" class=\"wp-caption aligncenter\"><a href=\"https:\/\/blogs.gazetaesportiva.com\/planeta-octogono\/files\/2017\/03\/IMG_20170306_220507.jpg\"><img loading=\"lazy\" decoding=\"async\" class=\"size-full wp-image-21849\" src=\"https:\/\/blogs.gazetaesportiva.com\/planeta-octogono\/files\/2017\/03\/IMG_20170306_220507.jpg\" alt=\"\" width=\"1500\" height=\"500\" srcset=\"https:\/\/blogs.gazetaesportiva.com\/planeta-octogono\/files\/2017\/03\/IMG_20170306_220507.jpg 1500w, https:\/\/blogs.gazetaesportiva.com\/planeta-octogono\/files\/2017\/03\/IMG_20170306_220507-300x100.jpg 300w, https:\/\/blogs.gazetaesportiva.com\/planeta-octogono\/files\/2017\/03\/IMG_20170306_220507-768x256.jpg 768w, https:\/\/blogs.gazetaesportiva.com\/planeta-octogono\/files\/2017\/03\/IMG_20170306_220507-1024x341.jpg 1024w\" sizes=\"auto, (max-width: 1500px) 100vw, 1500px\" \/><\/a><figcaption id=\"caption-attachment-21849\" class=\"wp-caption-text\">Mamed Khalidov retorna nesta semana em evento russo &#8211; Divulga\u00e7\u00e3o<\/figcaption><\/figure>\n","protected":false},"excerpt":{"rendered":"<p>O UFC definiu o pr\u00f3ximo compromisso de dois lutadores brasileiros que est\u00e3o no topo de suas categorias. Pelo peso mosca, Wilson Reis vai disputar o <a class=\"read-more\" href=\"https:\/\/blogs.gazetaesportiva.com\/planeta-octogono\/2017\/03\/06\/ufc-anuncia-retorno-de-jacare-e-brasileiro-disputando-cinturao\/\">leia mais<\/a><\/p>\n","protected":false},"author":33,"featured_media":21850,"comment_status":"open","ping_status":"open","sticky":false,"template":"","format":"standard","meta":{"jetpack_post_was_ever_published":false,"_jetpack_newsletter_access":"","_jetpack_dont_email_post_to_subs":false,"_jetpack_newsletter_tier_id":0,"_jetpack_memberships_contains_paywalled_content":false,"_jetpack_memberships_contains_paid_content":false,"footnotes":"","jetpack_publicize_message":"","jetpack_publicize_feature_enabled":true,"jetpack_social_post_already_shared":true,"jetpack_social_options":{"image_generator_settings":{"template":"highway","default_image_id":0,"font":"","enabled":false},"version":2}},"categories":[1],"tags":[856,258,710,475,694,137,624,424,387,1525,472],"class_list":["post-21848","post","type-post","status-publish","format-standard","has-post-thumbnail","hentry","category-principal","tag-acb","tag-demetrious-johnson","tag-fabio-maldonado","tag-fight-nights","tag-khabib-nurmagomedov","tag-ksw","tag-mamed-khalidov","tag-mariusz-pudzianowski","tag-ronaldo-jacare","tag-ufc-fortaleza","tag-wilson-reis"],"jetpack_publicize_connections":[],"jetpack_featured_media_url":"https:\/\/blogs.gazetaesportiva.com\/planeta-octogono\/files\/2017\/03\/IMG_20170307_002513.jpg","jetpack_sharing_enabled":true,"jetpack_shortlink":"https:\/\/wp.me\/p6rqUQ-5Go","_links":{"self":[{"href":"https:\/\/blogs.gazetaesportiva.com\/planeta-octogono\/wp-json\/wp\/v2\/posts\/21848","targetHints":{"allow":["GET"]}}],"collection":[{"href":"https:\/\/blogs.gazetaesportiva.com\/planeta-octogono\/wp-json\/wp\/v2\/posts"}],"about":[{"href":"https:\/\/blogs.gazetaesportiva.com\/planeta-octogono\/wp-json\/wp\/v2\/types\/post"}],"author":[{"embeddable":true,"href":"https:\/\/blogs.gazetaesportiva.com\/planeta-octogono\/wp-json\/wp\/v2\/users\/33"}],"replies":[{"embeddable":true,"href":"https:\/\/blogs.gazetaesportiva.com\/planeta-octogono\/wp-json\/wp\/v2\/comments?post=21848"}],"version-history":[{"count":0,"href":"https:\/\/blogs.gazetaesportiva.com\/planeta-octogono\/wp-json\/wp\/v2\/posts\/21848\/revisions"}],"wp:featuredmedia":[{"embeddable":true,"href":"https:\/\/blogs.gazetaesportiva.com\/planeta-octogono\/wp-json\/wp\/v2\/media\/21850"}],"wp:attachment":[{"href":"https:\/\/blogs.gazetaesportiva.com\/planeta-octogono\/wp-json\/wp\/v2\/media?parent=21848"}],"wp:term":[{"taxonomy":"category","embeddable":true,"href":"https:\/\/blogs.gazetaesportiva.com\/planeta-octogono\/wp-json\/wp\/v2\/categories?post=21848"},{"taxonomy":"post_tag","embeddable":true,"href":"https:\/\/blogs.gazetaesportiva.com\/planeta-octogono\/wp-json\/wp\/v2\/tags?post=21848"}],"curies":[{"name":"wp","href":"https:\/\/api.w.org\/{rel}","templated":true}]}}