{"id":21840,"date":"2017-03-04T12:18:49","date_gmt":"2017-03-04T15:18:49","guid":{"rendered":"https:\/\/blogs.gazetaesportiva.com\/planeta-octogono\/?p=21840"},"modified":"2017-03-04T12:18:49","modified_gmt":"2017-03-04T15:18:49","slug":"ufc-anuncia-superluta-entre-bisping-e-st-pierre","status":"publish","type":"post","link":"https:\/\/blogs.gazetaesportiva.com\/planeta-octogono\/2017\/03\/04\/ufc-anuncia-superluta-entre-bisping-e-st-pierre\/","title":{"rendered":"UFC anuncia superluta entre Bisping e St.Pierre"},"content":{"rendered":"<figure id=\"attachment_21841\" aria-describedby=\"caption-attachment-21841\" style=\"width: 1080px\" class=\"wp-caption aligncenter\"><a href=\"https:\/\/blogs.gazetaesportiva.com\/planeta-octogono\/files\/2017\/03\/IMG_20170304_235556_870.jpg\"><img loading=\"lazy\" decoding=\"async\" class=\"size-full wp-image-21841\" src=\"https:\/\/blogs.gazetaesportiva.com\/planeta-octogono\/files\/2017\/03\/IMG_20170304_235556_870.jpg\" alt=\"\" width=\"1080\" height=\"1080\" srcset=\"https:\/\/blogs.gazetaesportiva.com\/planeta-octogono\/files\/2017\/03\/IMG_20170304_235556_870.jpg 1080w, https:\/\/blogs.gazetaesportiva.com\/planeta-octogono\/files\/2017\/03\/IMG_20170304_235556_870-150x150.jpg 150w, https:\/\/blogs.gazetaesportiva.com\/planeta-octogono\/files\/2017\/03\/IMG_20170304_235556_870-300x300.jpg 300w, https:\/\/blogs.gazetaesportiva.com\/planeta-octogono\/files\/2017\/03\/IMG_20170304_235556_870-768x768.jpg 768w, https:\/\/blogs.gazetaesportiva.com\/planeta-octogono\/files\/2017\/03\/IMG_20170304_235556_870-1024x1024.jpg 1024w\" sizes=\"auto, (max-width: 1080px) 100vw, 1080px\" \/><\/a><figcaption id=\"caption-attachment-21841\" class=\"wp-caption-text\">Ultimate surpreende em an\u00fancio de superluta entre campe\u00f5es &#8211; Divulga\u00e7\u00e3o<\/figcaption><\/figure>\n<p>O UFC anunciou oficialmente nesta semana, que o lutador canadense Georges St. Pierre est\u00e1 de volta a organiza\u00e7\u00e3o.<\/p>\n<p>Confirmando os rumores de uma suposta luta contra o ingl\u00eas Michael Bisping, campe\u00e3o peso m\u00e9dio da organiza\u00e7\u00e3o, o evento ainda n\u00e3o tem data e local marcado para acontecer.<\/p>\n<p>Em coletiva de imprensa realizada nesta \u00faltima sexta feira, Bisping e St.Pierre se encararam pela primeira vez em duelo que vai valer o t\u00edtulo do atleta da Inglaterra em uma superluta, j\u00e1 que St.Pierre era o campe\u00e3o peso meio m\u00e9dio antes de ficar afastado por um per\u00edodo de quatro anos.<\/p>\n<p>&#8220;<em>Estou feliz em estar de volta. Esta luta contra o Michael \u00e9 uma boa oportunidade. Hoje, o mundo das artes marciais \u00e9 muito din\u00e2mico, parecido com a bolsa de valores. Alguns est\u00e3o em alta, outros em baixa. Vamos ver o que acontece ap\u00f3s esta luta.<\/em>&#8221; analisou St. Pierre, despistando um suposto retorno a categoria de origem, no peso at\u00e9 77 kg, que tem neste s\u00e1bado, a revanche do duelo entre os americanos, Tyron Woodley e Stephen Thompson.<\/p>\n<p><iframe loading=\"lazy\" title=\"Michael Bisping vs Georges St-Pierre: Press Conference Faceoffs\" width=\"640\" height=\"360\" src=\"https:\/\/www.youtube.com\/embed\/9WR7Sh3BFuM?feature=oembed\" frameborder=\"0\" allow=\"accelerometer; autoplay; clipboard-write; encrypted-media; gyroscope; picture-in-picture; web-share\" referrerpolicy=\"strict-origin-when-cross-origin\" allowfullscreen><\/iframe><\/p>\n<p>Sem deixar por menos, Bisping provocou o canadense ao explanar as vantagens que possui neste combate.<\/p>\n<p>&#8220;<em>Sou um peso meio pesado que desceu de categoria. Um verdadeiro peso m\u00e9dio. Olha para o meu tamanho e para o tamanho dele. Eu o respeito como campe\u00e3o que foi mas esta \u00e9 minha divis\u00e3o e ap\u00f3s venc\u00ea-lo, irei enfrentar o Yoel Romero<\/em>.&#8221; disparou o atleta ingl\u00eas.<\/p>\n<p>Al\u00e9m do cubano, o brasileiro Ronaldo Jacar\u00e9 tamb\u00e9m luta por uma chance de enfrentar Bisping enquanto o paulista Demian Maia aguarda por uma oportunidade no meio m\u00e9dio e pode ser afetado diretamente, caso Georges decida voltar ao seu peso ap\u00f3s o duelo contra o ingl\u00eas.<\/p>\n<p><em><strong>De olho &#8211;\u00a0<\/strong><\/em>Quem deve estar observando bem atentamente ao retorno de St. Pierre \u00e9 Anderson Silva.<\/p>\n<p>Uma luta contra o canadense sempre foi algo do \u00eddolo brasileiro e sua volta no peso m\u00e9dio pode ser um sinal verde para este combate.<\/p>\n<figure id=\"attachment_16085\" aria-describedby=\"caption-attachment-16085\" style=\"width: 320px\" class=\"wp-caption alignleft\"><a href=\"https:\/\/blogs.gazetaesportiva.com\/planeta-octogono\/files\/2015\/01\/khabib.jpg\"><img loading=\"lazy\" decoding=\"async\" class=\"wp-image-16085 size-full\" src=\"https:\/\/blogs.gazetaesportiva.com\/planeta-octogono\/files\/2015\/01\/khabib.jpg\" width=\"320\" height=\"320\" \/><\/a><figcaption id=\"caption-attachment-16085\" class=\"wp-caption-text\">Nurmagomedov \u00e9 levado ao hospital e luta por t\u00edtulo interino \u00e9 cancelada &#8211; Divulga\u00e7\u00e3o<\/figcaption><\/figure>\n<p><em><strong>No hospital &#8211;\u00a0<\/strong><\/em>Nesta sexta feira, n\u00e3o foram somente St.Pierre e Bisping que trouxeram emo\u00e7\u00f5es aos f\u00e3s.<\/p>\n<p>Momentos antes da pesagem do UFC 209, o russo Khabib Nurmagomedov foi levado ao hospital com problemas ap\u00f3s o duro corte de peso para o duelo contra o americano Tony Ferguson. A luta valia o cintur\u00e3o interino peso leve, que tem como campe\u00e3o, o irland\u00eas Conor McGregor. Sem poder lutar, Khabib viu seu duelo ser cancelado.<\/p>\n<p><em><strong>Casa do UFC &#8211;\u00a0<\/strong><\/em>O Ultimate tamb\u00e9m aproveitou para anunciar que a arena T-Mobile vai se tornar a casa da organiza\u00e7\u00e3o em Las Vegas, nos Estados Unidos.<\/p>\n<p><em><strong>Retorno no Brasil &#8211;\u00a0<\/strong><\/em>A brasileira Claudinha Gadelha est\u00e1 de volta contra a polonesa Karolina Kowalkiewicz, ex campe\u00e3 do evento polon\u00eas KSW.<\/p>\n<p>A luta vai acontecer no Rio de Janeiro, na edi\u00e7\u00e3o 212.<\/p>\n<p style=\"text-align: center\"><em>Hoje \u00e9 dia de UFC 209 com a presen\u00e7a do brasileiro Yuri Maraj\u00f3.<\/em><\/p>\n<p>&nbsp;<\/p>\n<p>&nbsp;<\/p>\n","protected":false},"excerpt":{"rendered":"<p>O UFC anunciou oficialmente nesta semana, que o lutador canadense Georges St. Pierre est\u00e1 de volta a organiza\u00e7\u00e3o. Confirmando os rumores de uma suposta luta <a class=\"read-more\" href=\"https:\/\/blogs.gazetaesportiva.com\/planeta-octogono\/2017\/03\/04\/ufc-anuncia-superluta-entre-bisping-e-st-pierre\/\">leia mais<\/a><\/p>\n","protected":false},"author":33,"featured_media":21841,"comment_status":"open","ping_status":"open","sticky":false,"template":"","format":"standard","meta":{"jetpack_post_was_ever_published":false,"_jetpack_newsletter_access":"","_jetpack_dont_email_post_to_subs":false,"_jetpack_newsletter_tier_id":0,"_jetpack_memberships_contains_paywalled_content":false,"_jetpack_memberships_contains_paid_content":false,"footnotes":"","jetpack_publicize_message":"","jetpack_publicize_feature_enabled":true,"jetpack_social_post_already_shared":true,"jetpack_social_options":{"image_generator_settings":{"template":"highway","default_image_id":0,"font":"","enabled":false},"version":2}},"categories":[1],"tags":[22,817,236,694,112,1487,1415,1524,1521],"class_list":["post-21840","post","type-post","status-publish","format-standard","has-post-thumbnail","hentry","category-principal","tag-anderson-silva","tag-claudinha-gadelha","tag-georges-st-pierre","tag-khabib-nurmagomedov","tag-michael-bisping","tag-tony-ferguson","tag-tyron-woodley","tag-ufc-209","tag-ufc-212"],"jetpack_publicize_connections":[],"jetpack_featured_media_url":"https:\/\/blogs.gazetaesportiva.com\/planeta-octogono\/files\/2017\/03\/IMG_20170304_235556_870.jpg","jetpack_sharing_enabled":true,"jetpack_shortlink":"https:\/\/wp.me\/p6rqUQ-5Gg","_links":{"self":[{"href":"https:\/\/blogs.gazetaesportiva.com\/planeta-octogono\/wp-json\/wp\/v2\/posts\/21840","targetHints":{"allow":["GET"]}}],"collection":[{"href":"https:\/\/blogs.gazetaesportiva.com\/planeta-octogono\/wp-json\/wp\/v2\/posts"}],"about":[{"href":"https:\/\/blogs.gazetaesportiva.com\/planeta-octogono\/wp-json\/wp\/v2\/types\/post"}],"author":[{"embeddable":true,"href":"https:\/\/blogs.gazetaesportiva.com\/planeta-octogono\/wp-json\/wp\/v2\/users\/33"}],"replies":[{"embeddable":true,"href":"https:\/\/blogs.gazetaesportiva.com\/planeta-octogono\/wp-json\/wp\/v2\/comments?post=21840"}],"version-history":[{"count":0,"href":"https:\/\/blogs.gazetaesportiva.com\/planeta-octogono\/wp-json\/wp\/v2\/posts\/21840\/revisions"}],"wp:featuredmedia":[{"embeddable":true,"href":"https:\/\/blogs.gazetaesportiva.com\/planeta-octogono\/wp-json\/wp\/v2\/media\/21841"}],"wp:attachment":[{"href":"https:\/\/blogs.gazetaesportiva.com\/planeta-octogono\/wp-json\/wp\/v2\/media?parent=21840"}],"wp:term":[{"taxonomy":"category","embeddable":true,"href":"https:\/\/blogs.gazetaesportiva.com\/planeta-octogono\/wp-json\/wp\/v2\/categories?post=21840"},{"taxonomy":"post_tag","embeddable":true,"href":"https:\/\/blogs.gazetaesportiva.com\/planeta-octogono\/wp-json\/wp\/v2\/tags?post=21840"}],"curies":[{"name":"wp","href":"https:\/\/api.w.org\/{rel}","templated":true}]}}