{"id":21831,"date":"2017-02-13T16:05:03","date_gmt":"2017-02-13T18:05:03","guid":{"rendered":"https:\/\/blogs.gazetaesportiva.com\/planeta-octogono\/?p=21831"},"modified":"2017-02-13T16:05:03","modified_gmt":"2017-02-13T18:05:03","slug":"retorno-de-jose-aldo-em-junho-ao-ufc-e-confirmado","status":"publish","type":"post","link":"https:\/\/blogs.gazetaesportiva.com\/planeta-octogono\/2017\/02\/13\/retorno-de-jose-aldo-em-junho-ao-ufc-e-confirmado\/","title":{"rendered":"Retorno de Jos\u00e9 Aldo em junho ao UFC \u00e9 confirmado"},"content":{"rendered":"<figure id=\"attachment_21832\" aria-describedby=\"caption-attachment-21832\" style=\"width: 1200px\" class=\"wp-caption aligncenter\"><a href=\"https:\/\/blogs.gazetaesportiva.com\/planeta-octogono\/files\/2017\/02\/IMG_20170213_175013.jpg\"><img loading=\"lazy\" decoding=\"async\" class=\"size-full wp-image-21832\" src=\"https:\/\/blogs.gazetaesportiva.com\/planeta-octogono\/files\/2017\/02\/IMG_20170213_175013.jpg\" alt=\"\" width=\"1200\" height=\"1200\" srcset=\"https:\/\/blogs.gazetaesportiva.com\/planeta-octogono\/files\/2017\/02\/IMG_20170213_175013.jpg 1200w, https:\/\/blogs.gazetaesportiva.com\/planeta-octogono\/files\/2017\/02\/IMG_20170213_175013-150x150.jpg 150w, https:\/\/blogs.gazetaesportiva.com\/planeta-octogono\/files\/2017\/02\/IMG_20170213_175013-300x300.jpg 300w, https:\/\/blogs.gazetaesportiva.com\/planeta-octogono\/files\/2017\/02\/IMG_20170213_175013-768x768.jpg 768w, https:\/\/blogs.gazetaesportiva.com\/planeta-octogono\/files\/2017\/02\/IMG_20170213_175013-1024x1024.jpg 1024w\" sizes=\"auto, (max-width: 1200px) 100vw, 1200px\" \/><\/a><figcaption id=\"caption-attachment-21832\" class=\"wp-caption-text\">Jos\u00e9 Aldo volta a lutar no Brasil em junho &#8211; Divulga\u00e7\u00e3o<\/figcaption><\/figure>\n<p>\u00c9 oficial!<\/p>\n<p>O campe\u00e3o peso pena Jos\u00e9 Aldo teve seu retorno ao UFC confirmado nesta semana.<\/p>\n<p>O lutador que chegou a cogitar uma suposta aposentadoria, desistiu da id\u00e9ia pelo menos neste momento.<\/p>\n<p>Unificando os cintur\u00f5es do peso pena, Aldo vai enfrentar o americano Max Holloway, campe\u00e3o interino que venceu Anthony Pettis na edi\u00e7\u00e3o 204 do Ultimate, em duelo que vai acontecer no Brasil.<\/p>\n<p>Sem sede definida, o combate vai acontecer na cidade do Rio de Janeiro no dia 3 de junho, na edi\u00e7\u00e3o 212.<\/p>\n<p><strong>J\u00e9ssica Andrade disputa t\u00edtulo\u00a0<\/strong>&#8211; O Brasil tamb\u00e9m vai ver mais um de seus talentos ter uma oportunidade de disputar o cintur\u00e3o.<\/p>\n<p>Ap\u00f3s vencer \u00c2ngela Hill, neste m\u00eas, a paranaense J\u00e9ssica Andrade vai desafiar a polonesa Joanna Jedrzejczyk, campe\u00e3 peso palha do UFC na edi\u00e7\u00e3o 211, no dia 13 de maio. A informa\u00e7\u00e3o \u00e9 do site polon\u00eas Sport.pl.<\/p>\n<p>Na mesma data, J\u00fanior Cigano enfrenta o americano Stipe Miocic pelo cintur\u00e3o dos pesados em uma revanche.<\/p>\n<figure id=\"attachment_21820\" aria-describedby=\"caption-attachment-21820\" style=\"width: 594px\" class=\"wp-caption aligncenter\"><a href=\"https:\/\/blogs.gazetaesportiva.com\/planeta-octogono\/files\/2017\/02\/IMG_20170206_034816.jpg\"><img loading=\"lazy\" decoding=\"async\" class=\"size-full wp-image-21820\" src=\"https:\/\/blogs.gazetaesportiva.com\/planeta-octogono\/files\/2017\/02\/IMG_20170206_034816.jpg\" alt=\"\" width=\"594\" height=\"395\" srcset=\"https:\/\/blogs.gazetaesportiva.com\/planeta-octogono\/files\/2017\/02\/IMG_20170206_034816.jpg 594w, https:\/\/blogs.gazetaesportiva.com\/planeta-octogono\/files\/2017\/02\/IMG_20170206_034816-300x199.jpg 300w, https:\/\/blogs.gazetaesportiva.com\/planeta-octogono\/files\/2017\/02\/IMG_20170206_034816-120x80.jpg 120w\" sizes=\"auto, (max-width: 594px) 100vw, 594px\" \/><\/a><figcaption id=\"caption-attachment-21820\" class=\"wp-caption-text\">Brasileira disputa cintur\u00e3o no UFC &#8211; Divulga\u00e7\u00e3o\/Jeff Bottari<\/figcaption><\/figure>\n<p><strong>Outro Brasil vs Pol\u00f4nia no UFC\u00a0<\/strong>&#8211; A mesma categoria de J\u00e9ssica tamb\u00e9m vai ver em breve um importante duelo.<\/p>\n<p>A brasileira Cl\u00e1udia Gadelha confirmou em suas redes sociais que vai enfrentar a polonesa Karolina Kowalkiewicz.<\/p>\n<p>A oponente de Claudinha foi a \u00faltima desafiante ao t\u00edtulo do peso palha.<\/p>\n<figure id=\"attachment_13553\" aria-describedby=\"caption-attachment-13553\" style=\"width: 638px\" class=\"wp-caption aligncenter\"><a href=\"https:\/\/blogs.gazetaesportiva.com\/planeta-octogono\/files\/2014\/07\/IMG_20140718_003911.jpg\"><img loading=\"lazy\" decoding=\"async\" class=\"size-full wp-image-13553\" src=\"https:\/\/blogs.gazetaesportiva.com\/planeta-octogono\/files\/2014\/07\/IMG_20140718_003911.jpg\" alt=\"\" width=\"638\" height=\"638\" \/><\/a><figcaption id=\"caption-attachment-13553\" class=\"wp-caption-text\">Cl\u00e1udia Gadelha volta a lutar contra polonesa &#8211; Divulga\u00e7\u00e3o UFC\/Josh Hedges<\/figcaption><\/figure>\n<p><strong>Promessa do KSW brilha em Oscar do MMA Brasileiro\u00a0<\/strong>&#8211; A paranaense Ariane Lipski roubou a cena no Pr\u00eamio Osvaldo Paquet\u00e1, considerado o &#8220;Oscar do MMA Brasileiro&#8221;.<\/p>\n<p>Na premia\u00e7\u00e3o que aconteceu neste \u00faltimo final de semana, no Rio de Janeiro, a lutadora de 22 anos que atualmente luta na organiza\u00e7\u00e3o polonesa KSW, conquistou tr\u00eas pr\u00eamios (melhor luta do ano, nocaute e melhor lutadora) em duelo contra a catarinense Julie Werner que aconteceu na edi\u00e7\u00e3o do Imortal FC, em Curitiba.<\/p>\n<p>Al\u00e9m de Ariane, v\u00e1rios outros importantes nomes do MMA no Brasil tamb\u00e9m levaram para casa conquistas. Entre eles, o treinador Cristiano Marcello que pela primeira vez foi eleito treinador do ano al\u00e9m de ver sua academia CM System, vencer como melhor equipe.<\/p>\n<p>Outros dois importantes destaques foram as conquistas da equipe Cutwoman Knockdown, a primeira equipe de cutwomans a conquistar o pr\u00eamio de melhor cutman e a \u00e1rbitra Charyana Correia que se tornou a primeira mulher a vencer o pr\u00eamio entre \u00e1rbitros.<\/p>\n<figure id=\"attachment_21628\" aria-describedby=\"caption-attachment-21628\" style=\"width: 960px\" class=\"wp-caption aligncenter\"><a href=\"https:\/\/blogs.gazetaesportiva.com\/planeta-octogono\/files\/2016\/10\/FB_IMG_1475422180145.jpg\"><img loading=\"lazy\" decoding=\"async\" class=\"size-full wp-image-21628\" src=\"https:\/\/blogs.gazetaesportiva.com\/planeta-octogono\/files\/2016\/10\/FB_IMG_1475422180145.jpg\" alt=\"\" width=\"960\" height=\"640\" srcset=\"https:\/\/blogs.gazetaesportiva.com\/planeta-octogono\/files\/2016\/10\/FB_IMG_1475422180145.jpg 960w, https:\/\/blogs.gazetaesportiva.com\/planeta-octogono\/files\/2016\/10\/FB_IMG_1475422180145-300x200.jpg 300w, https:\/\/blogs.gazetaesportiva.com\/planeta-octogono\/files\/2016\/10\/FB_IMG_1475422180145-768x512.jpg 768w, https:\/\/blogs.gazetaesportiva.com\/planeta-octogono\/files\/2016\/10\/FB_IMG_1475422180145-120x80.jpg 120w\" sizes=\"auto, (max-width: 960px) 100vw, 960px\" \/><\/a><figcaption id=\"caption-attachment-21628\" class=\"wp-caption-text\">Ariane Lipski fatura tr\u00eas pr\u00eamios em Oscar do MMA &#8211; Divulga\u00e7\u00e3o\/Sebastian Rudnicki<\/figcaption><\/figure>\n","protected":false},"excerpt":{"rendered":"<p>\u00c9 oficial! O campe\u00e3o peso pena Jos\u00e9 Aldo teve seu retorno ao UFC confirmado nesta semana. O lutador que chegou a cogitar uma suposta aposentadoria, <a class=\"read-more\" href=\"https:\/\/blogs.gazetaesportiva.com\/planeta-octogono\/2017\/02\/13\/retorno-de-jose-aldo-em-junho-ao-ufc-e-confirmado\/\">leia mais<\/a><\/p>\n","protected":false},"author":33,"featured_media":21832,"comment_status":"open","ping_status":"open","sticky":false,"template":"","format":"standard","meta":{"jetpack_post_was_ever_published":false,"_jetpack_newsletter_access":"","_jetpack_dont_email_post_to_subs":false,"_jetpack_newsletter_tier_id":0,"_jetpack_memberships_contains_paywalled_content":false,"_jetpack_memberships_contains_paid_content":false,"footnotes":"","jetpack_publicize_message":"","jetpack_publicize_feature_enabled":true,"jetpack_social_post_already_shared":true,"jetpack_social_options":{"image_generator_settings":{"template":"highway","default_image_id":0,"font":"","enabled":false},"version":2}},"categories":[1],"tags":[1225,212,256,658,12,137,1494,692,1520,1521],"class_list":["post-21831","post","type-post","status-publish","format-standard","has-post-thumbnail","hentry","category-principal","tag-ariane-lipski","tag-claudia-gadelha","tag-jessica-andrade","tag-joanna-jedrzejczyk","tag-jose-aldo","tag-ksw","tag-max-holloway","tag-premio-osvaldo-paqueta","tag-ufc-211","tag-ufc-212"],"jetpack_publicize_connections":[],"jetpack_featured_media_url":"https:\/\/blogs.gazetaesportiva.com\/planeta-octogono\/files\/2017\/02\/IMG_20170213_175013.jpg","jetpack_sharing_enabled":true,"jetpack_shortlink":"https:\/\/wp.me\/p6rqUQ-5G7","_links":{"self":[{"href":"https:\/\/blogs.gazetaesportiva.com\/planeta-octogono\/wp-json\/wp\/v2\/posts\/21831","targetHints":{"allow":["GET"]}}],"collection":[{"href":"https:\/\/blogs.gazetaesportiva.com\/planeta-octogono\/wp-json\/wp\/v2\/posts"}],"about":[{"href":"https:\/\/blogs.gazetaesportiva.com\/planeta-octogono\/wp-json\/wp\/v2\/types\/post"}],"author":[{"embeddable":true,"href":"https:\/\/blogs.gazetaesportiva.com\/planeta-octogono\/wp-json\/wp\/v2\/users\/33"}],"replies":[{"embeddable":true,"href":"https:\/\/blogs.gazetaesportiva.com\/planeta-octogono\/wp-json\/wp\/v2\/comments?post=21831"}],"version-history":[{"count":0,"href":"https:\/\/blogs.gazetaesportiva.com\/planeta-octogono\/wp-json\/wp\/v2\/posts\/21831\/revisions"}],"wp:featuredmedia":[{"embeddable":true,"href":"https:\/\/blogs.gazetaesportiva.com\/planeta-octogono\/wp-json\/wp\/v2\/media\/21832"}],"wp:attachment":[{"href":"https:\/\/blogs.gazetaesportiva.com\/planeta-octogono\/wp-json\/wp\/v2\/media?parent=21831"}],"wp:term":[{"taxonomy":"category","embeddable":true,"href":"https:\/\/blogs.gazetaesportiva.com\/planeta-octogono\/wp-json\/wp\/v2\/categories?post=21831"},{"taxonomy":"post_tag","embeddable":true,"href":"https:\/\/blogs.gazetaesportiva.com\/planeta-octogono\/wp-json\/wp\/v2\/tags?post=21831"}],"curies":[{"name":"wp","href":"https:\/\/api.w.org\/{rel}","templated":true}]}}