{"id":21809,"date":"2017-01-29T06:19:26","date_gmt":"2017-01-29T08:19:26","guid":{"rendered":"https:\/\/blogs.gazetaesportiva.com\/planeta-octogono\/?p=21809"},"modified":"2017-01-29T13:16:43","modified_gmt":"2017-01-29T15:16:43","slug":"shevchenko-finaliza-e-desafia-amanda-nunes-no-ufc","status":"publish","type":"post","link":"https:\/\/blogs.gazetaesportiva.com\/planeta-octogono\/2017\/01\/29\/shevchenko-finaliza-e-desafia-amanda-nunes-no-ufc\/","title":{"rendered":"Shevchenko finaliza e desafia Amanda Nunes no UFC"},"content":{"rendered":"<figure id=\"attachment_21811\" aria-describedby=\"caption-attachment-21811\" style=\"width: 594px\" class=\"wp-caption aligncenter\"><a href=\"https:\/\/blogs.gazetaesportiva.com\/planeta-octogono\/files\/2017\/01\/IMG_20170129_124109.jpg\"><img loading=\"lazy\" decoding=\"async\" class=\"size-full wp-image-21811\" src=\"https:\/\/blogs.gazetaesportiva.com\/planeta-octogono\/files\/2017\/01\/IMG_20170129_124109.jpg\" alt=\"\" width=\"594\" height=\"424\" srcset=\"https:\/\/blogs.gazetaesportiva.com\/planeta-octogono\/files\/2017\/01\/IMG_20170129_124109.jpg 594w, https:\/\/blogs.gazetaesportiva.com\/planeta-octogono\/files\/2017\/01\/IMG_20170129_124109-300x214.jpg 300w\" sizes=\"auto, (max-width: 594px) 100vw, 594px\" \/><\/a><figcaption id=\"caption-attachment-21811\" class=\"wp-caption-text\">Shevchenko vence e desafia Amanda Nunes por cintur\u00e3o do UFC &#8211; Divulga\u00e7\u00e3o\/Jeff Bottari<\/figcaption><\/figure>\n<p>O UFC realizou neste \u00faltimo s\u00e1bado, a edi\u00e7\u00e3o FOX na cidade americana de Denver.<\/p>\n<p>Trazendo um duelo entre a peruana Valentina Shevchenko contra a americana Julianna Pena, o combate definiu a pr\u00f3xima desafiante ao cintur\u00e3o da brasileira Amanda Nunes.<\/p>\n<p>Em uma luta bastante equilibrada, Julianna iniciou buscando o ataque, levando Valentina para a grade em busca da queda mas acabou surpreendida com dois movimentos de Shevchenko que derrubou a americana no primeiro round, levando a luta ao solo.<\/p>\n<p>No segundo round, Pena continuava a buscar o clinch, chegando a ter \u00eaxito em uma tentativa de queda.<\/p>\n<p>Por\u00e9m para a surpresa de Julianna, Shevchenko atacou com uma chave de bra\u00e7o, obrigando Pena a desistir da luta.<\/p>\n<p>Com a vit\u00f3ria, Valentina se credenciou para enfrentar Amanda Nunes no UFC em sua pr\u00f3xima luta. As atletas se encontraram ap\u00f3s o duelo, com ambas se provocando durante a entrevista por luta de Shevchenko.<\/p>\n<p><iframe loading=\"lazy\" title=\"Fight Night Denver: Valentina Shevchenko Octagon Interview\" width=\"640\" height=\"360\" src=\"https:\/\/www.youtube.com\/embed\/hhJ8e85D3yE?feature=oembed\" frameborder=\"0\" allow=\"accelerometer; autoplay; clipboard-write; encrypted-media; gyroscope; picture-in-picture; web-share\" referrerpolicy=\"strict-origin-when-cross-origin\" allowfullscreen><\/iframe><\/p>\n<p><iframe loading=\"lazy\" title=\"Shevchenko: &quot;Perdi da Amanda, mas ela n\u00e3o \u00e9 mais forte que eu&quot;\" width=\"640\" height=\"360\" src=\"https:\/\/www.youtube.com\/embed\/d7FTR42atIU?feature=oembed\" frameborder=\"0\" allow=\"accelerometer; autoplay; clipboard-write; encrypted-media; gyroscope; picture-in-picture; web-share\" referrerpolicy=\"strict-origin-when-cross-origin\" allowfullscreen><\/iframe><\/p>\n<figure id=\"attachment_21812\" aria-describedby=\"caption-attachment-21812\" style=\"width: 2048px\" class=\"wp-caption aligncenter\"><a href=\"https:\/\/blogs.gazetaesportiva.com\/planeta-octogono\/files\/2017\/01\/IMG_20170129_183525.jpg\"><img loading=\"lazy\" decoding=\"async\" class=\"size-full wp-image-21812\" src=\"https:\/\/blogs.gazetaesportiva.com\/planeta-octogono\/files\/2017\/01\/IMG_20170129_183525.jpg\" alt=\"\" width=\"2048\" height=\"1335\" srcset=\"https:\/\/blogs.gazetaesportiva.com\/planeta-octogono\/files\/2017\/01\/IMG_20170129_183525.jpg 2048w, https:\/\/blogs.gazetaesportiva.com\/planeta-octogono\/files\/2017\/01\/IMG_20170129_183525-300x196.jpg 300w, https:\/\/blogs.gazetaesportiva.com\/planeta-octogono\/files\/2017\/01\/IMG_20170129_183525-768x501.jpg 768w, https:\/\/blogs.gazetaesportiva.com\/planeta-octogono\/files\/2017\/01\/IMG_20170129_183525-1024x668.jpg 1024w\" sizes=\"auto, (max-width: 2048px) 100vw, 2048px\" \/><\/a><figcaption id=\"caption-attachment-21812\" class=\"wp-caption-text\">Shevchenko finaliza Julianna Pena &#8211; Divulga\u00e7\u00e3o\/Jeff Bottari<\/figcaption><\/figure>\n<p>Quem brilhou foi o americano Jorge Masvidal, que n\u00e3o tomou conhecimento do favoritismo de seu compatriota Donald Cerrone.<\/p>\n<p>Agressivo em p\u00e9, Masvidal quase nocauteou o ex desafiante ao cintur\u00e3o que lutava em casa no primeiro round e literalmente foi salvo pelo gongo.<\/p>\n<p>No segundo round, Jorge continuou com a mesma estrat\u00e9gia e conseguiu acabar com a luta poucos minutos depois, usando seus socos.<\/p>\n<figure id=\"attachment_21813\" aria-describedby=\"caption-attachment-21813\" style=\"width: 594px\" class=\"wp-caption aligncenter\"><a href=\"https:\/\/blogs.gazetaesportiva.com\/planeta-octogono\/files\/2017\/01\/632954438.jpg\"><img loading=\"lazy\" decoding=\"async\" class=\"size-full wp-image-21813\" src=\"https:\/\/blogs.gazetaesportiva.com\/planeta-octogono\/files\/2017\/01\/632954438.jpg\" alt=\"\" width=\"594\" height=\"391\" srcset=\"https:\/\/blogs.gazetaesportiva.com\/planeta-octogono\/files\/2017\/01\/632954438.jpg 594w, https:\/\/blogs.gazetaesportiva.com\/planeta-octogono\/files\/2017\/01\/632954438-300x197.jpg 300w, https:\/\/blogs.gazetaesportiva.com\/planeta-octogono\/files\/2017\/01\/632954438-120x80.jpg 120w\" sizes=\"auto, (max-width: 594px) 100vw, 594px\" \/><\/a><figcaption id=\"caption-attachment-21813\" class=\"wp-caption-text\">Masvidal nocauteia Cerrone &#8211; Divulga\u00e7\u00e3o\/Josh Hedges<\/figcaption><\/figure>\n<p>Em uma luta bastante equilibrada, Raphael Assun\u00e7\u00e3o acabou superando Aljamain Sterling na decis\u00e3o dividida dos ju\u00edzes, com a luta se desenvolvendo em p\u00e9.<\/p>\n<p>Ap\u00f3s n\u00e3o bater o peso na pesagem, Marcos Pez\u00e3o se redimiu e mesmo enfrentando dificuldades no ch\u00e3o, conseguiu nocautear seu advers\u00e1rio.<\/p>\n<p>Quem tamb\u00e9m venceu foi Alexandre Pantoja, conquistando sua primeira vit\u00f3ria no Ultimate por decis\u00e3o dos ju\u00edzes.<\/p>\n<p>O \u00fanico rev\u00e9s brasileiro foi a derrota de Henrique Frankstein que acabou perdendo para Jordan Johnson, tamb\u00e9m por decis\u00e3o.<\/p>\n<p>O UFC retorna na pr\u00f3xima semana com a edi\u00e7\u00e3o Fight Night, na cidade de Houston.<\/p>\n<p>CARD PRINCIPAL<br \/>\nValentina Shevchenko derrotou Julianna Pe\u00f1a por finaliza\u00e7\u00e3o no segundo round<br \/>\nJorge Masvidal derrotou Donald Cerrone por nocaute t\u00e9cnico no segundo round<br \/>\nFrancis Ngannou derrotou Andrei Arlovski por nocaute t\u00e9cnico no primeiro round<br \/>\nJason Knight derrotou Alex Caceres por finaliza\u00e7\u00e3o no segundo round<\/p>\n<p>CARD PRELIMINAR<br \/>\nSam Alvey derrotou Nate Marquardt por decis\u00e3o un\u00e2nime (triplo 29-28)<br \/>\nRaphael Assun\u00e7\u00e3o derrotou Aljamain Sterling por decis\u00e3o dividida (29-28, 28-29, 29-28)<br \/>\nLi Jingliang derrotou Bobby Nash por nocaute no segundo round<br \/>\nJordan Johnson derrotou Henrique Frankenstein por decis\u00e3o un\u00e2nime (triplo 30-27)<br \/>\nEric Spicely derrotou Alessio Di Chirico por finaliza\u00e7\u00e3o no primeiro round<br \/>\nMarcos Pez\u00e3o derrotou Jeremy Kimball por nocaute t\u00e9cnico no primeiro round<br \/>\nAlexandre Pantoja derrotou Eric Shelton por decis\u00e3o dividida (29-28, 29-28, 28-29)<br \/>\nJason Gonzalez derrotou J.C. Cottrell por finaliza\u00e7\u00e3o no primeiro round<\/p>\n<figure id=\"attachment_21814\" aria-describedby=\"caption-attachment-21814\" style=\"width: 1024px\" class=\"wp-caption aligncenter\"><a href=\"https:\/\/blogs.gazetaesportiva.com\/planeta-octogono\/files\/2017\/01\/hdr_1485701952174.jpg\"><img loading=\"lazy\" decoding=\"async\" class=\"size-full wp-image-21814\" src=\"https:\/\/blogs.gazetaesportiva.com\/planeta-octogono\/files\/2017\/01\/hdr_1485701952174.jpg\" alt=\"\" width=\"1024\" height=\"706\" srcset=\"https:\/\/blogs.gazetaesportiva.com\/planeta-octogono\/files\/2017\/01\/hdr_1485701952174.jpg 1024w, https:\/\/blogs.gazetaesportiva.com\/planeta-octogono\/files\/2017\/01\/hdr_1485701952174-300x207.jpg 300w, https:\/\/blogs.gazetaesportiva.com\/planeta-octogono\/files\/2017\/01\/hdr_1485701952174-768x530.jpg 768w\" sizes=\"auto, (max-width: 1024px) 100vw, 1024px\" \/><\/a><figcaption id=\"caption-attachment-21814\" class=\"wp-caption-text\">Pez\u00e3o aplica nocaute em Kimball &#8211; Divulga\u00e7\u00e3o\/Josh Hedges<\/figcaption><\/figure>\n","protected":false},"excerpt":{"rendered":"<p>O UFC realizou neste \u00faltimo s\u00e1bado, a edi\u00e7\u00e3o FOX na cidade americana de Denver. Trazendo um duelo entre a peruana Valentina Shevchenko contra a americana <a class=\"read-more\" href=\"https:\/\/blogs.gazetaesportiva.com\/planeta-octogono\/2017\/01\/29\/shevchenko-finaliza-e-desafia-amanda-nunes-no-ufc\/\">leia mais<\/a><\/p>\n","protected":false},"author":33,"featured_media":21811,"comment_status":"open","ping_status":"open","sticky":false,"template":"","format":"standard","meta":{"jetpack_post_was_ever_published":false,"_jetpack_newsletter_access":"","_jetpack_dont_email_post_to_subs":false,"_jetpack_newsletter_tier_id":0,"_jetpack_memberships_contains_paywalled_content":false,"_jetpack_memberships_contains_paid_content":false,"footnotes":"","jetpack_publicize_message":"","jetpack_publicize_feature_enabled":true,"jetpack_social_post_already_shared":true,"jetpack_social_options":{"image_generator_settings":{"template":"highway","default_image_id":0,"font":"","enabled":false},"version":2}},"categories":[1],"tags":[1515,312,1514,823,634,652,41,1442],"class_list":["post-21809","post","type-post","status-publish","format-standard","has-post-thumbnail","hentry","category-principal","tag-alexandre-pantoja","tag-amanda-nunes","tag-jorge-masvidal","tag-julianna-pena","tag-marcos-pezao","tag-raphael-assuncao","tag-ufc","tag-valentina-shevchenko"],"jetpack_publicize_connections":[],"jetpack_featured_media_url":"https:\/\/blogs.gazetaesportiva.com\/planeta-octogono\/files\/2017\/01\/IMG_20170129_124109.jpg","jetpack_sharing_enabled":true,"jetpack_shortlink":"https:\/\/wp.me\/p6rqUQ-5FL","_links":{"self":[{"href":"https:\/\/blogs.gazetaesportiva.com\/planeta-octogono\/wp-json\/wp\/v2\/posts\/21809","targetHints":{"allow":["GET"]}}],"collection":[{"href":"https:\/\/blogs.gazetaesportiva.com\/planeta-octogono\/wp-json\/wp\/v2\/posts"}],"about":[{"href":"https:\/\/blogs.gazetaesportiva.com\/planeta-octogono\/wp-json\/wp\/v2\/types\/post"}],"author":[{"embeddable":true,"href":"https:\/\/blogs.gazetaesportiva.com\/planeta-octogono\/wp-json\/wp\/v2\/users\/33"}],"replies":[{"embeddable":true,"href":"https:\/\/blogs.gazetaesportiva.com\/planeta-octogono\/wp-json\/wp\/v2\/comments?post=21809"}],"version-history":[{"count":0,"href":"https:\/\/blogs.gazetaesportiva.com\/planeta-octogono\/wp-json\/wp\/v2\/posts\/21809\/revisions"}],"wp:featuredmedia":[{"embeddable":true,"href":"https:\/\/blogs.gazetaesportiva.com\/planeta-octogono\/wp-json\/wp\/v2\/media\/21811"}],"wp:attachment":[{"href":"https:\/\/blogs.gazetaesportiva.com\/planeta-octogono\/wp-json\/wp\/v2\/media?parent=21809"}],"wp:term":[{"taxonomy":"category","embeddable":true,"href":"https:\/\/blogs.gazetaesportiva.com\/planeta-octogono\/wp-json\/wp\/v2\/categories?post=21809"},{"taxonomy":"post_tag","embeddable":true,"href":"https:\/\/blogs.gazetaesportiva.com\/planeta-octogono\/wp-json\/wp\/v2\/tags?post=21809"}],"curies":[{"name":"wp","href":"https:\/\/api.w.org\/{rel}","templated":true}]}}