{"id":21797,"date":"2017-01-22T03:55:00","date_gmt":"2017-01-22T05:55:00","guid":{"rendered":"https:\/\/blogs.gazetaesportiva.com\/planeta-octogono\/?p=21797"},"modified":"2017-01-22T13:07:27","modified_gmt":"2017-01-22T15:07:27","slug":"tito-ortiz-finaliza-sonnen-e-se-aposenta-no-bellator","status":"publish","type":"post","link":"https:\/\/blogs.gazetaesportiva.com\/planeta-octogono\/2017\/01\/22\/tito-ortiz-finaliza-sonnen-e-se-aposenta-no-bellator\/","title":{"rendered":"Tito Ortiz finaliza Sonnen e se aposenta no Bellator"},"content":{"rendered":"<figure id=\"attachment_21804\" aria-describedby=\"caption-attachment-21804\" style=\"width: 960px\" class=\"wp-caption aligncenter\"><a href=\"https:\/\/blogs.gazetaesportiva.com\/planeta-octogono\/files\/2017\/01\/FB_IMG_1485097175535.jpg\"><img loading=\"lazy\" decoding=\"async\" class=\"size-full wp-image-21804\" src=\"https:\/\/blogs.gazetaesportiva.com\/planeta-octogono\/files\/2017\/01\/FB_IMG_1485097175535.jpg\" alt=\"\" width=\"960\" height=\"640\" srcset=\"https:\/\/blogs.gazetaesportiva.com\/planeta-octogono\/files\/2017\/01\/FB_IMG_1485097175535.jpg 960w, https:\/\/blogs.gazetaesportiva.com\/planeta-octogono\/files\/2017\/01\/FB_IMG_1485097175535-300x200.jpg 300w, https:\/\/blogs.gazetaesportiva.com\/planeta-octogono\/files\/2017\/01\/FB_IMG_1485097175535-768x512.jpg 768w, https:\/\/blogs.gazetaesportiva.com\/planeta-octogono\/files\/2017\/01\/FB_IMG_1485097175535-120x80.jpg 120w\" sizes=\"auto, (max-width: 960px) 100vw, 960px\" \/><\/a><figcaption id=\"caption-attachment-21804\" class=\"wp-caption-text\">Tito Ortiz se despede com vit\u00f3ria no Bellator &#8211; Divulga\u00e7\u00e3o<\/figcaption><\/figure>\n<p>Uma lenda encerrou sua carreira em grande estilo neste \u00faltimo s\u00e1bado nos Estados Unidos.<\/p>\n<p>O \u00eddolo americano Tito Ortiz fez sua luta de despedida do MMA contra o compatriota Chael Sonnen, velho conhecido entre o p\u00fablico brasileiro e n\u00e3o decepcionou.<\/p>\n<p>Em apenas 40 segundos de luta, o ex campe\u00e3o do UFC mostrou que est\u00e1 com seu Jiu Jitsu em dia e conseguiu reverter uma tentativa de finaliza\u00e7\u00e3o de Sonnen, que buscava finalizar com uma guilhotina.<\/p>\n<p>Conseguindo escapar da posi\u00e7\u00e3o desfavor\u00e1vel, Ortiz foi inteligente e rapidamente montou sobre Sonnen no solo e ap\u00f3s uma tentativa do estreante no Bellator em reverter a posi\u00e7\u00e3o, acabou aplicando um mata le\u00e3o, obrigando Chael a desistir do combate.<\/p>\n<p>Tito deixa o MMA com 19 vit\u00f3rias, 12 derrotas e um empate, completando 42 anos de idade neste domingo.<\/p>\n<p style=\"text-align: center\"><strong><em>Irm\u00e3o de Lyoto vira combate e aplica nocaute&#8230;<\/em><\/strong><\/p>\n<p>O lutador Chinzo Machida voltou ao cage do Bellator neste final de semana.<\/p>\n<p>Enfrentando Jamar Ocampo, o irm\u00e3o de Lyoto enfrentou dificuldades com o jogo de wrestling do advers\u00e1rio.<\/p>\n<p>Em um duelo bastante movimentado e com diversas trocas de posi\u00e7\u00f5es no solo, com Machida chegando a ter um corte no rosto, o brasileiro conseguiu reverter a desvantagem no duelo com um nocaute.<\/p>\n<p>Acertando um direito de direita certeiro no oponente, Chinzo conquistou sua segunda vit\u00f3ria na organiza\u00e7\u00e3o.<\/p>\n<figure id=\"attachment_21806\" aria-describedby=\"caption-attachment-21806\" style=\"width: 1152px\" class=\"wp-caption aligncenter\"><a href=\"https:\/\/blogs.gazetaesportiva.com\/planeta-octogono\/files\/2017\/01\/FB_IMG_1485097456089.jpg\"><img loading=\"lazy\" decoding=\"async\" class=\"size-full wp-image-21806\" src=\"https:\/\/blogs.gazetaesportiva.com\/planeta-octogono\/files\/2017\/01\/FB_IMG_1485097456089.jpg\" alt=\"\" width=\"1152\" height=\"768\" srcset=\"https:\/\/blogs.gazetaesportiva.com\/planeta-octogono\/files\/2017\/01\/FB_IMG_1485097456089.jpg 1152w, https:\/\/blogs.gazetaesportiva.com\/planeta-octogono\/files\/2017\/01\/FB_IMG_1485097456089-300x200.jpg 300w, https:\/\/blogs.gazetaesportiva.com\/planeta-octogono\/files\/2017\/01\/FB_IMG_1485097456089-768x512.jpg 768w, https:\/\/blogs.gazetaesportiva.com\/planeta-octogono\/files\/2017\/01\/FB_IMG_1485097456089-1024x683.jpg 1024w, https:\/\/blogs.gazetaesportiva.com\/planeta-octogono\/files\/2017\/01\/FB_IMG_1485097456089-120x80.jpg 120w\" sizes=\"auto, (max-width: 1152px) 100vw, 1152px\" \/><\/a><figcaption id=\"caption-attachment-21806\" class=\"wp-caption-text\">Chinzo enfrentou dificuldades antes de nocaute &#8211; Divulga\u00e7\u00e3o<\/figcaption><\/figure>\n<p>Outros destaques foi o brit\u00e2nico Paul Daley que nocauteou o americano Brennan Ward no primeiro round, com uma joelhada voadora ap\u00f3s acertar uma cotovelada rodada no advers\u00e1rio.<\/p>\n<p>J\u00e1 o ex lutador do TUF Brasil, Guilherme Bomba nocauteou John Mercurio no segundo round.<\/p>\n<figure id=\"attachment_21807\" aria-describedby=\"caption-attachment-21807\" style=\"width: 960px\" class=\"wp-caption aligncenter\"><a href=\"https:\/\/blogs.gazetaesportiva.com\/planeta-octogono\/files\/2017\/01\/FB_IMG_1485097164074.jpg\"><img loading=\"lazy\" decoding=\"async\" class=\"size-full wp-image-21807\" src=\"https:\/\/blogs.gazetaesportiva.com\/planeta-octogono\/files\/2017\/01\/FB_IMG_1485097164074.jpg\" alt=\"\" width=\"960\" height=\"640\" srcset=\"https:\/\/blogs.gazetaesportiva.com\/planeta-octogono\/files\/2017\/01\/FB_IMG_1485097164074.jpg 960w, https:\/\/blogs.gazetaesportiva.com\/planeta-octogono\/files\/2017\/01\/FB_IMG_1485097164074-300x200.jpg 300w, https:\/\/blogs.gazetaesportiva.com\/planeta-octogono\/files\/2017\/01\/FB_IMG_1485097164074-768x512.jpg 768w, https:\/\/blogs.gazetaesportiva.com\/planeta-octogono\/files\/2017\/01\/FB_IMG_1485097164074-120x80.jpg 120w\" sizes=\"auto, (max-width: 960px) 100vw, 960px\" \/><\/a><figcaption id=\"caption-attachment-21807\" class=\"wp-caption-text\">Paul Daley comemora potencial nocaute do ano &#8211; Divulga\u00e7\u00e3o<\/figcaption><\/figure>\n<p>&nbsp;<\/p>\n","protected":false},"excerpt":{"rendered":"<p>Uma lenda encerrou sua carreira em grande estilo neste \u00faltimo s\u00e1bado nos Estados Unidos. O \u00eddolo americano Tito Ortiz fez sua luta de despedida do <a class=\"read-more\" href=\"https:\/\/blogs.gazetaesportiva.com\/planeta-octogono\/2017\/01\/22\/tito-ortiz-finaliza-sonnen-e-se-aposenta-no-bellator\/\">leia mais<\/a><\/p>\n","protected":false},"author":33,"featured_media":21804,"comment_status":"open","ping_status":"open","sticky":false,"template":"","format":"standard","meta":{"jetpack_post_was_ever_published":false,"_jetpack_newsletter_access":"","_jetpack_dont_email_post_to_subs":false,"_jetpack_newsletter_tier_id":0,"_jetpack_memberships_contains_paywalled_content":false,"_jetpack_memberships_contains_paid_content":false,"footnotes":"","jetpack_publicize_message":"","jetpack_publicize_feature_enabled":true,"jetpack_social_post_already_shared":true,"jetpack_social_options":{"image_generator_settings":{"template":"highway","default_image_id":0,"font":"","enabled":false},"version":2}},"categories":[1],"tags":[39,252,1512,1513,125],"class_list":["post-21797","post","type-post","status-publish","format-standard","has-post-thumbnail","hentry","category-principal","tag-bellator","tag-chael-sonnen","tag-chinzo-machida","tag-paul-daley","tag-tito-ortiz"],"jetpack_publicize_connections":[],"jetpack_featured_media_url":"https:\/\/blogs.gazetaesportiva.com\/planeta-octogono\/files\/2017\/01\/FB_IMG_1485097175535.jpg","jetpack_sharing_enabled":true,"jetpack_shortlink":"https:\/\/wp.me\/p6rqUQ-5Fz","_links":{"self":[{"href":"https:\/\/blogs.gazetaesportiva.com\/planeta-octogono\/wp-json\/wp\/v2\/posts\/21797","targetHints":{"allow":["GET"]}}],"collection":[{"href":"https:\/\/blogs.gazetaesportiva.com\/planeta-octogono\/wp-json\/wp\/v2\/posts"}],"about":[{"href":"https:\/\/blogs.gazetaesportiva.com\/planeta-octogono\/wp-json\/wp\/v2\/types\/post"}],"author":[{"embeddable":true,"href":"https:\/\/blogs.gazetaesportiva.com\/planeta-octogono\/wp-json\/wp\/v2\/users\/33"}],"replies":[{"embeddable":true,"href":"https:\/\/blogs.gazetaesportiva.com\/planeta-octogono\/wp-json\/wp\/v2\/comments?post=21797"}],"version-history":[{"count":0,"href":"https:\/\/blogs.gazetaesportiva.com\/planeta-octogono\/wp-json\/wp\/v2\/posts\/21797\/revisions"}],"wp:featuredmedia":[{"embeddable":true,"href":"https:\/\/blogs.gazetaesportiva.com\/planeta-octogono\/wp-json\/wp\/v2\/media\/21804"}],"wp:attachment":[{"href":"https:\/\/blogs.gazetaesportiva.com\/planeta-octogono\/wp-json\/wp\/v2\/media?parent=21797"}],"wp:term":[{"taxonomy":"category","embeddable":true,"href":"https:\/\/blogs.gazetaesportiva.com\/planeta-octogono\/wp-json\/wp\/v2\/categories?post=21797"},{"taxonomy":"post_tag","embeddable":true,"href":"https:\/\/blogs.gazetaesportiva.com\/planeta-octogono\/wp-json\/wp\/v2\/tags?post=21797"}],"curies":[{"name":"wp","href":"https:\/\/api.w.org\/{rel}","templated":true}]}}