{"id":21790,"date":"2017-01-13T23:07:29","date_gmt":"2017-01-14T01:07:29","guid":{"rendered":"https:\/\/blogs.gazetaesportiva.com\/planeta-octogono\/?p=21790"},"modified":"2017-01-13T23:07:29","modified_gmt":"2017-01-14T01:07:29","slug":"anderson-silva-enfrenta-brunson-no-ufc-208-em-fevereiro","status":"publish","type":"post","link":"https:\/\/blogs.gazetaesportiva.com\/planeta-octogono\/2017\/01\/13\/anderson-silva-enfrenta-brunson-no-ufc-208-em-fevereiro\/","title":{"rendered":"Anderson Silva enfrenta Brunson no UFC 208 em fevereiro"},"content":{"rendered":"<figure id=\"attachment_19581\" aria-describedby=\"caption-attachment-19581\" style=\"width: 695px\" class=\"wp-caption aligncenter\"><a href=\"https:\/\/blogs.gazetaesportiva.com\/planeta-octogono\/files\/2015\/11\/andersoncorinthians.jpg\"><img loading=\"lazy\" decoding=\"async\" class=\"size-full wp-image-19581\" src=\"https:\/\/blogs.gazetaesportiva.com\/planeta-octogono\/files\/2015\/11\/andersoncorinthians.jpg\" alt=\"\" width=\"695\" height=\"463\" srcset=\"https:\/\/blogs.gazetaesportiva.com\/planeta-octogono\/files\/2015\/11\/andersoncorinthians.jpg 695w, https:\/\/blogs.gazetaesportiva.com\/planeta-octogono\/files\/2015\/11\/andersoncorinthians-300x200.jpg 300w, https:\/\/blogs.gazetaesportiva.com\/planeta-octogono\/files\/2015\/11\/andersoncorinthians-120x80.jpg 120w\" sizes=\"auto, (max-width: 695px) 100vw, 695px\" \/><\/a><figcaption id=\"caption-attachment-19581\" class=\"wp-caption-text\">Spider retorna em fevereiro ao UFC &#8211; Divulga\u00e7\u00e3o<\/figcaption><\/figure>\n<p>O lutador Anderson Silva vai voltar a lutar bem antes do que o p\u00fablico esperava.<\/p>\n<p>Ap\u00f3s citar seu desejo de lutar no Brasil em junho, o lutador teve seu pr\u00f3ximo compromisso confirmado pelo Presidente do UFC, Dana White.<\/p>\n<p>Usando as redes sociais, White revelou que Spider enfrenta o americano Derek Brunson, na edi\u00e7\u00e3o 208 do UFC, em Brooklin, no dia 11 de fevereiro.<\/p>\n<p>Vindo de derrotas para Daniel Cormier e uma luta sem resultado contra Nick Diaz, Spider enfrenta Brunson que perdeu para Robert Whittaker, na \u00faltima edi\u00e7\u00e3o do Ultimate na Austr\u00e1lia.<\/p>\n<p>Brunson \u00e9 especialista na luta de solo com o Wrestling mas tamb\u00e9m possui nocautes em seu cartel, com 16 vit\u00f3rias e quatro derrotas.<\/p>\n<p>https:\/\/youtu.be\/pL6Q0mBNfDE<\/p>\n","protected":false},"excerpt":{"rendered":"<p>O lutador Anderson Silva vai voltar a lutar bem antes do que o p\u00fablico esperava. Ap\u00f3s citar seu desejo de lutar no Brasil em junho, <a class=\"read-more\" href=\"https:\/\/blogs.gazetaesportiva.com\/planeta-octogono\/2017\/01\/13\/anderson-silva-enfrenta-brunson-no-ufc-208-em-fevereiro\/\">leia mais<\/a><\/p>\n","protected":false},"author":33,"featured_media":19581,"comment_status":"open","ping_status":"open","sticky":false,"template":"","format":"standard","meta":{"jetpack_post_was_ever_published":false,"_jetpack_newsletter_access":"","_jetpack_dont_email_post_to_subs":false,"_jetpack_newsletter_tier_id":0,"_jetpack_memberships_contains_paywalled_content":false,"_jetpack_memberships_contains_paid_content":false,"footnotes":"","jetpack_publicize_message":"","jetpack_publicize_feature_enabled":true,"jetpack_social_post_already_shared":true,"jetpack_social_options":{"image_generator_settings":{"template":"highway","default_image_id":0,"font":"","enabled":false},"version":2}},"categories":[1],"tags":[22,1351,1509],"class_list":["post-21790","post","type-post","status-publish","format-standard","has-post-thumbnail","hentry","category-principal","tag-anderson-silva","tag-derek-brunson","tag-ufc-208"],"jetpack_publicize_connections":[],"jetpack_featured_media_url":"https:\/\/blogs.gazetaesportiva.com\/planeta-octogono\/files\/2015\/11\/andersoncorinthians.jpg","jetpack_sharing_enabled":true,"jetpack_shortlink":"https:\/\/wp.me\/p6rqUQ-5Fs","_links":{"self":[{"href":"https:\/\/blogs.gazetaesportiva.com\/planeta-octogono\/wp-json\/wp\/v2\/posts\/21790","targetHints":{"allow":["GET"]}}],"collection":[{"href":"https:\/\/blogs.gazetaesportiva.com\/planeta-octogono\/wp-json\/wp\/v2\/posts"}],"about":[{"href":"https:\/\/blogs.gazetaesportiva.com\/planeta-octogono\/wp-json\/wp\/v2\/types\/post"}],"author":[{"embeddable":true,"href":"https:\/\/blogs.gazetaesportiva.com\/planeta-octogono\/wp-json\/wp\/v2\/users\/33"}],"replies":[{"embeddable":true,"href":"https:\/\/blogs.gazetaesportiva.com\/planeta-octogono\/wp-json\/wp\/v2\/comments?post=21790"}],"version-history":[{"count":0,"href":"https:\/\/blogs.gazetaesportiva.com\/planeta-octogono\/wp-json\/wp\/v2\/posts\/21790\/revisions"}],"wp:featuredmedia":[{"embeddable":true,"href":"https:\/\/blogs.gazetaesportiva.com\/planeta-octogono\/wp-json\/wp\/v2\/media\/19581"}],"wp:attachment":[{"href":"https:\/\/blogs.gazetaesportiva.com\/planeta-octogono\/wp-json\/wp\/v2\/media?parent=21790"}],"wp:term":[{"taxonomy":"category","embeddable":true,"href":"https:\/\/blogs.gazetaesportiva.com\/planeta-octogono\/wp-json\/wp\/v2\/categories?post=21790"},{"taxonomy":"post_tag","embeddable":true,"href":"https:\/\/blogs.gazetaesportiva.com\/planeta-octogono\/wp-json\/wp\/v2\/tags?post=21790"}],"curies":[{"name":"wp","href":"https:\/\/api.w.org\/{rel}","templated":true}]}}