{"id":21789,"date":"2017-01-13T18:28:58","date_gmt":"2017-01-13T20:28:58","guid":{"rendered":"https:\/\/blogs.gazetaesportiva.com\/planeta-octogono\/?p=21789"},"modified":"2017-01-13T18:42:58","modified_gmt":"2017-01-13T20:42:58","slug":"anderson-silva-volta-a-desafiar-conor-mcgregor","status":"publish","type":"post","link":"https:\/\/blogs.gazetaesportiva.com\/planeta-octogono\/2017\/01\/13\/anderson-silva-volta-a-desafiar-conor-mcgregor\/","title":{"rendered":"Anderson Silva desafia Conor McGregor e quer lutar no Brasil"},"content":{"rendered":"<figure id=\"attachment_19581\" aria-describedby=\"caption-attachment-19581\" style=\"width: 695px\" class=\"wp-caption aligncenter\"><a href=\"https:\/\/blogs.gazetaesportiva.com\/planeta-octogono\/files\/2015\/11\/andersoncorinthians.jpg\"><img loading=\"lazy\" decoding=\"async\" class=\"size-full wp-image-19581\" src=\"https:\/\/blogs.gazetaesportiva.com\/planeta-octogono\/files\/2015\/11\/andersoncorinthians.jpg\" alt=\"\" width=\"695\" height=\"463\" srcset=\"https:\/\/blogs.gazetaesportiva.com\/planeta-octogono\/files\/2015\/11\/andersoncorinthians.jpg 695w, https:\/\/blogs.gazetaesportiva.com\/planeta-octogono\/files\/2015\/11\/andersoncorinthians-300x200.jpg 300w, https:\/\/blogs.gazetaesportiva.com\/planeta-octogono\/files\/2015\/11\/andersoncorinthians-120x80.jpg 120w\" sizes=\"auto, (max-width: 695px) 100vw, 695px\" \/><\/a><figcaption id=\"caption-attachment-19581\" class=\"wp-caption-text\">Spider quer lutar no Brasil e desafia McGregor &#8211; Divulga\u00e7\u00e3o<\/figcaption><\/figure>\n<p>O \u00eddolo brasileiro do UFC, Anderson Silva fez sua primeira apari\u00e7\u00e3o neste in\u00edcio de ano.<\/p>\n<p>Participando do programa Combate News, o lutador que estava pedindo por oportunidade para desafiar o ingl\u00eas Michael Bisping, resolveu deixar esta id\u00e9ia de lado por enquanto.<\/p>\n<p>Na entrevista, o lutador confirmou seu desejo de enfrentar um outro nome em evid\u00eancia no UFC, o irland\u00eas Conor McGregor.<\/p>\n<figure id=\"attachment_18065\" aria-describedby=\"caption-attachment-18065\" style=\"width: 695px\" class=\"wp-caption aligncenter\"><a href=\"https:\/\/blogs.gazetaesportiva.com\/planeta-octogono\/files\/2015\/07\/11205057_10153368557521276_7181571504632048384_n.jpg\"><img loading=\"lazy\" decoding=\"async\" class=\"size-full wp-image-18065\" src=\"https:\/\/blogs.gazetaesportiva.com\/planeta-octogono\/files\/2015\/07\/11205057_10153368557521276_7181571504632048384_n.jpg\" alt=\"\" width=\"695\" height=\"462\" \/><\/a><figcaption id=\"caption-attachment-18065\" class=\"wp-caption-text\">Conor McGregor \u00e9 alvo de Spider &#8211; Divulga\u00e7\u00e3o<\/figcaption><\/figure>\n<p><em>&#8220;Agora, velho, que eu estou come\u00e7ando a desafiar todo mundo. Ah, eu quero bater nesse an\u00e3o. Como \u00e9 o nome do menino mesmo? McGregor. N\u00e3o \u00e9 provoca\u00e7\u00e3o.<\/em><\/p>\n<p><em>\u00c9 que eu esqueci, eu sou velho. Velho sabe como \u00e9. Eu tenho essa vontade de me testar contra ele. Eu acho que ele \u00e9 um cara que tem uma habilidade fora do normal. Eu n\u00e3o sei se ele chegaria num peso at\u00e9 81, 82 Kg, que \u00e9 o peso que eu consigo chegar.<\/em><\/p>\n<p><em>Mas \u00e9 um cara que eu gostaria de me testar antes de eu encerrar minha carreira. Acho que seria uma grande luta para o mundo das lutas e para a hist\u00f3ria do UFC.&#8221;<\/em> afirmou Anderson que espera voltar a lutar no meio do ano, quem sabe em uma edi\u00e7\u00e3o do Ultimate no Brasil.<\/p>\n<p>&#8220;<em>N\u00e3o tem nada confirmado. Conversei com o Ed (Soares) e o Joinha (Jorge Guimar\u00e3es) esta semana. Talvez eu lute em junho ou julho no Brasil. Estou aguardando para ver o que acontece. S\u00e3o 20 anos de carreira.<\/em><\/p>\n<p><em>\u00c9 uma emo\u00e7\u00e3o muito grande estar at\u00e9 hoje em atividade. Espero que eu consiga fazer essa luta no Brasil, dar esta luta de presente para os brasileiros.&#8221;<\/em> contou o atleta.<\/p>\n","protected":false},"excerpt":{"rendered":"<p>O \u00eddolo brasileiro do UFC, Anderson Silva fez sua primeira apari\u00e7\u00e3o neste in\u00edcio de ano. Participando do programa Combate News, o lutador que estava pedindo <a class=\"read-more\" href=\"https:\/\/blogs.gazetaesportiva.com\/planeta-octogono\/2017\/01\/13\/anderson-silva-volta-a-desafiar-conor-mcgregor\/\">leia mais<\/a><\/p>\n","protected":false},"author":33,"featured_media":0,"comment_status":"open","ping_status":"open","sticky":false,"template":"","format":"standard","meta":{"jetpack_post_was_ever_published":false,"_jetpack_newsletter_access":"","_jetpack_dont_email_post_to_subs":false,"_jetpack_newsletter_tier_id":0,"_jetpack_memberships_contains_paywalled_content":false,"_jetpack_memberships_contains_paid_content":false,"footnotes":"","jetpack_publicize_message":"","jetpack_publicize_feature_enabled":true,"jetpack_social_post_already_shared":true,"jetpack_social_options":{"image_generator_settings":{"template":"highway","default_image_id":0,"font":"","enabled":false},"version":2}},"categories":[1],"tags":[22,614,41],"class_list":["post-21789","post","type-post","status-publish","format-standard","hentry","category-principal","tag-anderson-silva","tag-conor-mcgregor","tag-ufc"],"jetpack_publicize_connections":[],"jetpack_featured_media_url":"","jetpack_sharing_enabled":true,"jetpack_shortlink":"https:\/\/wp.me\/p6rqUQ-5Fr","_links":{"self":[{"href":"https:\/\/blogs.gazetaesportiva.com\/planeta-octogono\/wp-json\/wp\/v2\/posts\/21789","targetHints":{"allow":["GET"]}}],"collection":[{"href":"https:\/\/blogs.gazetaesportiva.com\/planeta-octogono\/wp-json\/wp\/v2\/posts"}],"about":[{"href":"https:\/\/blogs.gazetaesportiva.com\/planeta-octogono\/wp-json\/wp\/v2\/types\/post"}],"author":[{"embeddable":true,"href":"https:\/\/blogs.gazetaesportiva.com\/planeta-octogono\/wp-json\/wp\/v2\/users\/33"}],"replies":[{"embeddable":true,"href":"https:\/\/blogs.gazetaesportiva.com\/planeta-octogono\/wp-json\/wp\/v2\/comments?post=21789"}],"version-history":[{"count":0,"href":"https:\/\/blogs.gazetaesportiva.com\/planeta-octogono\/wp-json\/wp\/v2\/posts\/21789\/revisions"}],"wp:attachment":[{"href":"https:\/\/blogs.gazetaesportiva.com\/planeta-octogono\/wp-json\/wp\/v2\/media?parent=21789"}],"wp:term":[{"taxonomy":"category","embeddable":true,"href":"https:\/\/blogs.gazetaesportiva.com\/planeta-octogono\/wp-json\/wp\/v2\/categories?post=21789"},{"taxonomy":"post_tag","embeddable":true,"href":"https:\/\/blogs.gazetaesportiva.com\/planeta-octogono\/wp-json\/wp\/v2\/tags?post=21789"}],"curies":[{"name":"wp","href":"https:\/\/api.w.org\/{rel}","templated":true}]}}