{"id":21785,"date":"2017-01-04T06:23:54","date_gmt":"2017-01-04T08:23:54","guid":{"rendered":"https:\/\/blogs.gazetaesportiva.com\/planeta-octogono\/?p=21785"},"modified":"2017-01-04T06:42:56","modified_gmt":"2017-01-04T08:42:56","slug":"mirko-crocop-anuncia-aposentadoria-do-mma","status":"publish","type":"post","link":"https:\/\/blogs.gazetaesportiva.com\/planeta-octogono\/2017\/01\/04\/mirko-crocop-anuncia-aposentadoria-do-mma\/","title":{"rendered":"Mirko Crocop anuncia aposentadoria do MMA"},"content":{"rendered":"<figure id=\"attachment_21742\" aria-describedby=\"caption-attachment-21742\" style=\"width: 1440px\" class=\"wp-caption aligncenter\"><a href=\"https:\/\/blogs.gazetaesportiva.com\/planeta-octogono\/files\/2016\/12\/FB_IMG_1482869809385.jpg\"><img loading=\"lazy\" decoding=\"async\" class=\"size-full wp-image-21742\" src=\"https:\/\/blogs.gazetaesportiva.com\/planeta-octogono\/files\/2016\/12\/FB_IMG_1482869809385.jpg\" alt=\"\" width=\"1440\" height=\"960\" srcset=\"https:\/\/blogs.gazetaesportiva.com\/planeta-octogono\/files\/2016\/12\/FB_IMG_1482869809385.jpg 1440w, https:\/\/blogs.gazetaesportiva.com\/planeta-octogono\/files\/2016\/12\/FB_IMG_1482869809385-300x200.jpg 300w, https:\/\/blogs.gazetaesportiva.com\/planeta-octogono\/files\/2016\/12\/FB_IMG_1482869809385-768x512.jpg 768w, https:\/\/blogs.gazetaesportiva.com\/planeta-octogono\/files\/2016\/12\/FB_IMG_1482869809385-1024x683.jpg 1024w, https:\/\/blogs.gazetaesportiva.com\/planeta-octogono\/files\/2016\/12\/FB_IMG_1482869809385-120x80.jpg 120w\" sizes=\"auto, (max-width: 1440px) 100vw, 1440px\" \/><\/a><figcaption id=\"caption-attachment-21742\" class=\"wp-caption-text\">Mirko Crocop anuncia aposentadoria do MMA &#8211; Bruno Massami<\/figcaption><\/figure>\n<p>A lenda croata Mirko Crocop, que conquistou o t\u00edtulo do GP peso absoluto resolveu anunciar seu futuro.<\/p>\n<p>De volta a Cro\u00e1cia ap\u00f3s a conquista, o lutador participou de uma entrevista na rede de televis\u00e3o Nova TV, que transmitiu o evento do Rizin Fighting Federation para seus pa\u00eds, Crocop falou sobre seu futuro.<\/p>\n<p>Revelando que est\u00e1 novamente encarando problemas com les\u00f5es, Crocop anunciou que vai se aposentar do esporte.<\/p>\n<p>&#8220;<em>Eu fui at\u00e9 os limites da dor. Foi uma noite festiva e inesquecivel para mim. A prepara\u00e7\u00e3o para este torneio foi a mais dif\u00edcil mas agrade\u00e7o de cora\u00e7\u00e3o a todos da minha equipe que me ajudaram. Foi meu \u00faltimo torneio e definitivamente \u00e9 o fim de minha carreira<\/em>.&#8221; disse o lutador que cogitou uma luta de despedida no Rizin para poder se despedir dos f\u00e3s japoneses.<\/p>\n<figure id=\"attachment_21787\" aria-describedby=\"caption-attachment-21787\" style=\"width: 1440px\" class=\"wp-caption aligncenter\"><a href=\"https:\/\/blogs.gazetaesportiva.com\/planeta-octogono\/files\/2017\/01\/FB_IMG_1483518858001.jpg\"><img loading=\"lazy\" decoding=\"async\" class=\"size-full wp-image-21787\" src=\"https:\/\/blogs.gazetaesportiva.com\/planeta-octogono\/files\/2017\/01\/FB_IMG_1483518858001.jpg\" alt=\"\" width=\"1440\" height=\"960\" srcset=\"https:\/\/blogs.gazetaesportiva.com\/planeta-octogono\/files\/2017\/01\/FB_IMG_1483518858001.jpg 1440w, https:\/\/blogs.gazetaesportiva.com\/planeta-octogono\/files\/2017\/01\/FB_IMG_1483518858001-300x200.jpg 300w, https:\/\/blogs.gazetaesportiva.com\/planeta-octogono\/files\/2017\/01\/FB_IMG_1483518858001-768x512.jpg 768w, https:\/\/blogs.gazetaesportiva.com\/planeta-octogono\/files\/2017\/01\/FB_IMG_1483518858001-1024x683.jpg 1024w, https:\/\/blogs.gazetaesportiva.com\/planeta-octogono\/files\/2017\/01\/FB_IMG_1483518858001-120x80.jpg 120w\" sizes=\"auto, (max-width: 1440px) 100vw, 1440px\" \/><\/a><figcaption id=\"caption-attachment-21787\" class=\"wp-caption-text\">Mirko Crocop conquistou o GP do Rizin aos 42 anos &#8211; Bruno Massami<\/figcaption><\/figure>\n<p>&#8220;<em>Tenho problemas m\u00e9dicos. Se for necess\u00e1rio, farei uma luta de despedida no Jap\u00e3o. Tenho consultado meu m\u00e9dico e se for preciso, tentarei recuperar meu joelho para fazer esta luta. Minha cartilagem est\u00e1 destru\u00edda. Mas sendo sincero, n\u00e3o quero mais viver este inferno (enfrentar les\u00f5es). Eu dei minha contribui\u00e7\u00e3o ao esporte mesmo sabendo que desta vez estou anunciando o fim de minha carreira<\/em>.&#8221; finalizou Mirko.<\/p>\n<p>Com 42 anos, Crocop se aposenta com dois t\u00edtulos de GP&#8217;s absolutos no Jap\u00e3o (PRIDE em 2006 e Rizin em 2016) al\u00e9m de ter sido campe\u00e3o do K-1 em 2012.<\/p>\n<p>https:\/\/youtu.be\/n98amyvFuPg<\/p>\n<p>&nbsp;<\/p>\n","protected":false},"excerpt":{"rendered":"<p>A lenda croata Mirko Crocop, que conquistou o t\u00edtulo do GP peso absoluto resolveu anunciar seu futuro. De volta a Cro\u00e1cia ap\u00f3s a conquista, o <a class=\"read-more\" href=\"https:\/\/blogs.gazetaesportiva.com\/planeta-octogono\/2017\/01\/04\/mirko-crocop-anuncia-aposentadoria-do-mma\/\">leia mais<\/a><\/p>\n","protected":false},"author":33,"featured_media":21787,"comment_status":"open","ping_status":"open","sticky":false,"template":"","format":"standard","meta":{"jetpack_post_was_ever_published":false,"_jetpack_newsletter_access":"","_jetpack_dont_email_post_to_subs":false,"_jetpack_newsletter_tier_id":0,"_jetpack_memberships_contains_paywalled_content":false,"_jetpack_memberships_contains_paid_content":false,"footnotes":"","jetpack_publicize_message":"","jetpack_publicize_feature_enabled":true,"jetpack_social_post_already_shared":true,"jetpack_social_options":{"image_generator_settings":{"template":"highway","default_image_id":0,"font":"","enabled":false},"version":2}},"categories":[1],"tags":[409,1109],"class_list":["post-21785","post","type-post","status-publish","format-standard","has-post-thumbnail","hentry","category-principal","tag-mirko-crocop","tag-rizin-fighting-federation"],"jetpack_publicize_connections":[],"jetpack_featured_media_url":"https:\/\/blogs.gazetaesportiva.com\/planeta-octogono\/files\/2017\/01\/FB_IMG_1483518858001.jpg","jetpack_sharing_enabled":true,"jetpack_shortlink":"https:\/\/wp.me\/p6rqUQ-5Fn","_links":{"self":[{"href":"https:\/\/blogs.gazetaesportiva.com\/planeta-octogono\/wp-json\/wp\/v2\/posts\/21785","targetHints":{"allow":["GET"]}}],"collection":[{"href":"https:\/\/blogs.gazetaesportiva.com\/planeta-octogono\/wp-json\/wp\/v2\/posts"}],"about":[{"href":"https:\/\/blogs.gazetaesportiva.com\/planeta-octogono\/wp-json\/wp\/v2\/types\/post"}],"author":[{"embeddable":true,"href":"https:\/\/blogs.gazetaesportiva.com\/planeta-octogono\/wp-json\/wp\/v2\/users\/33"}],"replies":[{"embeddable":true,"href":"https:\/\/blogs.gazetaesportiva.com\/planeta-octogono\/wp-json\/wp\/v2\/comments?post=21785"}],"version-history":[{"count":0,"href":"https:\/\/blogs.gazetaesportiva.com\/planeta-octogono\/wp-json\/wp\/v2\/posts\/21785\/revisions"}],"wp:featuredmedia":[{"embeddable":true,"href":"https:\/\/blogs.gazetaesportiva.com\/planeta-octogono\/wp-json\/wp\/v2\/media\/21787"}],"wp:attachment":[{"href":"https:\/\/blogs.gazetaesportiva.com\/planeta-octogono\/wp-json\/wp\/v2\/media?parent=21785"}],"wp:term":[{"taxonomy":"category","embeddable":true,"href":"https:\/\/blogs.gazetaesportiva.com\/planeta-octogono\/wp-json\/wp\/v2\/categories?post=21785"},{"taxonomy":"post_tag","embeddable":true,"href":"https:\/\/blogs.gazetaesportiva.com\/planeta-octogono\/wp-json\/wp\/v2\/tags?post=21785"}],"curies":[{"name":"wp","href":"https:\/\/api.w.org\/{rel}","templated":true}]}}