{"id":20871,"date":"2016-01-22T17:28:35","date_gmt":"2016-01-22T19:28:35","guid":{"rendered":"https:\/\/blogs.gazetaesportiva.com\/planeta-octogono\/?p=20871"},"modified":"2016-01-22T17:34:57","modified_gmt":"2016-01-22T19:34:57","slug":"rafael-dos-anjos-vs-conor-mcgregor-um-duelo-perigoso-para-ambos-os-lados","status":"publish","type":"post","link":"https:\/\/blogs.gazetaesportiva.com\/planeta-octogono\/2016\/01\/22\/rafael-dos-anjos-vs-conor-mcgregor-um-duelo-perigoso-para-ambos-os-lados\/","title":{"rendered":"Rafael dos Anjos vs Conor McGregor: Um duelo perigoso para ambos os lados"},"content":{"rendered":"<figure id=\"attachment_20865\" aria-describedby=\"caption-attachment-20865\" style=\"width: 807px\" class=\"wp-caption aligncenter\"><a href=\"https:\/\/blogs.gazetaesportiva.com\/planeta-octogono\/files\/2016\/01\/FB_IMG_1453339025666.jpg\"><img loading=\"lazy\" decoding=\"async\" class=\"wp-image-20865\" src=\"https:\/\/blogs.gazetaesportiva.com\/planeta-octogono\/files\/2016\/01\/FB_IMG_1453339025666.jpg\" alt=\"Rafael dos Anjos e Conor McGregor se enfrentam em mar\u00e7o - Divulga\u00e7\u00e3o\" width=\"807\" height=\"559\" srcset=\"https:\/\/blogs.gazetaesportiva.com\/planeta-octogono\/files\/2016\/01\/FB_IMG_1453339025666.jpg 1387w, https:\/\/blogs.gazetaesportiva.com\/planeta-octogono\/files\/2016\/01\/FB_IMG_1453339025666-300x208.jpg 300w, https:\/\/blogs.gazetaesportiva.com\/planeta-octogono\/files\/2016\/01\/FB_IMG_1453339025666-1024x709.jpg 1024w\" sizes=\"auto, (max-width: 807px) 100vw, 807px\" \/><\/a><figcaption id=\"caption-attachment-20865\" class=\"wp-caption-text\"><strong><em>Rafael dos Anjos e Conor McGregor se enfrentam em mar\u00e7o &#8211; Divulga\u00e7\u00e3o<\/em><\/strong><\/figcaption><\/figure>\n<p>O UFC vai realizar no dia 5 de mar\u00e7o um importante combate para o futuro de duas categorias: Pesos leves e penas.<\/p>\n<p>Dois campe\u00f5es e o cintur\u00e3o do brasileiro Rafael dos Anjos em jogo contra o irland\u00eas Conor McGregor, de campe\u00e3o pena a desafiante na edi\u00e7\u00e3o 197.<\/p>\n<p>Vamos tentar analisar o combate mostrando dois lados interessantes e ao mesmo tempo que torna o duelo t\u00e3o imprevis\u00edvel.<\/p>\n<p>https:\/\/www.youtube.com\/watch?v=0hauQW6T8eU<\/p>\n<p>Com uma invencibilidade de 15 lutas sem perder desde 2010, Conor McGregor vai enfrentar um novo desafio. Um atleta completo e que evoluiu muito nos \u00faltimos anos.<\/p>\n<p>Para muitos, o irland\u00eas \u00e9 apenas um falastr\u00e3o mas na realidade a forma de promover seus combates acaba sendo apenas uma armadilha para esconder suas reais habilidades.<\/p>\n<p>Temos que ser sinceros, Conor \u00e9 um lutador diferente em p\u00e9. E isto o torna uma luta muito perigosa para Rafael dos Anjos.<\/p>\n<p>Quem diz isso s\u00e3o os n\u00fameros. E que impressionam a qualquer um.<\/p>\n<p>Al\u00e9m da invencibilidade citada acima, McGregor tem 17 de suas 19 vit\u00f3rias por nocaute.<\/p>\n<p>Dentro do UFC, s\u00e3o 6 nocautes em 7 lutas. Suas \u00faltimas cinco lutas, foram 5 nocautes e dois deles sobre brasileiros: Jos\u00e9 Aldo e Diego Brand\u00e3o.<\/p>\n<p>Conor possui uma habilidade especial de pressionar o advers\u00e1rio, encurralando o mesmo na grade com socos e chutes rodados, trabalhando com muita intensidade volume de golpes para minar a resist\u00eancia do oponente abrindo a oportunidade para acabar com o combate.<\/p>\n<p>Outra habilidade de McGregor, o mundo e especialmente o Brasil enxergou no UFC 194.<\/p>\n<p>O irland\u00eas mostrou que al\u00e9m da press\u00e3o no ataque, pode ser letal atuando no contragolpe.<\/p>\n<p>Pelo fato de Rafael dos Anjos ser mais forte e talvez ter desvantagem na velocidade, o brasileiro vai precisar tomar muito cuidado em p\u00e9 para n\u00e3o ter o mesmo destino de Aldo e Brand\u00e3o.<\/p>\n<p>Mas quem pensa que somente o brasileiro pode estar em apuros est\u00e1 enganado.<\/p>\n<p>https:\/\/www.youtube.com\/watch?v=MTBov6i2c_g<\/p>\n<p>S\u00e3o 19 lutas no UFC. Apenas 5 derrotas. 14 vit\u00f3rias e em suas \u00faltimas cinco lutas foram tr\u00eas nocautes e dois deles sobre importantes nomes do peso leve: Benson Henderson, Donald Cerrone.<\/p>\n<p>Rafael dos Anjos \u00e9 de fato uma m\u00e1quina de lutar.<\/p>\n<p>A evolu\u00e7\u00e3o em p\u00e9 do brasileiro \u00e9 vis\u00edvel ap\u00f3s sua \u00faltima derrota para o russo Khabib Nurmagomedov.<\/p>\n<p>Seu aprendizado nas academias Evolve MMA, em Cingapura e na Kings MMA, com o Mestre Rafael Cordeiro transformaram Rafael em uma dinamite do peso.<\/p>\n<p>Outro fato \u00e9 o brasileiro trabalhar a base esquerda.<\/p>\n<p>Os \u00faltimos oponentes de McGregor foram destros e enfrentar um fato novo pode trazer problemas para o irland\u00eas.<\/p>\n<p>Al\u00e9m disso, o brasileiro \u00e9 um atleta muito perigoso na fraqueza de Conor: O jogo de solo.<\/p>\n<p>Ap\u00f3s o mundo ver Conor enfrentar dificuldades contra o americano Chad Mendes, que \u00e9 um atleta mais baixo e mais fraco fisicamente do que Rafael, a luta no ch\u00e3o pode ser o caminho para o brasileiro vencer o duelo.<\/p>\n<p>Outro ponto forte de Rafael s\u00e3o as quedas de wrestling, habilidade que o lutador vem aprimorando desde sua entrada no Ultimate em 2008.<\/p>\n<p>A experi\u00eancia de Dos Anjos tamb\u00e9m pode ser um ponto forte na luta, j\u00e1 que Rafael enfrentou v\u00e1rios tipos de situa\u00e7\u00f5es dentro do oct\u00f3gono.<\/p>\n<p>Vit\u00f3rias, derrotas, lutas de t\u00edtulo, confrontos disputados, toda esta bagagem pode ser decisiva caso o duelo venha se prolongar at\u00e9 o fim.<\/p>\n<p>A expectativa s\u00e3o as melhores poss\u00edveis. Um grande combate que os f\u00e3s v\u00e3o ter para acompanhar no UFC 197.<\/p>\n<p>Qual \u00e9 sua aposta?<\/p>\n<p><iframe loading=\"lazy\" title=\"A encarada de Rafael dos Anjos e Conor McGregor na coletiva do UFC 197\" width=\"640\" height=\"360\" src=\"https:\/\/www.youtube.com\/embed\/dkpZJm3SY0Y?feature=oembed\" frameborder=\"0\" allow=\"accelerometer; autoplay; clipboard-write; encrypted-media; gyroscope; picture-in-picture; web-share\" referrerpolicy=\"strict-origin-when-cross-origin\" allowfullscreen><\/iframe><\/p>\n","protected":false},"excerpt":{"rendered":"<p>O UFC vai realizar no dia 5 de mar\u00e7o um importante combate para o futuro de duas categorias: Pesos leves e penas. Dois campe\u00f5es e <a class=\"read-more\" href=\"https:\/\/blogs.gazetaesportiva.com\/planeta-octogono\/2016\/01\/22\/rafael-dos-anjos-vs-conor-mcgregor-um-duelo-perigoso-para-ambos-os-lados\/\">leia mais<\/a><\/p>\n","protected":false},"author":33,"featured_media":0,"comment_status":"open","ping_status":"open","sticky":false,"template":"","format":"standard","meta":{"jetpack_post_was_ever_published":false,"_jetpack_newsletter_access":"","_jetpack_dont_email_post_to_subs":false,"_jetpack_newsletter_tier_id":0,"_jetpack_memberships_contains_paywalled_content":false,"_jetpack_memberships_contains_paid_content":false,"footnotes":"","jetpack_publicize_message":"","jetpack_publicize_feature_enabled":true,"jetpack_social_post_already_shared":false,"jetpack_social_options":{"image_generator_settings":{"template":"highway","default_image_id":0,"font":"","enabled":false},"version":2}},"categories":[1],"tags":[614,402,1179],"class_list":["post-20871","post","type-post","status-publish","format-standard","hentry","category-principal","tag-conor-mcgregor","tag-rafael-dos-anjos","tag-ufc-197"],"jetpack_publicize_connections":[],"jetpack_featured_media_url":"","jetpack_sharing_enabled":true,"jetpack_shortlink":"https:\/\/wp.me\/p6rqUQ-5qD","_links":{"self":[{"href":"https:\/\/blogs.gazetaesportiva.com\/planeta-octogono\/wp-json\/wp\/v2\/posts\/20871","targetHints":{"allow":["GET"]}}],"collection":[{"href":"https:\/\/blogs.gazetaesportiva.com\/planeta-octogono\/wp-json\/wp\/v2\/posts"}],"about":[{"href":"https:\/\/blogs.gazetaesportiva.com\/planeta-octogono\/wp-json\/wp\/v2\/types\/post"}],"author":[{"embeddable":true,"href":"https:\/\/blogs.gazetaesportiva.com\/planeta-octogono\/wp-json\/wp\/v2\/users\/33"}],"replies":[{"embeddable":true,"href":"https:\/\/blogs.gazetaesportiva.com\/planeta-octogono\/wp-json\/wp\/v2\/comments?post=20871"}],"version-history":[{"count":0,"href":"https:\/\/blogs.gazetaesportiva.com\/planeta-octogono\/wp-json\/wp\/v2\/posts\/20871\/revisions"}],"wp:attachment":[{"href":"https:\/\/blogs.gazetaesportiva.com\/planeta-octogono\/wp-json\/wp\/v2\/media?parent=20871"}],"wp:term":[{"taxonomy":"category","embeddable":true,"href":"https:\/\/blogs.gazetaesportiva.com\/planeta-octogono\/wp-json\/wp\/v2\/categories?post=20871"},{"taxonomy":"post_tag","embeddable":true,"href":"https:\/\/blogs.gazetaesportiva.com\/planeta-octogono\/wp-json\/wp\/v2\/tags?post=20871"}],"curies":[{"name":"wp","href":"https:\/\/api.w.org\/{rel}","templated":true}]}}