{"id":20863,"date":"2016-01-21T13:11:56","date_gmt":"2016-01-21T15:11:56","guid":{"rendered":"https:\/\/blogs.gazetaesportiva.com\/planeta-octogono\/?p=20863"},"modified":"2016-01-21T13:14:28","modified_gmt":"2016-01-21T15:14:28","slug":"mcgregor-usa-jose-aldo-para-atacar-dos-anjos-no-ufc-ele-e-pior","status":"publish","type":"post","link":"https:\/\/blogs.gazetaesportiva.com\/planeta-octogono\/2016\/01\/21\/mcgregor-usa-jose-aldo-para-atacar-dos-anjos-no-ufc-ele-e-pior\/","title":{"rendered":"McGregor usa Jos\u00e9 Aldo para atacar Dos Anjos no UFC: Ele \u00e9 pior!"},"content":{"rendered":"<figure id=\"attachment_20865\" aria-describedby=\"caption-attachment-20865\" style=\"width: 887px\" class=\"wp-caption aligncenter\"><a href=\"https:\/\/blogs.gazetaesportiva.com\/planeta-octogono\/files\/2016\/01\/FB_IMG_1453339025666.jpg\"><img loading=\"lazy\" decoding=\"async\" class=\"size-full wp-image-20865\" src=\"https:\/\/blogs.gazetaesportiva.com\/planeta-octogono\/files\/2016\/01\/FB_IMG_1453339025666.jpg\" alt=\"Rafael dos Anjos e Conor McGregor se encaram pela primeira vez - Divulga\u00e7\u00e3o\" width=\"887\" height=\"490\" \/><\/a><figcaption id=\"caption-attachment-20865\" class=\"wp-caption-text\">Rafael dos Anjos e Conor McGregor se encaram pela primeira vez &#8211; Divulga\u00e7\u00e3o<\/figcaption><\/figure>\n<p>O UFC realizou o primeiro encontro entre o brasileiro Rafael dos Anjos, campe\u00e3o peso leve e o irland\u00eas Conor McGregor, em coletiva da edi\u00e7\u00e3o 197.<\/p>\n<p>O evento que acontece no dia 5 de mar\u00e7o em Las Vegas teve as primeiras encaradas das estrelas do evento e muitos ataques de McGregor a Rafael.<\/p>\n<p>Acusando o campe\u00e3o peso leve de ser um traidor de sua p\u00e1tria, Conor fez elogios a outro oponente: Jos\u00e9 Aldo.<\/p>\n<p><em>&#8220;Ele fez uma reserva de hotel no Brasil. Porque voc\u00ea n\u00e3o explica isso para sua TV brasileira e seus conterr\u00e2neos? Voc\u00ea deixou seu pa\u00eds. Veja como seu povo trata Jos\u00e9 Aldo. Eu estive l\u00e1 e vi como eles o amam. Aldo \u00e9 um verdadeiro brasileiro.&#8221;<\/em> disparou Conor.<\/p>\n<p>Em defesa, Dos Anjos citou o sonho americano e que todos os povos n\u00e3o merecem ser julgados por tentarem uma vida melhor fora de seu pa\u00eds.<\/p>\n<p><em>&#8220;N\u00e3o faz sentido. Todo mundo tem o sonho americano. N\u00f3s temos brasileiros, irlandeses morando aqui nos Estados Unidos e ningu\u00e9m merece ser chamado de traidores<\/em>.&#8221; respondeu Dos Anjos.<\/p>\n<p>O irland\u00eas tamb\u00e9m comparou as habilidades de Rafael e Aldo, considerando o combate como uma luta sem preocupa\u00e7\u00f5es.<\/p>\n<p><em>&#8220;Sinto que vou acabar com Rafael em menos de um minuto. Ele \u00e9 lento, uma vers\u00e3o pior do Aldo<\/em>.&#8221; analisou o irland\u00eas.<\/p>\n<p><iframe loading=\"lazy\" title=\"A encarada de Rafael dos Anjos e Conor McGregor na coletiva do UFC 197\" width=\"640\" height=\"360\" src=\"https:\/\/www.youtube.com\/embed\/dkpZJm3SY0Y?feature=oembed\" frameborder=\"0\" allow=\"accelerometer; autoplay; clipboard-write; encrypted-media; gyroscope; picture-in-picture; web-share\" referrerpolicy=\"strict-origin-when-cross-origin\" allowfullscreen><\/iframe><\/p>\n<p>Dos Anjos procurou n\u00e3o entrar nas provoca\u00e7\u00f5es do oponente e manteve o discurso respeitoso apesar da confian\u00e7a e prometeu devolver McGregor para a divis\u00e3o dos penas, aonde o irland\u00eas se tornou campe\u00e3o do Ultimate.<\/p>\n<p><em>&#8220;N\u00e3o sou um falastr\u00e3o. Apenas falo a verdade e respeito meus oponentes. Eu vou mandar ele de volta para a divis\u00e3o dele. Se eu puder acabar a luta no primeiro round, eu o farei. <\/em><\/p>\n<p><em>Mas se n\u00e3o vou punir ele durante tr\u00eas, quatro rounds e fazer ele pagar por todo o desrespeito que tem demonstrado com tudo que est\u00e1 falando<\/em>.&#8221; comentou Dos Anjos.<\/p>\n<p>Al\u00e9m do duelo principal, o evento tem o retorno da americana Holly Holm que encara a compatriota Miesha Tate, na co luta principal.<\/p>\n<p><iframe loading=\"lazy\" title=\"Holly Holm e Miesha Tate frente a frente ap\u00f3s coletiva do UFC 197\" width=\"640\" height=\"360\" src=\"https:\/\/www.youtube.com\/embed\/LS_nN66Ybrs?feature=oembed\" frameborder=\"0\" allow=\"accelerometer; autoplay; clipboard-write; encrypted-media; gyroscope; picture-in-picture; web-share\" referrerpolicy=\"strict-origin-when-cross-origin\" allowfullscreen><\/iframe><\/p>\n","protected":false},"excerpt":{"rendered":"<p>O UFC realizou o primeiro encontro entre o brasileiro Rafael dos Anjos, campe\u00e3o peso leve e o irland\u00eas Conor McGregor, em coletiva da edi\u00e7\u00e3o 197. <a class=\"read-more\" href=\"https:\/\/blogs.gazetaesportiva.com\/planeta-octogono\/2016\/01\/21\/mcgregor-usa-jose-aldo-para-atacar-dos-anjos-no-ufc-ele-e-pior\/\">leia mais<\/a><\/p>\n","protected":false},"author":33,"featured_media":20865,"comment_status":"open","ping_status":"open","sticky":false,"template":"","format":"standard","meta":{"jetpack_post_was_ever_published":false,"_jetpack_newsletter_access":"","_jetpack_dont_email_post_to_subs":false,"_jetpack_newsletter_tier_id":0,"_jetpack_memberships_contains_paywalled_content":false,"_jetpack_memberships_contains_paid_content":false,"footnotes":"","jetpack_publicize_message":"","jetpack_publicize_feature_enabled":true,"jetpack_social_post_already_shared":false,"jetpack_social_options":{"image_generator_settings":{"template":"highway","default_image_id":0,"font":"","enabled":false},"version":2}},"categories":[1],"tags":[614,749,99,402,1179],"class_list":["post-20863","post","type-post","status-publish","format-standard","has-post-thumbnail","hentry","category-principal","tag-conor-mcgregor","tag-holly-holm","tag-miesha-tate","tag-rafael-dos-anjos","tag-ufc-197"],"jetpack_publicize_connections":[],"jetpack_featured_media_url":"https:\/\/blogs.gazetaesportiva.com\/planeta-octogono\/files\/2016\/01\/FB_IMG_1453339025666.jpg","jetpack_sharing_enabled":true,"jetpack_shortlink":"https:\/\/wp.me\/p6rqUQ-5qv","_links":{"self":[{"href":"https:\/\/blogs.gazetaesportiva.com\/planeta-octogono\/wp-json\/wp\/v2\/posts\/20863","targetHints":{"allow":["GET"]}}],"collection":[{"href":"https:\/\/blogs.gazetaesportiva.com\/planeta-octogono\/wp-json\/wp\/v2\/posts"}],"about":[{"href":"https:\/\/blogs.gazetaesportiva.com\/planeta-octogono\/wp-json\/wp\/v2\/types\/post"}],"author":[{"embeddable":true,"href":"https:\/\/blogs.gazetaesportiva.com\/planeta-octogono\/wp-json\/wp\/v2\/users\/33"}],"replies":[{"embeddable":true,"href":"https:\/\/blogs.gazetaesportiva.com\/planeta-octogono\/wp-json\/wp\/v2\/comments?post=20863"}],"version-history":[{"count":0,"href":"https:\/\/blogs.gazetaesportiva.com\/planeta-octogono\/wp-json\/wp\/v2\/posts\/20863\/revisions"}],"wp:featuredmedia":[{"embeddable":true,"href":"https:\/\/blogs.gazetaesportiva.com\/planeta-octogono\/wp-json\/wp\/v2\/media\/20865"}],"wp:attachment":[{"href":"https:\/\/blogs.gazetaesportiva.com\/planeta-octogono\/wp-json\/wp\/v2\/media?parent=20863"}],"wp:term":[{"taxonomy":"category","embeddable":true,"href":"https:\/\/blogs.gazetaesportiva.com\/planeta-octogono\/wp-json\/wp\/v2\/categories?post=20863"},{"taxonomy":"post_tag","embeddable":true,"href":"https:\/\/blogs.gazetaesportiva.com\/planeta-octogono\/wp-json\/wp\/v2\/tags?post=20863"}],"curies":[{"name":"wp","href":"https:\/\/api.w.org\/{rel}","templated":true}]}}