{"id":20685,"date":"2016-01-01T07:11:17","date_gmt":"2016-01-01T09:11:17","guid":{"rendered":"https:\/\/blogs.gazetaesportiva.com\/planeta-octogono\/?p=20685"},"modified":"2016-01-01T07:11:17","modified_gmt":"2016-01-01T09:11:17","slug":"rizin-federation-anuncia-retorno-do-evento-para-abril-no-japao","status":"publish","type":"post","link":"https:\/\/blogs.gazetaesportiva.com\/planeta-octogono\/2016\/01\/01\/rizin-federation-anuncia-retorno-do-evento-para-abril-no-japao\/","title":{"rendered":"Rizin Federation anuncia retorno do evento para abril no Jap\u00e3o"},"content":{"rendered":"<figure id=\"attachment_20679\" aria-describedby=\"caption-attachment-20679\" style=\"width: 800px\" class=\"wp-caption aligncenter\"><a href=\"https:\/\/blogs.gazetaesportiva.com\/planeta-octogono\/files\/2015\/12\/unnamed.png\"><img loading=\"lazy\" decoding=\"async\" src=\"https:\/\/blogs.gazetaesportiva.com\/planeta-octogono\/files\/2015\/12\/unnamed.png\" alt=\"Rizin retorna em abril - Divulga\u00e7\u00e3o\" width=\"800\" height=\"600\" class=\"size-full wp-image-20679\" srcset=\"https:\/\/blogs.gazetaesportiva.com\/planeta-octogono\/files\/2015\/12\/unnamed.png 800w, https:\/\/blogs.gazetaesportiva.com\/planeta-octogono\/files\/2015\/12\/unnamed-300x225.png 300w, https:\/\/blogs.gazetaesportiva.com\/planeta-octogono\/files\/2015\/12\/unnamed-160x120.png 160w\" sizes=\"auto, (max-width: 800px) 100vw, 800px\" \/><\/a><figcaption id=\"caption-attachment-20679\" class=\"wp-caption-text\">Rizin retorna em abril &#8211; Divulga\u00e7\u00e3o<\/figcaption><\/figure>\n<p>Ap\u00f3s o sucesso das duas primeiras edi\u00e7\u00f5es do Rizin Fighting Federation, o evento japon\u00eas anunciou seu pr\u00f3xima edi\u00e7\u00e3o.<\/p>\n<p>A cidade de Nagoya vai receber no dia 17 de abril, a terceira edi\u00e7\u00e3o do Rizin.<\/p>\n<p>O evento que realizou dois eventos nos dias 29 e 31 de dezembro, contou com 6 brasileiros: Gabi Garcia, Kron Gracie, Bruno Cappelozza, Carlos Toyota, Felipe Efrain e Mayke Linhares participaram na edi\u00e7\u00e3o.<\/p>\n<p>Nenhuma luta foi anunciada pela organiza\u00e7\u00e3o mas combates devem ser anunciados em breve.<\/p>\n<p><em><strong>Papais, um bombeiro e os amigos de Arlovski &#8211;\u00a0<\/strong><\/em>O UFC j\u00e1 come\u00e7ou a promover a sua primeira edi\u00e7\u00e3o de 2016, o UFC 195.<\/p>\n<p>Mostrando os bastidores dos lutadores de combates principais, os v\u00eddeos mostraram o lado familiar do campe\u00e3o meio m\u00e9dio, o americano Robbie Lawler.<\/p>\n<p>Al\u00e9m de Robbie, o desafiante Carlos Condit tamb\u00e9m mostrou seu lado pai no v\u00eddeo que tamb\u00e9m mostrou um dos trabalhos de Sitpe Miocic.<\/p>\n<p>Bombeiro al\u00e9m de lutador do UFC, Miocic arrancou risadas dos amigos em brincadeiras em sua corpora\u00e7\u00e3o.<\/p>\n<p>Outro que participou do v\u00eddeo \u00e9 o oponente de Stipe, Andrei Arlovski.<\/p>\n<p>O bielorusso \u00e9 considerado um dos atletas mais populares de sua academia, a Jackson Winkeljohn.<\/p>\n<p><iframe loading=\"lazy\" title=\"Embedded: UFC 195 - Epis\u00f3dio 1\" width=\"640\" height=\"360\" src=\"https:\/\/www.youtube.com\/embed\/DDkynPTyJeM?feature=oembed\" frameborder=\"0\" allow=\"accelerometer; autoplay; clipboard-write; encrypted-media; gyroscope; picture-in-picture; web-share\" referrerpolicy=\"strict-origin-when-cross-origin\" allowfullscreen><\/iframe><\/p>\n<p><iframe loading=\"lazy\" title=\"Embedded: UFC 195 - Epis\u00f3dio 2\" width=\"640\" height=\"360\" src=\"https:\/\/www.youtube.com\/embed\/-hKKPEUdOG4?feature=oembed\" frameborder=\"0\" allow=\"accelerometer; autoplay; clipboard-write; encrypted-media; gyroscope; picture-in-picture; web-share\" referrerpolicy=\"strict-origin-when-cross-origin\" allowfullscreen><\/iframe><\/p>\n<p>Lutadores participam de treino aberto do UFC &#8211; O UFC realizou nesta \u00faltima quarta feira, os treinos abertos para a edi\u00e7\u00e3o 195.<\/p>\n<p>Com as estrelas do evento deste pr\u00f3ximo s\u00e1bado, os atletas tamb\u00e9m participaram do dia de imprensa, aonde fizeram as famosas encaradas para o evento.<\/p>\n<p>Na luta principal, os americanos Carlos Condit e Robbie Lawler se enfrentam para definir o campe\u00e3o do peso meio m\u00e9dio da organiza\u00e7\u00e3o.<\/p>\n<p><iframe loading=\"lazy\" title=\"UFC 195: Open Workout Highlights\" width=\"640\" height=\"360\" src=\"https:\/\/www.youtube.com\/embed\/CkI2mA6UfUA?feature=oembed\" frameborder=\"0\" allow=\"accelerometer; autoplay; clipboard-write; encrypted-media; gyroscope; picture-in-picture; web-share\" referrerpolicy=\"strict-origin-when-cross-origin\" allowfullscreen><\/iframe><\/p>\n<p><iframe loading=\"lazy\" title=\"UFC 195: Media Day Face-offs\" width=\"640\" height=\"360\" src=\"https:\/\/www.youtube.com\/embed\/tyx3DQdIn_s?feature=oembed\" frameborder=\"0\" allow=\"accelerometer; autoplay; clipboard-write; encrypted-media; gyroscope; picture-in-picture; web-share\" referrerpolicy=\"strict-origin-when-cross-origin\" allowfullscreen><\/iframe><\/p>\n","protected":false},"excerpt":{"rendered":"<p>Ap\u00f3s o sucesso das duas primeiras edi\u00e7\u00f5es do Rizin Fighting Federation, o evento japon\u00eas anunciou seu pr\u00f3xima edi\u00e7\u00e3o. A cidade de Nagoya vai receber no <a class=\"read-more\" href=\"https:\/\/blogs.gazetaesportiva.com\/planeta-octogono\/2016\/01\/01\/rizin-federation-anuncia-retorno-do-evento-para-abril-no-japao\/\">leia mais<\/a><\/p>\n","protected":false},"author":33,"featured_media":0,"comment_status":"open","ping_status":"open","sticky":false,"template":"","format":"standard","meta":{"jetpack_post_was_ever_published":false,"_jetpack_newsletter_access":"","_jetpack_dont_email_post_to_subs":false,"_jetpack_newsletter_tier_id":0,"_jetpack_memberships_contains_paywalled_content":false,"_jetpack_memberships_contains_paid_content":false,"footnotes":"","jetpack_publicize_message":"","jetpack_publicize_feature_enabled":true,"jetpack_social_post_already_shared":false,"jetpack_social_options":{"image_generator_settings":{"template":"highway","default_image_id":0,"font":"","enabled":false},"version":2}},"categories":[1],"tags":[916,391,1109,690,754,1039],"class_list":["post-20685","post","type-post","status-publish","format-standard","hentry","category-principal","tag-andrei-arlovski","tag-carlos-condit","tag-rizin-fighting-federation","tag-robbie-lawler","tag-stipe-miocic","tag-ufc-195"],"jetpack_publicize_connections":[],"jetpack_featured_media_url":"","jetpack_sharing_enabled":true,"jetpack_shortlink":"https:\/\/wp.me\/p6rqUQ-5nD","_links":{"self":[{"href":"https:\/\/blogs.gazetaesportiva.com\/planeta-octogono\/wp-json\/wp\/v2\/posts\/20685","targetHints":{"allow":["GET"]}}],"collection":[{"href":"https:\/\/blogs.gazetaesportiva.com\/planeta-octogono\/wp-json\/wp\/v2\/posts"}],"about":[{"href":"https:\/\/blogs.gazetaesportiva.com\/planeta-octogono\/wp-json\/wp\/v2\/types\/post"}],"author":[{"embeddable":true,"href":"https:\/\/blogs.gazetaesportiva.com\/planeta-octogono\/wp-json\/wp\/v2\/users\/33"}],"replies":[{"embeddable":true,"href":"https:\/\/blogs.gazetaesportiva.com\/planeta-octogono\/wp-json\/wp\/v2\/comments?post=20685"}],"version-history":[{"count":0,"href":"https:\/\/blogs.gazetaesportiva.com\/planeta-octogono\/wp-json\/wp\/v2\/posts\/20685\/revisions"}],"wp:attachment":[{"href":"https:\/\/blogs.gazetaesportiva.com\/planeta-octogono\/wp-json\/wp\/v2\/media?parent=20685"}],"wp:term":[{"taxonomy":"category","embeddable":true,"href":"https:\/\/blogs.gazetaesportiva.com\/planeta-octogono\/wp-json\/wp\/v2\/categories?post=20685"},{"taxonomy":"post_tag","embeddable":true,"href":"https:\/\/blogs.gazetaesportiva.com\/planeta-octogono\/wp-json\/wp\/v2\/tags?post=20685"}],"curies":[{"name":"wp","href":"https:\/\/api.w.org\/{rel}","templated":true}]}}