{"id":20651,"date":"2015-12-31T04:33:06","date_gmt":"2015-12-31T06:33:06","guid":{"rendered":"https:\/\/blogs.gazetaesportiva.com\/planeta-octogono\/?p=20651"},"modified":"2015-12-31T23:17:37","modified_gmt":"2016-01-01T01:17:37","slug":"rizin","status":"publish","type":"post","link":"https:\/\/blogs.gazetaesportiva.com\/planeta-octogono\/2015\/12\/31\/rizin\/","title":{"rendered":"Gabi Garcia nocauteia, Kron finaliza e Fedor atropela oponente no Rizin"},"content":{"rendered":"<figure id=\"attachment_20677\" aria-describedby=\"caption-attachment-20677\" style=\"width: 800px\" class=\"wp-caption aligncenter\"><a href=\"https:\/\/blogs.gazetaesportiva.com\/planeta-octogono\/files\/2015\/12\/IMG_7846.jpg\"><img loading=\"lazy\" decoding=\"async\" class=\"size-full wp-image-20677\" src=\"https:\/\/blogs.gazetaesportiva.com\/planeta-octogono\/files\/2015\/12\/IMG_7846.jpg\" alt=\"Fedor volta com vit\u00f3ria - Bruno Massami\" width=\"800\" height=\"533\" srcset=\"https:\/\/blogs.gazetaesportiva.com\/planeta-octogono\/files\/2015\/12\/IMG_7846.jpg 800w, https:\/\/blogs.gazetaesportiva.com\/planeta-octogono\/files\/2015\/12\/IMG_7846-300x200.jpg 300w, https:\/\/blogs.gazetaesportiva.com\/planeta-octogono\/files\/2015\/12\/IMG_7846-120x80.jpg 120w\" sizes=\"auto, (max-width: 800px) 100vw, 800px\" \/><\/a><figcaption id=\"caption-attachment-20677\" class=\"wp-caption-text\"><strong><em>Fedor volta com vit\u00f3ria &#8211; Bruno Massami<\/em><\/strong><\/figcaption><\/figure>\n<p>O novo evento japon\u00eas Rizin Fighting Federation realizou sua segunda edi\u00e7\u00e3o nesta quinta feira, em Saitama no Jap\u00e3o.<\/p>\n<p>Contando com o retorno de Fedor Emelianenko, o russo enfrentou o indiano Jaideep Singh.<\/p>\n<p>Buscando encurtar a luta desde o in\u00edcio, Fedor acetrou alguns socosa antes de colocar a luta no solo.<\/p>\n<p>Sem dar espa\u00e7os ao oponente, o russo foi aos poucos minando a resist\u00eancia do indiano que desistiu ainda no primeiro round.<\/p>\n<figure id=\"attachment_20681\" aria-describedby=\"caption-attachment-20681\" style=\"width: 533px\" class=\"wp-caption aligncenter\"><a href=\"https:\/\/blogs.gazetaesportiva.com\/planeta-octogono\/files\/2015\/12\/IMG_7784-e1451610886776.jpg\"><img loading=\"lazy\" decoding=\"async\" class=\"wp-image-20681 size-full\" src=\"https:\/\/blogs.gazetaesportiva.com\/planeta-octogono\/files\/2015\/12\/IMG_7784-e1451610886776.jpg\" alt=\"\" width=\"533\" height=\"800\" srcset=\"https:\/\/blogs.gazetaesportiva.com\/planeta-octogono\/files\/2015\/12\/IMG_7784-e1451610886776.jpg 533w, https:\/\/blogs.gazetaesportiva.com\/planeta-octogono\/files\/2015\/12\/IMG_7784-e1451610886776-200x300.jpg 200w\" sizes=\"auto, (max-width: 533px) 100vw, 533px\" \/><\/a><figcaption id=\"caption-attachment-20681\" class=\"wp-caption-text\"><em><strong>Gabi vence sua primeira luta no MMA &#8211; Bruno Massami<\/strong><\/em><\/figcaption><\/figure>\n<p>Quem fez sua estr\u00e9ia no MMA, foi a brasileira Gabi Garcia.<\/p>\n<p>A lutadora encarou a lutadora Lei D\u00b4Tapa.<\/p>\n<p>Partindo para cima da advers\u00e1ria, Gabi sentiu o poder de nocaute da oponente ap\u00f3s sofrer um Knockdown com um direto de direita.<\/p>\n<p>Depois de se recuperar do dano, a brasileira aos poucos procurava se encontrar na luta at\u00e9 acertar um soco rodado.<\/p>\n<p>Com a advers\u00e1ria sentida, Gabi aproveitou a oportunidade para acabar com o Combate ap\u00f3s uma sequ\u00eancia de socos.<\/p>\n<p>Filho de Rickson Gracie, Kron enfrentou o japon\u00eas Asen Yamamoto.<\/p>\n<figure id=\"attachment_20671\" aria-describedby=\"caption-attachment-20671\" style=\"width: 800px\" class=\"wp-caption aligncenter\"><a href=\"https:\/\/blogs.gazetaesportiva.com\/planeta-octogono\/files\/2015\/12\/IMG_7832.jpg\"><img loading=\"lazy\" decoding=\"async\" class=\"size-full wp-image-20671\" src=\"https:\/\/blogs.gazetaesportiva.com\/planeta-octogono\/files\/2015\/12\/IMG_7832.jpg\" alt=\"Kron vence a segunda no MMA - Bruno Massami\" width=\"800\" height=\"533\" srcset=\"https:\/\/blogs.gazetaesportiva.com\/planeta-octogono\/files\/2015\/12\/IMG_7832.jpg 800w, https:\/\/blogs.gazetaesportiva.com\/planeta-octogono\/files\/2015\/12\/IMG_7832-300x200.jpg 300w, https:\/\/blogs.gazetaesportiva.com\/planeta-octogono\/files\/2015\/12\/IMG_7832-120x80.jpg 120w\" sizes=\"auto, (max-width: 800px) 100vw, 800px\" \/><\/a><figcaption id=\"caption-attachment-20671\" class=\"wp-caption-text\"><em><strong>Kron vence a segunda no MMA &#8211; Bruno Massami<\/strong><\/em><\/figcaption><\/figure>\n<p>Ap\u00f3s um troca de golpes duras de ambos os lutadores, Kron colocou a luta no solo duas vezes e insistiu em tentativas de finaliza\u00e7\u00e3o at\u00e9 conseguir fazer o advers\u00e1rio desistir ap\u00f3s um tri\u00e2ngulo.<\/p>\n<p>O lutador de Palmas, Mike Linhares acbou estreando com um mau resultado no Rizin.<\/p>\n<p>Enfrentando o sul coreano Soo Chul Kim, o brasileiro teve seu jogo neutralizado pelo oponente.<\/p>\n<p>Buscando o clinch a todo o tempo, Kim acabou sendo advertido duas vezes.<\/p>\n<p>Dominando o brasileiro no solo, Kim acabou vencendo na decis\u00e3o dos ju\u00edzes.<\/p>\n<p>Quem tamb\u00e9m chamou a aten\u00e7\u00e3o foi o americano King Mo, que venceu tr\u00eas adversa\u0155ios em dois dias e venceu o GP com um nocaute sobre Jiri Prochazka no primeiro round.<\/p>\n<figure id=\"attachment_20679\" aria-describedby=\"caption-attachment-20679\" style=\"width: 800px\" class=\"wp-caption aligncenter\"><a href=\"https:\/\/blogs.gazetaesportiva.com\/planeta-octogono\/files\/2015\/12\/unnamed.png\"><img loading=\"lazy\" decoding=\"async\" class=\"size-full wp-image-20679\" src=\"https:\/\/blogs.gazetaesportiva.com\/planeta-octogono\/files\/2015\/12\/unnamed.png\" alt=\"King Mo conquista GP ap\u00f3s vencer tr\u00eas lutas - Divulga\u00e7\u00e3o\" width=\"800\" height=\"600\" srcset=\"https:\/\/blogs.gazetaesportiva.com\/planeta-octogono\/files\/2015\/12\/unnamed.png 800w, https:\/\/blogs.gazetaesportiva.com\/planeta-octogono\/files\/2015\/12\/unnamed-300x225.png 300w, https:\/\/blogs.gazetaesportiva.com\/planeta-octogono\/files\/2015\/12\/unnamed-160x120.png 160w\" sizes=\"auto, (max-width: 800px) 100vw, 800px\" \/><\/a><figcaption id=\"caption-attachment-20679\" class=\"wp-caption-text\"><em><strong>King Mo conquista GP ap\u00f3s vencer tr\u00eas lutas &#8211; Divulga\u00e7\u00e3o<\/strong><\/em><\/figcaption><\/figure>\n<p style=\"text-align: center\"><strong><em>Veja os resultados do evento:<\/em><\/strong><\/p>\n<p style=\"text-align: center\"><strong><em>Rizin FF 2 &#8211; Emelianenko vs Singh<\/em><\/strong><\/p>\n<p style=\"text-align: center\"><strong><em>Saitama Super Arena, Jap\u00e3o<\/em><\/strong><\/p>\n<p style=\"text-align: center\"><strong><em>31 de dezembro de 2015<\/em><\/strong><\/p>\n<p style=\"text-align: center\"><strong><em>Fedor Emelianenko venceu Jaideep Singh por TKO no R1<\/em><\/strong><\/p>\n<p style=\"text-align: center\"><strong><em>King Mo venceu Jiri Prochazka por KO no R1<\/em><\/strong><\/p>\n<p style=\"text-align: center\"><strong><em>Kron Gracie finalizou Asen Yamamoto por tri\u00e2ngulo no R1<\/em><\/strong><\/p>\n<p style=\"text-align: center\"><strong><em>Andy Souwer venceu Yuichiro Nagashima por TKO no R1<\/em><\/strong><\/p>\n<p style=\"text-align: center\"><strong><em>Baruto venceu Peter Aerts por decis\u00e3o un\u00e2nime<\/em><\/strong><\/p>\n<p style=\"text-align: center\"><strong><em>Bob Sapp venceu Akebono por decis\u00e3o un\u00e2nime<\/em><\/strong><\/p>\n<p style=\"text-align: center\"><strong><em>Takeru venceu Yang Ming por KO no R2.<\/em><\/strong><\/p>\n<p style=\"text-align: center\"><strong><em>Soo Chul Kim venceu Mike Linhares por decis\u00e3o un\u00e2nime<\/em><\/strong><\/p>\n<p style=\"text-align: center\"><strong><em>Brendan Ward venceu Ken Hasegawa por finaliza\u00e7\u00e3o (mata le\u00e3o) no R2<\/em><\/strong><\/p>\n<p style=\"text-align: center\"><strong><em>Jiri Prochazka venceu Vadim Nenkov por TKO no R2.<\/em><\/strong><\/p>\n<p style=\"text-align: center\"><strong><em>King Mo venceu Teodoras Aukstoulis por decis\u00e3o un\u00e2nime<\/em><\/strong><\/p>\n<p style=\"text-align: center\"><strong><em>Rena venceu Jleana Valentino por finaliza\u00e7\u00e3o no R2<\/em><\/strong><\/p>\n","protected":false},"excerpt":{"rendered":"<p>O novo evento japon\u00eas Rizin Fighting Federation realizou sua segunda edi\u00e7\u00e3o nesta quinta feira, em Saitama no Jap\u00e3o. Contando com o retorno de Fedor Emelianenko, <a class=\"read-more\" href=\"https:\/\/blogs.gazetaesportiva.com\/planeta-octogono\/2015\/12\/31\/rizin\/\">leia mais<\/a><\/p>\n","protected":false},"author":33,"featured_media":20681,"comment_status":"open","ping_status":"open","sticky":false,"template":"","format":"standard","meta":{"jetpack_post_was_ever_published":false,"_jetpack_newsletter_access":"","_jetpack_dont_email_post_to_subs":false,"_jetpack_newsletter_tier_id":0,"_jetpack_memberships_contains_paywalled_content":false,"_jetpack_memberships_contains_paid_content":false,"footnotes":"","jetpack_publicize_message":"","jetpack_publicize_feature_enabled":true,"jetpack_social_post_already_shared":false,"jetpack_social_options":{"image_generator_settings":{"template":"highway","default_image_id":0,"font":"","enabled":false},"version":2}},"categories":[1],"tags":[156,711,1301,647,1295,1109],"class_list":["post-20651","post","type-post","status-publish","format-standard","has-post-thumbnail","hentry","category-principal","tag-fedor-emelianenko","tag-gabi-garcia","tag-king-mo","tag-kron-gracie","tag-maike-linhares","tag-rizin-fighting-federation"],"jetpack_publicize_connections":[],"jetpack_featured_media_url":"https:\/\/blogs.gazetaesportiva.com\/planeta-octogono\/files\/2015\/12\/IMG_7784-e1451610886776.jpg","jetpack_sharing_enabled":true,"jetpack_shortlink":"https:\/\/wp.me\/s6rqUQ-rizin","_links":{"self":[{"href":"https:\/\/blogs.gazetaesportiva.com\/planeta-octogono\/wp-json\/wp\/v2\/posts\/20651","targetHints":{"allow":["GET"]}}],"collection":[{"href":"https:\/\/blogs.gazetaesportiva.com\/planeta-octogono\/wp-json\/wp\/v2\/posts"}],"about":[{"href":"https:\/\/blogs.gazetaesportiva.com\/planeta-octogono\/wp-json\/wp\/v2\/types\/post"}],"author":[{"embeddable":true,"href":"https:\/\/blogs.gazetaesportiva.com\/planeta-octogono\/wp-json\/wp\/v2\/users\/33"}],"replies":[{"embeddable":true,"href":"https:\/\/blogs.gazetaesportiva.com\/planeta-octogono\/wp-json\/wp\/v2\/comments?post=20651"}],"version-history":[{"count":0,"href":"https:\/\/blogs.gazetaesportiva.com\/planeta-octogono\/wp-json\/wp\/v2\/posts\/20651\/revisions"}],"wp:featuredmedia":[{"embeddable":true,"href":"https:\/\/blogs.gazetaesportiva.com\/planeta-octogono\/wp-json\/wp\/v2\/media\/20681"}],"wp:attachment":[{"href":"https:\/\/blogs.gazetaesportiva.com\/planeta-octogono\/wp-json\/wp\/v2\/media?parent=20651"}],"wp:term":[{"taxonomy":"category","embeddable":true,"href":"https:\/\/blogs.gazetaesportiva.com\/planeta-octogono\/wp-json\/wp\/v2\/categories?post=20651"},{"taxonomy":"post_tag","embeddable":true,"href":"https:\/\/blogs.gazetaesportiva.com\/planeta-octogono\/wp-json\/wp\/v2\/tags?post=20651"}],"curies":[{"name":"wp","href":"https:\/\/api.w.org\/{rel}","templated":true}]}}