{"id":20621,"date":"2015-12-30T16:12:12","date_gmt":"2015-12-30T18:12:12","guid":{"rendered":"https:\/\/blogs.gazetaesportiva.com\/planeta-octogono\/?p=20621"},"modified":"2015-12-30T16:31:37","modified_gmt":"2015-12-30T18:31:37","slug":"gabi-garcia-fala-sobre-carreira-no-mma-e-superacao-no-esporte","status":"publish","type":"post","link":"https:\/\/blogs.gazetaesportiva.com\/planeta-octogono\/2015\/12\/30\/gabi-garcia-fala-sobre-carreira-no-mma-e-superacao-no-esporte\/","title":{"rendered":"Gabi Garcia fala sobre luta no Rizin e supera\u00e7\u00e3o no esporte"},"content":{"rendered":"<figure id=\"attachment_20647\" aria-describedby=\"caption-attachment-20647\" style=\"width: 800px\" class=\"wp-caption aligncenter\"><a href=\"https:\/\/blogs.gazetaesportiva.com\/planeta-octogono\/files\/2015\/12\/1522690_972490756152605_1014830852090037025_o.jpg\"><img loading=\"lazy\" decoding=\"async\" class=\"size-full wp-image-20647\" src=\"https:\/\/blogs.gazetaesportiva.com\/planeta-octogono\/files\/2015\/12\/1522690_972490756152605_1014830852090037025_o.jpg\" alt=\"Gabi Garcia conversa com o blog sobre luta no Rizin - Bruno Massami\" width=\"800\" height=\"533\" srcset=\"https:\/\/blogs.gazetaesportiva.com\/planeta-octogono\/files\/2015\/12\/1522690_972490756152605_1014830852090037025_o.jpg 800w, https:\/\/blogs.gazetaesportiva.com\/planeta-octogono\/files\/2015\/12\/1522690_972490756152605_1014830852090037025_o-300x200.jpg 300w, https:\/\/blogs.gazetaesportiva.com\/planeta-octogono\/files\/2015\/12\/1522690_972490756152605_1014830852090037025_o-120x80.jpg 120w\" sizes=\"auto, (max-width: 800px) 100vw, 800px\" \/><\/a><figcaption id=\"caption-attachment-20647\" class=\"wp-caption-text\"><em><strong>Gabi Garcia conversa com o blog sobre luta no Rizin &#8211; Bruno Massami<\/strong><\/em><\/figcaption><\/figure>\n<p>O blog conversou com a lutadora Gabi Garcia, que faz sua estr\u00e9ia no MMA, nesta quinta feira no Rizin Fighting Federation.<\/p>\n<p>A lutadora que apesar de ser uma estreante, \u00e9 multi campe\u00e3 de Jiu Jitsu, contou sobre sua vida pessoal al\u00e9m dos planos para seu novo desafio no MMA.<\/p>\n<p>Gabi tamb\u00e9m possui o desejo de se tornar a melhor atleta do planeta.<\/p>\n<p>Enfrentando a americana Lei D\u00b4Tapa, a lutadora brasileira mira come\u00e7ar sua carreira com uma grande performance.<\/p>\n<figure id=\"attachment_20639\" aria-describedby=\"caption-attachment-20639\" style=\"width: 800px\" class=\"wp-caption aligncenter\"><a href=\"https:\/\/blogs.gazetaesportiva.com\/planeta-octogono\/files\/2015\/12\/IMG_7414.jpg\"><img loading=\"lazy\" decoding=\"async\" class=\"size-full wp-image-20639\" src=\"https:\/\/blogs.gazetaesportiva.com\/planeta-octogono\/files\/2015\/12\/IMG_7414.jpg\" alt=\"Gabi Garcia (direita) protagoniza encarada tensa com advers\u00e1ria - Bruno Massami\" width=\"800\" height=\"533\" srcset=\"https:\/\/blogs.gazetaesportiva.com\/planeta-octogono\/files\/2015\/12\/IMG_7414.jpg 800w, https:\/\/blogs.gazetaesportiva.com\/planeta-octogono\/files\/2015\/12\/IMG_7414-300x200.jpg 300w, https:\/\/blogs.gazetaesportiva.com\/planeta-octogono\/files\/2015\/12\/IMG_7414-120x80.jpg 120w\" sizes=\"auto, (max-width: 800px) 100vw, 800px\" \/><\/a><figcaption id=\"caption-attachment-20639\" class=\"wp-caption-text\"><em><strong>Gabi Garcia (direita) protagoniza encarada tensa com advers\u00e1ria &#8211; Bruno Massami<\/strong><\/em><\/figcaption><\/figure>\n<p><iframe loading=\"lazy\" title=\"Rizin FF Media Day com Gabi Garcia - Part 1 - Gazeta Esportiva\" width=\"640\" height=\"360\" src=\"https:\/\/www.youtube.com\/embed\/DHcJc0JrT8U?feature=oembed\" frameborder=\"0\" allow=\"accelerometer; autoplay; clipboard-write; encrypted-media; gyroscope; picture-in-picture; web-share\" referrerpolicy=\"strict-origin-when-cross-origin\" allowfullscreen><\/iframe><\/p>\n<p><iframe loading=\"lazy\" title=\"Rizin FF Media Day com Gabi Garcia - Part 2 - Gazeta Esportiva\" width=\"640\" height=\"360\" src=\"https:\/\/www.youtube.com\/embed\/7wLPHfRrd9o?feature=oembed\" frameborder=\"0\" allow=\"accelerometer; autoplay; clipboard-write; encrypted-media; gyroscope; picture-in-picture; web-share\" referrerpolicy=\"strict-origin-when-cross-origin\" allowfullscreen><\/iframe><\/p>\n<p><iframe loading=\"lazy\" title=\"Rizin FF Media Day com Gabi Garcia - Part 3 - Gazeta Esportiva\" width=\"640\" height=\"360\" src=\"https:\/\/www.youtube.com\/embed\/3Hk8zEQgzUE?feature=oembed\" frameborder=\"0\" allow=\"accelerometer; autoplay; clipboard-write; encrypted-media; gyroscope; picture-in-picture; web-share\" referrerpolicy=\"strict-origin-when-cross-origin\" allowfullscreen><\/iframe><\/p>\n","protected":false},"excerpt":{"rendered":"<p>O blog conversou com a lutadora Gabi Garcia, que faz sua estr\u00e9ia no MMA, nesta quinta feira no Rizin Fighting Federation. A lutadora que apesar <a class=\"read-more\" href=\"https:\/\/blogs.gazetaesportiva.com\/planeta-octogono\/2015\/12\/30\/gabi-garcia-fala-sobre-carreira-no-mma-e-superacao-no-esporte\/\">leia mais<\/a><\/p>\n","protected":false},"author":33,"featured_media":20647,"comment_status":"open","ping_status":"open","sticky":false,"template":"","format":"standard","meta":{"jetpack_post_was_ever_published":false,"_jetpack_newsletter_access":"","_jetpack_dont_email_post_to_subs":false,"_jetpack_newsletter_tier_id":0,"_jetpack_memberships_contains_paywalled_content":false,"_jetpack_memberships_contains_paid_content":false,"footnotes":"","jetpack_publicize_message":"","jetpack_publicize_feature_enabled":true,"jetpack_social_post_already_shared":false,"jetpack_social_options":{"image_generator_settings":{"template":"highway","default_image_id":0,"font":"","enabled":false},"version":2}},"categories":[1],"tags":[711,1109],"class_list":["post-20621","post","type-post","status-publish","format-standard","has-post-thumbnail","hentry","category-principal","tag-gabi-garcia","tag-rizin-fighting-federation"],"jetpack_publicize_connections":[],"jetpack_featured_media_url":"https:\/\/blogs.gazetaesportiva.com\/planeta-octogono\/files\/2015\/12\/1522690_972490756152605_1014830852090037025_o.jpg","jetpack_sharing_enabled":true,"jetpack_shortlink":"https:\/\/wp.me\/p6rqUQ-5mB","_links":{"self":[{"href":"https:\/\/blogs.gazetaesportiva.com\/planeta-octogono\/wp-json\/wp\/v2\/posts\/20621","targetHints":{"allow":["GET"]}}],"collection":[{"href":"https:\/\/blogs.gazetaesportiva.com\/planeta-octogono\/wp-json\/wp\/v2\/posts"}],"about":[{"href":"https:\/\/blogs.gazetaesportiva.com\/planeta-octogono\/wp-json\/wp\/v2\/types\/post"}],"author":[{"embeddable":true,"href":"https:\/\/blogs.gazetaesportiva.com\/planeta-octogono\/wp-json\/wp\/v2\/users\/33"}],"replies":[{"embeddable":true,"href":"https:\/\/blogs.gazetaesportiva.com\/planeta-octogono\/wp-json\/wp\/v2\/comments?post=20621"}],"version-history":[{"count":0,"href":"https:\/\/blogs.gazetaesportiva.com\/planeta-octogono\/wp-json\/wp\/v2\/posts\/20621\/revisions"}],"wp:featuredmedia":[{"embeddable":true,"href":"https:\/\/blogs.gazetaesportiva.com\/planeta-octogono\/wp-json\/wp\/v2\/media\/20647"}],"wp:attachment":[{"href":"https:\/\/blogs.gazetaesportiva.com\/planeta-octogono\/wp-json\/wp\/v2\/media?parent=20621"}],"wp:term":[{"taxonomy":"category","embeddable":true,"href":"https:\/\/blogs.gazetaesportiva.com\/planeta-octogono\/wp-json\/wp\/v2\/categories?post=20621"},{"taxonomy":"post_tag","embeddable":true,"href":"https:\/\/blogs.gazetaesportiva.com\/planeta-octogono\/wp-json\/wp\/v2\/tags?post=20621"}],"curies":[{"name":"wp","href":"https:\/\/api.w.org\/{rel}","templated":true}]}}