{"id":20617,"date":"2015-12-30T09:43:02","date_gmt":"2015-12-30T11:43:02","guid":{"rendered":"https:\/\/blogs.gazetaesportiva.com\/planeta-octogono\/?p=20617"},"modified":"2015-12-30T16:24:29","modified_gmt":"2015-12-30T18:24:29","slug":"com-fedor-gabi-e-kron-lutadores-superam-balanca-em-pesagem-do-rizin","status":"publish","type":"post","link":"https:\/\/blogs.gazetaesportiva.com\/planeta-octogono\/2015\/12\/30\/com-fedor-gabi-e-kron-lutadores-superam-balanca-em-pesagem-do-rizin\/","title":{"rendered":"Com Fedor, Gabi e Kron, lutadores superam balan\u00e7a em pesagem do Rizin"},"content":{"rendered":"<figure id=\"attachment_20635\" aria-describedby=\"caption-attachment-20635\" style=\"width: 800px\" class=\"wp-caption aligncenter\"><a href=\"https:\/\/blogs.gazetaesportiva.com\/planeta-octogono\/files\/2015\/12\/IMG_7591.jpg\"><img loading=\"lazy\" decoding=\"async\" class=\"size-full wp-image-20635\" src=\"https:\/\/blogs.gazetaesportiva.com\/planeta-octogono\/files\/2015\/12\/IMG_7591.jpg\" alt=\"Lenda russa, Fedor Emelianenko (direita) luta nesta quinta feira pelo Rizin - Bruno Massami\" width=\"800\" height=\"533\" srcset=\"https:\/\/blogs.gazetaesportiva.com\/planeta-octogono\/files\/2015\/12\/IMG_7591.jpg 800w, https:\/\/blogs.gazetaesportiva.com\/planeta-octogono\/files\/2015\/12\/IMG_7591-300x200.jpg 300w, https:\/\/blogs.gazetaesportiva.com\/planeta-octogono\/files\/2015\/12\/IMG_7591-120x80.jpg 120w\" sizes=\"auto, (max-width: 800px) 100vw, 800px\" \/><\/a><figcaption id=\"caption-attachment-20635\" class=\"wp-caption-text\"><em><strong>Lenda russa, Fedor Emelianenko (direita) luta nesta quinta feira pelo Rizin &#8211; Bruno Massami<\/strong><\/em><\/figcaption><\/figure>\n<p>O Rizin Fighting Federation realizou na tarde desta quarta feira no Jap\u00e3o, a pesagem oficial de sua segunda edi\u00e7\u00e3o.<\/p>\n<p>Contando com o retorno da lenda russa Fedor Emelianenko, o lutador encara o desconhecido do p\u00fablico Jaideep Singh.<\/p>\n<p>Ap\u00f3s uma aposentadoria que durou apenas 3 anos, Fedor aceitou o desafio de voltar a lutar, mesmo sendo considerado um dos maiores nomes do esporte em toda sua hist\u00f3ria.<\/p>\n<p>O indiano Jaideep Singh, est\u00e1 sendo treinado por dois nomes conhecidos do p\u00fablico brasileiro: Rudimar Fedrigo e o holand\u00ea Peter Aerts.<\/p>\n<p><iframe loading=\"lazy\" title=\"Fedor vs X VTR\" width=\"640\" height=\"360\" src=\"https:\/\/www.youtube.com\/embed\/HS0sslY3SZ8?feature=oembed\" frameborder=\"0\" allow=\"accelerometer; autoplay; clipboard-write; encrypted-media; gyroscope; picture-in-picture; web-share\" referrerpolicy=\"strict-origin-when-cross-origin\" allowfullscreen><\/iframe><\/p>\n<p>Outro destaque \u00e9 a brasileira Gabi Garcia.<\/p>\n<p>Multi campe\u00e3 de Jiu Jitsu, a lutadora est\u00e1 enfrentando dois novos desafios: uma carreira no MMA e uma dr\u00e1stica redu\u00e7\u00e3o de peso.<\/p>\n<p>Ap\u00f3s perder cerca de 60 kg, a brasileira quer se tornar o melhor lutadora do mundo na modalidade.<\/p>\n<p>Enfrentando a desconhecida Lei D\u00b4Tapa, Gabi quer provar que n\u00e3o \u00e9 apenas uma atleta unidimensional.<\/p>\n<figure id=\"attachment_20639\" aria-describedby=\"caption-attachment-20639\" style=\"width: 800px\" class=\"wp-caption aligncenter\"><a href=\"https:\/\/blogs.gazetaesportiva.com\/planeta-octogono\/files\/2015\/12\/IMG_7414.jpg\"><img loading=\"lazy\" decoding=\"async\" class=\"size-full wp-image-20639\" src=\"https:\/\/blogs.gazetaesportiva.com\/planeta-octogono\/files\/2015\/12\/IMG_7414.jpg\" alt=\"Gabi Garcia (direita) protagoniza encarada tensa com advers\u00e1ria - Bruno Massami\" width=\"800\" height=\"533\" srcset=\"https:\/\/blogs.gazetaesportiva.com\/planeta-octogono\/files\/2015\/12\/IMG_7414.jpg 800w, https:\/\/blogs.gazetaesportiva.com\/planeta-octogono\/files\/2015\/12\/IMG_7414-300x200.jpg 300w, https:\/\/blogs.gazetaesportiva.com\/planeta-octogono\/files\/2015\/12\/IMG_7414-120x80.jpg 120w\" sizes=\"auto, (max-width: 800px) 100vw, 800px\" \/><\/a><figcaption id=\"caption-attachment-20639\" class=\"wp-caption-text\"><em><strong>Gabi Garcia (direita) protagoniza encarada tensa com advers\u00e1ria &#8211; Bruno Massami<\/strong><\/em><\/figcaption><\/figure>\n<figure id=\"attachment_20637\" aria-describedby=\"caption-attachment-20637\" style=\"width: 800px\" class=\"wp-caption aligncenter\"><a href=\"https:\/\/blogs.gazetaesportiva.com\/planeta-octogono\/files\/2015\/12\/IMG_7376.jpg\"><img loading=\"lazy\" decoding=\"async\" class=\"size-full wp-image-20637\" src=\"https:\/\/blogs.gazetaesportiva.com\/planeta-octogono\/files\/2015\/12\/IMG_7376.jpg\" alt=\"Linhares faz estr\u00e9ia no Rizin - Bruno Massami\" width=\"800\" height=\"533\" srcset=\"https:\/\/blogs.gazetaesportiva.com\/planeta-octogono\/files\/2015\/12\/IMG_7376.jpg 800w, https:\/\/blogs.gazetaesportiva.com\/planeta-octogono\/files\/2015\/12\/IMG_7376-300x200.jpg 300w, https:\/\/blogs.gazetaesportiva.com\/planeta-octogono\/files\/2015\/12\/IMG_7376-120x80.jpg 120w\" sizes=\"auto, (max-width: 800px) 100vw, 800px\" \/><\/a><figcaption id=\"caption-attachment-20637\" class=\"wp-caption-text\"><em><strong>Linhares faz estr\u00e9ia no Rizin &#8211; Bruno Massami<\/strong><\/em><\/figcaption><\/figure>\n<p>Al\u00e9m de Gabi, outros dois brasileiros lutam na edi\u00e7\u00e3o.<\/p>\n<p>Representando o evento brasileiro Jungle Fight, Maike Linhares encara o sul coreano Soo Chul Kim enquanto Kron Gracie retorna contra o japon\u00eas Asen Yamamoto.<\/p>\n<figure id=\"attachment_20641\" aria-describedby=\"caption-attachment-20641\" style=\"width: 800px\" class=\"wp-caption aligncenter\"><a href=\"https:\/\/blogs.gazetaesportiva.com\/planeta-octogono\/files\/2015\/12\/IMG_7437.jpg\"><img loading=\"lazy\" decoding=\"async\" class=\"size-full wp-image-20641\" src=\"https:\/\/blogs.gazetaesportiva.com\/planeta-octogono\/files\/2015\/12\/IMG_7437.jpg\" alt=\"Kron Gracie enfrenta sobrinho de Kid Yamamoto no Rizin - Bruno Massami\" width=\"800\" height=\"533\" srcset=\"https:\/\/blogs.gazetaesportiva.com\/planeta-octogono\/files\/2015\/12\/IMG_7437.jpg 800w, https:\/\/blogs.gazetaesportiva.com\/planeta-octogono\/files\/2015\/12\/IMG_7437-300x200.jpg 300w, https:\/\/blogs.gazetaesportiva.com\/planeta-octogono\/files\/2015\/12\/IMG_7437-120x80.jpg 120w\" sizes=\"auto, (max-width: 800px) 100vw, 800px\" \/><\/a><figcaption id=\"caption-attachment-20641\" class=\"wp-caption-text\"><em><strong>Kron Gracie enfrenta sobrinho de Kid Yamamoto no Rizin &#8211; Bruno Massami<\/strong><\/em><\/figcaption><\/figure>\n<p><iframe loading=\"lazy\" title=\"\u30af\u30ed\u30f3\u30fb\u30b0\u30ec\u30a4\u30b7\u30fc \u30b3\u30e1\u30f3\u30c8\" width=\"640\" height=\"360\" src=\"https:\/\/www.youtube.com\/embed\/_j3ebH6SyuA?feature=oembed\" frameborder=\"0\" allow=\"accelerometer; autoplay; clipboard-write; encrypted-media; gyroscope; picture-in-picture; web-share\" referrerpolicy=\"strict-origin-when-cross-origin\" allowfullscreen><\/iframe><\/p>\n<p style=\"text-align: center\"><strong><em>Veja o card do evento:<\/em><\/strong><\/p>\n<p style=\"text-align: center\"><strong><em>Rizin FF 2 &#8211; IZA &#8211; Emelianenko vs Singh<\/em><\/strong><\/p>\n<p style=\"text-align: center\"><strong><em>Fedor Emelianenko vs. Jaideep Singh;<\/em><\/strong><\/p>\n<p style=\"text-align: center\"><strong><em>Kron Gracie vs. Asen Yamamoto;<\/em><\/strong><\/p>\n<p style=\"text-align: center\"><strong><em>Peter Aerts vs. Baruto;<\/em><\/strong><\/p>\n<p style=\"text-align: center\"><strong><em>Andy Souwer vs. Yuichiro &#8220;Jienotsu&#8221; Nagashima;<\/em><\/strong><\/p>\n<p style=\"text-align: center\"><strong><em>Taro Akebono vs. Bob Sapp;<\/em><\/strong><\/p>\n<p style=\"text-align: center\"><strong><em>Gabi Garcia vs. Lei\u2019D Tapa;<\/em><\/strong><\/p>\n<p style=\"text-align: center\"><strong><em>Soo Chul Kim vs. Maike Linhares;<\/em><\/strong><\/p>\n<p style=\"text-align: center\"><strong><em>Ken Hasegawa vs. Brennan Ward;<\/em><\/strong><\/p>\n<p style=\"text-align: center\"><strong><em>Rena vs. Jleana Valentino.<\/em><\/strong><\/p>\n<p style=\"text-align: center\"><strong><em>Final do GP Peso Pesado:<\/em><\/strong><\/p>\n<p style=\"text-align: center\"><strong><em>Vencedor da luta 1 vs. Vencedor da luta 2.<\/em><\/strong><\/p>\n<p style=\"text-align: center\"><strong><em>Semi-Finais do GP Peso Pesado:<\/em><\/strong><\/p>\n<p style=\"text-align: center\"><strong><em>Luta 2 \u2013 Vadim Nemkov vs. Jiri Proch\u00e1zka;<\/em><\/strong><\/p>\n<p style=\"text-align: center\"><strong><em>Luta 1 \u2013 King Mo Lawal vs. Teodoras Aukstuolis.<\/em><\/strong><\/p>\n<p style=\"text-align: center\"><strong><em>Kickboxing (K-1 Rules):<\/em><\/strong><\/p>\n<p style=\"text-align: center\"><strong><em>Takeru vs. Yang Ming.<\/em><\/strong><\/p>\n<p><iframe loading=\"lazy\" title=\"RIZIN \u300cIZA\u306e\u821e\u300d\u51fa\u5834\u9078\u624b\u516c\u958b\u8a08\u91cf\" width=\"640\" height=\"360\" src=\"https:\/\/www.youtube.com\/embed\/anP7DzTpESM?feature=oembed\" frameborder=\"0\" allow=\"accelerometer; autoplay; clipboard-write; encrypted-media; gyroscope; picture-in-picture; web-share\" referrerpolicy=\"strict-origin-when-cross-origin\" allowfullscreen><\/iframe><\/p>\n","protected":false},"excerpt":{"rendered":"<p>O Rizin Fighting Federation realizou na tarde desta quarta feira no Jap\u00e3o, a pesagem oficial de sua segunda edi\u00e7\u00e3o. Contando com o retorno da lenda <a class=\"read-more\" href=\"https:\/\/blogs.gazetaesportiva.com\/planeta-octogono\/2015\/12\/30\/com-fedor-gabi-e-kron-lutadores-superam-balanca-em-pesagem-do-rizin\/\">leia mais<\/a><\/p>\n","protected":false},"author":33,"featured_media":20641,"comment_status":"open","ping_status":"open","sticky":false,"template":"","format":"standard","meta":{"jetpack_post_was_ever_published":false,"_jetpack_newsletter_access":"","_jetpack_dont_email_post_to_subs":false,"_jetpack_newsletter_tier_id":0,"_jetpack_memberships_contains_paywalled_content":false,"_jetpack_memberships_contains_paid_content":false,"footnotes":"","jetpack_publicize_message":"","jetpack_publicize_feature_enabled":true,"jetpack_social_post_already_shared":false,"jetpack_social_options":{"image_generator_settings":{"template":"highway","default_image_id":0,"font":"","enabled":false},"version":2}},"categories":[1],"tags":[711,647,1295,1109],"class_list":["post-20617","post","type-post","status-publish","format-standard","has-post-thumbnail","hentry","category-principal","tag-gabi-garcia","tag-kron-gracie","tag-maike-linhares","tag-rizin-fighting-federation"],"jetpack_publicize_connections":[],"jetpack_featured_media_url":"https:\/\/blogs.gazetaesportiva.com\/planeta-octogono\/files\/2015\/12\/IMG_7437.jpg","jetpack_sharing_enabled":true,"jetpack_shortlink":"https:\/\/wp.me\/p6rqUQ-5mx","_links":{"self":[{"href":"https:\/\/blogs.gazetaesportiva.com\/planeta-octogono\/wp-json\/wp\/v2\/posts\/20617","targetHints":{"allow":["GET"]}}],"collection":[{"href":"https:\/\/blogs.gazetaesportiva.com\/planeta-octogono\/wp-json\/wp\/v2\/posts"}],"about":[{"href":"https:\/\/blogs.gazetaesportiva.com\/planeta-octogono\/wp-json\/wp\/v2\/types\/post"}],"author":[{"embeddable":true,"href":"https:\/\/blogs.gazetaesportiva.com\/planeta-octogono\/wp-json\/wp\/v2\/users\/33"}],"replies":[{"embeddable":true,"href":"https:\/\/blogs.gazetaesportiva.com\/planeta-octogono\/wp-json\/wp\/v2\/comments?post=20617"}],"version-history":[{"count":0,"href":"https:\/\/blogs.gazetaesportiva.com\/planeta-octogono\/wp-json\/wp\/v2\/posts\/20617\/revisions"}],"wp:featuredmedia":[{"embeddable":true,"href":"https:\/\/blogs.gazetaesportiva.com\/planeta-octogono\/wp-json\/wp\/v2\/media\/20641"}],"wp:attachment":[{"href":"https:\/\/blogs.gazetaesportiva.com\/planeta-octogono\/wp-json\/wp\/v2\/media?parent=20617"}],"wp:term":[{"taxonomy":"category","embeddable":true,"href":"https:\/\/blogs.gazetaesportiva.com\/planeta-octogono\/wp-json\/wp\/v2\/categories?post=20617"},{"taxonomy":"post_tag","embeddable":true,"href":"https:\/\/blogs.gazetaesportiva.com\/planeta-octogono\/wp-json\/wp\/v2\/tags?post=20617"}],"curies":[{"name":"wp","href":"https:\/\/api.w.org\/{rel}","templated":true}]}}