{"id":20607,"date":"2015-12-30T16:13:07","date_gmt":"2015-12-30T18:13:07","guid":{"rendered":"https:\/\/blogs.gazetaesportiva.com\/planeta-octogono\/?p=20607"},"modified":"2015-12-30T16:31:59","modified_gmt":"2015-12-30T18:31:59","slug":"dana-white-nega-que-edicao-do-ufc-no-rio-tenha-sido-cancelada","status":"publish","type":"post","link":"https:\/\/blogs.gazetaesportiva.com\/planeta-octogono\/2015\/12\/30\/dana-white-nega-que-edicao-do-ufc-no-rio-tenha-sido-cancelada\/","title":{"rendered":"Dana White nega que edi\u00e7\u00e3o do UFC no Rio tenha sido cancelada"},"content":{"rendered":"<figure id=\"attachment_5545\" aria-describedby=\"caption-attachment-5545\" style=\"width: 800px\" class=\"wp-caption aligncenter\"><a href=\"https:\/\/blogs.gazetaesportiva.com\/planeta-octogono\/files\/2013\/05\/1086_18.00.2013_24778_ef_20121013.jpg\"><img loading=\"lazy\" decoding=\"async\" class=\"wp-image-5545\" src=\"https:\/\/blogs.gazetaesportiva.com\/planeta-octogono\/files\/2013\/05\/1086_18.00.2013_24778_ef_20121013.jpg\" alt=\"Dana White nega que edi\u00e7\u00e3o no Brasil foi cancelada - Gaspar N\u00f3brega\/Inovafoto \" width=\"800\" height=\"534\" \/><\/a><figcaption id=\"caption-attachment-5545\" class=\"wp-caption-text\"><em><strong>Dana White nega que edi\u00e7\u00e3o no Brasil foi cancelada &#8211; Gaspar N\u00f3brega\/Inovafoto<\/strong><\/em><\/figcaption><\/figure>\n<p>Uma mensagem do Presidente do UFC, Dana White pode dar esperan\u00e7as para quem tem desejo de ver o Ultimate no Brasil em mar\u00e7o.<\/p>\n<p>Apesar de Anderson Silva ter revelado que a edi\u00e7\u00e3o do dia 5 de mar\u00e7o teria sido cancelada, o promotor usou as redes sociais para negar a hip\u00f3tese.<\/p>\n<p>Comentando uma mensagem do matckmaker (homem que cuida das lutas) Sean Shelby, Dana confirmou que o evento n\u00e3o est\u00e1 cancelado.<\/p>\n<blockquote class=\"twitter-tweet\" data-width=\"550\" data-dnt=\"true\">\n<p lang=\"en\" dir=\"ltr\">AMEN <a href=\"https:\/\/t.co\/tDUYOqnpdL\">https:\/\/t.co\/tDUYOqnpdL<\/a><\/p>\n<p>&mdash; danawhite (@danawhite) <a href=\"https:\/\/twitter.com\/danawhite\/status\/681958741571313666?ref_src=twsrc%5Etfw\">December 29, 2015<\/a><\/p><\/blockquote>\n<p><script async src=\"https:\/\/platform.twitter.com\/widgets.js\" charset=\"utf-8\"><\/script><\/p>\n<p>https:\/\/twitter.com\/seanshelby\/status\/681958635782590466<\/p>\n<p>&#8220;Esta imprensa \u00e9 uma brincadeira. Isto n\u00e3o \u00e9 verdade.&#8221; disparou o matckmaker que teve o apoio de Dana, com o promotor agradecendo a Deus, usando a resposta de Shelby para dois jornalistas do site americano MMA Fighting.<\/p>\n<p>Questionado por f\u00e3s, o Presidente disse que as declara\u00e7\u00f5es de Spider s\u00e3o apenas opini\u00e3o e n\u00e3o um fato.<\/p>\n<blockquote class=\"twitter-tweet\" data-width=\"550\" data-dnt=\"true\">\n<p lang=\"en\" dir=\"ltr\"><a href=\"https:\/\/twitter.com\/ItsMikeFagan?ref_src=twsrc%5Etfw\">@ItsMikeFagan<\/a> <a href=\"https:\/\/twitter.com\/seanshelby?ref_src=twsrc%5Etfw\">@seanshelby<\/a> Anderson was giving his opinion of maybe why. Not facts<\/p>\n<p>&mdash; danawhite (@danawhite) <a href=\"https:\/\/twitter.com\/danawhite\/status\/681960058423390208?ref_src=twsrc%5Etfw\">December 29, 2015<\/a><\/p><\/blockquote>\n<p><script async src=\"https:\/\/platform.twitter.com\/widgets.js\" charset=\"utf-8\"><\/script><\/p>\n<p>&#8220;Anderson deu sua opini\u00e3o sobre talvez o porque. N\u00e3o s\u00e3o fatos.&#8221; respondeu o promotor.<\/p>\n<p>Anunciada em novembro, o UFC 197 est\u00e1 programado para acontecer no Rio de Janeiro.<\/p>\n<p><em><strong>Com fome de cintur\u00e3o &#8211;\u00a0<\/strong><\/em>O brasileiro Anderson Silva est\u00e1 mostrando que recuperou a vontade de ser campe\u00e3o.<\/p>\n<p>Usando as redes sociais, o lutador mostrou que est\u00e1 motivado e quer voltar a ser o melhor do mundo.<\/p>\n<p><i>&#8220;Podem esperar. Vou pegar meu cintur\u00e3o de novo. Eu quero meu cintur\u00e3o de volta. Eu voltei.&#8221;<\/i> disse o brasileiro.<\/p>\n<figure id=\"attachment_19581\" aria-describedby=\"caption-attachment-19581\" style=\"width: 695px\" class=\"wp-caption aligncenter\"><a href=\"https:\/\/blogs.gazetaesportiva.com\/planeta-octogono\/files\/2015\/11\/andersoncorinthians.jpg\"><img loading=\"lazy\" decoding=\"async\" class=\"size-full wp-image-19581\" src=\"https:\/\/blogs.gazetaesportiva.com\/planeta-octogono\/files\/2015\/11\/andersoncorinthians.jpg\" alt=\"Spider quer voltar a ser campe\u00e3o no UFC - Divulga\u00e7\u00e3o\" width=\"695\" height=\"463\" srcset=\"https:\/\/blogs.gazetaesportiva.com\/planeta-octogono\/files\/2015\/11\/andersoncorinthians.jpg 695w, https:\/\/blogs.gazetaesportiva.com\/planeta-octogono\/files\/2015\/11\/andersoncorinthians-300x200.jpg 300w, https:\/\/blogs.gazetaesportiva.com\/planeta-octogono\/files\/2015\/11\/andersoncorinthians-120x80.jpg 120w\" sizes=\"auto, (max-width: 695px) 100vw, 695px\" \/><\/a><figcaption id=\"caption-attachment-19581\" class=\"wp-caption-text\"><em><strong>Spider quer voltar a ser campe\u00e3o no UFC &#8211; Divulga\u00e7\u00e3o<\/strong><\/em><\/figcaption><\/figure>\n<p><b><i>Bisping diz que Belfort recusou lutar com Spider &#8211;\u00a0<\/i><\/b><i><\/i>O ingl\u00eas Michael Bisping revelou o poss\u00edvel motivo do combate entre Anderson Silva e vitor Belfort n\u00e3o acontecer.<\/p>\n<p>Segundo o ingl\u00eas que enfrenta Anderson no dia 27 de fevereiro, uma recusa de Vitor Belfort aconteceu.<\/p>\n<p><em>&#8220;Vitor n\u00e3o quis lutar. Recusou a luta.&#8221;\u00a0<\/em>comentou o ingl\u00eas que contou como recebeu a proposta e n\u00e3o titubeou para aceitar o convite.<\/p>\n<p><em>&#8220;Anderson Silva \u00e9 uma lenda do esporte e foi campe\u00e3o dos pesos-m\u00e9dios por muito tempo. \u00c9 claro que eu queria enfrent\u00e1-lo quando ele ainda era campe\u00e3o, mas mesmo assim, ele \u00e9 a maior luta que eu posso fazer fora disputar o cintur\u00e3o. Quando Dana White me ligou e disse que meu advers\u00e1rio mudaria e seria o Anderson, fiquei empolgado e aceitei na hora. Sempre quis mostrar ao mundo que posso vence-lo, e vou fazer isso em fevereiro.&#8221;\u00a0<\/em>contou o atleta.<\/p>\n<figure id=\"attachment_11976\" aria-describedby=\"caption-attachment-11976\" style=\"width: 600px\" class=\"wp-caption aligncenter\"><a href=\"https:\/\/blogs.gazetaesportiva.com\/planeta-octogono\/files\/2014\/04\/vitor-e-bisping.jpg\"><img loading=\"lazy\" decoding=\"async\" class=\"size-full wp-image-11976\" src=\"https:\/\/blogs.gazetaesportiva.com\/planeta-octogono\/files\/2014\/04\/vitor-e-bisping.jpg\" alt=\"Bisping (direita) revela recusa de Belfort para revanche com Spider - Divulga\u00e7\u00e3o UFC\" width=\"600\" height=\"356\" \/><\/a><figcaption id=\"caption-attachment-11976\" class=\"wp-caption-text\"><em><strong>Bisping (direita) revela recusa de Belfort para revanche com Spider &#8211; Divulga\u00e7\u00e3o UFC<\/strong><\/em><\/figcaption><\/figure>\n","protected":false},"excerpt":{"rendered":"<p>Uma mensagem do Presidente do UFC, Dana White pode dar esperan\u00e7as para quem tem desejo de ver o Ultimate no Brasil em mar\u00e7o. Apesar de <a class=\"read-more\" href=\"https:\/\/blogs.gazetaesportiva.com\/planeta-octogono\/2015\/12\/30\/dana-white-nega-que-edicao-do-ufc-no-rio-tenha-sido-cancelada\/\">leia mais<\/a><\/p>\n","protected":false},"author":33,"featured_media":0,"comment_status":"open","ping_status":"open","sticky":false,"template":"","format":"standard","meta":{"jetpack_post_was_ever_published":false,"_jetpack_newsletter_access":"","_jetpack_dont_email_post_to_subs":false,"_jetpack_newsletter_tier_id":0,"_jetpack_memberships_contains_paywalled_content":false,"_jetpack_memberships_contains_paid_content":false,"footnotes":"","jetpack_publicize_message":"","jetpack_publicize_feature_enabled":true,"jetpack_social_post_already_shared":false,"jetpack_social_options":{"image_generator_settings":{"template":"highway","default_image_id":0,"font":"","enabled":false},"version":2}},"categories":[1],"tags":[22,111,112,41,47],"class_list":["post-20607","post","type-post","status-publish","format-standard","hentry","category-principal","tag-anderson-silva","tag-dana-white","tag-michael-bisping","tag-ufc","tag-vitor-belfort"],"jetpack_publicize_connections":[],"jetpack_featured_media_url":"","jetpack_sharing_enabled":true,"jetpack_shortlink":"https:\/\/wp.me\/p6rqUQ-5mn","_links":{"self":[{"href":"https:\/\/blogs.gazetaesportiva.com\/planeta-octogono\/wp-json\/wp\/v2\/posts\/20607","targetHints":{"allow":["GET"]}}],"collection":[{"href":"https:\/\/blogs.gazetaesportiva.com\/planeta-octogono\/wp-json\/wp\/v2\/posts"}],"about":[{"href":"https:\/\/blogs.gazetaesportiva.com\/planeta-octogono\/wp-json\/wp\/v2\/types\/post"}],"author":[{"embeddable":true,"href":"https:\/\/blogs.gazetaesportiva.com\/planeta-octogono\/wp-json\/wp\/v2\/users\/33"}],"replies":[{"embeddable":true,"href":"https:\/\/blogs.gazetaesportiva.com\/planeta-octogono\/wp-json\/wp\/v2\/comments?post=20607"}],"version-history":[{"count":0,"href":"https:\/\/blogs.gazetaesportiva.com\/planeta-octogono\/wp-json\/wp\/v2\/posts\/20607\/revisions"}],"wp:attachment":[{"href":"https:\/\/blogs.gazetaesportiva.com\/planeta-octogono\/wp-json\/wp\/v2\/media?parent=20607"}],"wp:term":[{"taxonomy":"category","embeddable":true,"href":"https:\/\/blogs.gazetaesportiva.com\/planeta-octogono\/wp-json\/wp\/v2\/categories?post=20607"},{"taxonomy":"post_tag","embeddable":true,"href":"https:\/\/blogs.gazetaesportiva.com\/planeta-octogono\/wp-json\/wp\/v2\/tags?post=20607"}],"curies":[{"name":"wp","href":"https:\/\/api.w.org\/{rel}","templated":true}]}}