{"id":20603,"date":"2015-12-29T22:33:31","date_gmt":"2015-12-30T00:33:31","guid":{"rendered":"https:\/\/blogs.gazetaesportiva.com\/planeta-octogono\/?p=20603"},"modified":"2015-12-29T22:33:31","modified_gmt":"2015-12-30T00:33:31","slug":"spider-revela-cancelamento-de-edicao-do-ufc-no-rio-devido-crise-economica","status":"publish","type":"post","link":"https:\/\/blogs.gazetaesportiva.com\/planeta-octogono\/2015\/12\/29\/spider-revela-cancelamento-de-edicao-do-ufc-no-rio-devido-crise-economica\/","title":{"rendered":"Spider revela cancelamento de edi\u00e7\u00e3o do UFC no Rio devido crise econ\u00f4mica"},"content":{"rendered":"<figure id=\"attachment_5545\" aria-describedby=\"caption-attachment-5545\" style=\"width: 800px\" class=\"wp-caption aligncenter\"><a href=\"https:\/\/blogs.gazetaesportiva.com\/planeta-octogono\/files\/2013\/05\/1086_18.00.2013_24778_ef_20121013.jpg\"><img loading=\"lazy\" decoding=\"async\" class=\"wp-image-5545\" src=\"https:\/\/blogs.gazetaesportiva.com\/planeta-octogono\/files\/2013\/05\/1086_18.00.2013_24778_ef_20121013.jpg\" alt=\"Brasil perde edi\u00e7\u00e3o do UFC por crise- Gaspar N\u00f3brega\/Inovafoto \" width=\"800\" height=\"534\" \/><\/a><figcaption id=\"caption-attachment-5545\" class=\"wp-caption-text\"><em><strong>Brasil perde edi\u00e7\u00e3o do UFC &#8211; Gaspar N\u00f3brega\/Inovafoto<\/strong><\/em><\/figcaption><\/figure>\n<p>A edi\u00e7\u00e3o 197 programada para acontecer no Rio de Janeiro, dia 5 de mar\u00e7o n\u00e3o vai mais acontecer.<\/p>\n<p>Em participa\u00e7\u00e3o de uma confer\u00eancia telef\u00f4nica para promover sua luta com Michael Bisping, no UFC Londres dia 27 de fevereiro, Spider revelou o motivo de n\u00e3o lutar no Brasil.<\/p>\n<p>&#8220;N\u00e3o houve esse tipo de negocia\u00e7\u00e3o de luta com o Vitor. Tem muita fala\u00e7\u00e3o em volta disso, mas n\u00e3o houve nenhuma negocia\u00e7\u00e3o. Realmente era para eu lutar no Brasil, n\u00e3o sei com quem, e com toda essa situa\u00e7\u00e3o econ\u00f4mica do Brasil, o UFC resolveu n\u00e3o fazer esse evento aqui por agora.&#8221; lamentou Spider.<\/p>\n<p>A confirma\u00e7\u00e3o da not\u00edcia veio ap\u00f3s o site americano MMA Fighting checar que o evento n\u00e3o vai mais acontecer no pa\u00eds.<\/p>\n<p>O UFC estaria procurando outro local para a data e pode anunciar em breve a nova sede.<\/p>\n<figure id=\"attachment_19581\" aria-describedby=\"caption-attachment-19581\" style=\"width: 695px\" class=\"wp-caption aligncenter\"><a href=\"https:\/\/blogs.gazetaesportiva.com\/planeta-octogono\/files\/2015\/11\/andersoncorinthians.jpg\"><img loading=\"lazy\" decoding=\"async\" class=\"size-full wp-image-19581\" src=\"https:\/\/blogs.gazetaesportiva.com\/planeta-octogono\/files\/2015\/11\/andersoncorinthians.jpg\" alt=\"Spider revela que UFC cancelou edi\u00e7\u00e3o no Brasil - Divulga\u00e7\u00e3o\" width=\"695\" height=\"463\" srcset=\"https:\/\/blogs.gazetaesportiva.com\/planeta-octogono\/files\/2015\/11\/andersoncorinthians.jpg 695w, https:\/\/blogs.gazetaesportiva.com\/planeta-octogono\/files\/2015\/11\/andersoncorinthians-300x200.jpg 300w, https:\/\/blogs.gazetaesportiva.com\/planeta-octogono\/files\/2015\/11\/andersoncorinthians-120x80.jpg 120w\" sizes=\"auto, (max-width: 695px) 100vw, 695px\" \/><\/a><figcaption id=\"caption-attachment-19581\" class=\"wp-caption-text\"><em><strong>Spider revela que UFC cancelou edi\u00e7\u00e3o no Brasil &#8211; Divulga\u00e7\u00e3o<\/strong><\/em><\/figcaption><\/figure>\n","protected":false},"excerpt":{"rendered":"<p>A edi\u00e7\u00e3o 197 programada para acontecer no Rio de Janeiro, dia 5 de mar\u00e7o n\u00e3o vai mais acontecer. Em participa\u00e7\u00e3o de uma confer\u00eancia telef\u00f4nica para <a class=\"read-more\" href=\"https:\/\/blogs.gazetaesportiva.com\/planeta-octogono\/2015\/12\/29\/spider-revela-cancelamento-de-edicao-do-ufc-no-rio-devido-crise-economica\/\">leia mais<\/a><\/p>\n","protected":false},"author":33,"featured_media":0,"comment_status":"open","ping_status":"open","sticky":false,"template":"","format":"standard","meta":{"jetpack_post_was_ever_published":false,"_jetpack_newsletter_access":"","_jetpack_dont_email_post_to_subs":false,"_jetpack_newsletter_tier_id":0,"_jetpack_memberships_contains_paywalled_content":false,"_jetpack_memberships_contains_paid_content":false,"footnotes":"","jetpack_publicize_message":"","jetpack_publicize_feature_enabled":true,"jetpack_social_post_already_shared":false,"jetpack_social_options":{"image_generator_settings":{"template":"highway","default_image_id":0,"font":"","enabled":false},"version":2}},"categories":[1],"tags":[22,41],"class_list":["post-20603","post","type-post","status-publish","format-standard","hentry","category-principal","tag-anderson-silva","tag-ufc"],"jetpack_publicize_connections":[],"jetpack_featured_media_url":"","jetpack_sharing_enabled":true,"jetpack_shortlink":"https:\/\/wp.me\/p6rqUQ-5mj","_links":{"self":[{"href":"https:\/\/blogs.gazetaesportiva.com\/planeta-octogono\/wp-json\/wp\/v2\/posts\/20603","targetHints":{"allow":["GET"]}}],"collection":[{"href":"https:\/\/blogs.gazetaesportiva.com\/planeta-octogono\/wp-json\/wp\/v2\/posts"}],"about":[{"href":"https:\/\/blogs.gazetaesportiva.com\/planeta-octogono\/wp-json\/wp\/v2\/types\/post"}],"author":[{"embeddable":true,"href":"https:\/\/blogs.gazetaesportiva.com\/planeta-octogono\/wp-json\/wp\/v2\/users\/33"}],"replies":[{"embeddable":true,"href":"https:\/\/blogs.gazetaesportiva.com\/planeta-octogono\/wp-json\/wp\/v2\/comments?post=20603"}],"version-history":[{"count":0,"href":"https:\/\/blogs.gazetaesportiva.com\/planeta-octogono\/wp-json\/wp\/v2\/posts\/20603\/revisions"}],"wp:attachment":[{"href":"https:\/\/blogs.gazetaesportiva.com\/planeta-octogono\/wp-json\/wp\/v2\/media?parent=20603"}],"wp:term":[{"taxonomy":"category","embeddable":true,"href":"https:\/\/blogs.gazetaesportiva.com\/planeta-octogono\/wp-json\/wp\/v2\/categories?post=20603"},{"taxonomy":"post_tag","embeddable":true,"href":"https:\/\/blogs.gazetaesportiva.com\/planeta-octogono\/wp-json\/wp\/v2\/tags?post=20603"}],"curies":[{"name":"wp","href":"https:\/\/api.w.org\/{rel}","templated":true}]}}