{"id":20553,"date":"2015-12-27T06:20:01","date_gmt":"2015-12-27T08:20:01","guid":{"rendered":"https:\/\/blogs.gazetaesportiva.com\/planeta-octogono\/?p=20553"},"modified":"2015-12-27T06:33:30","modified_gmt":"2015-12-27T08:33:30","slug":"dekassegui-no-mma-carlos-toyota-mira-trocacao-com-russo-e-vibra-com-realizacao-de-sonho-no-rizin","status":"publish","type":"post","link":"https:\/\/blogs.gazetaesportiva.com\/planeta-octogono\/2015\/12\/27\/dekassegui-no-mma-carlos-toyota-mira-trocacao-com-russo-e-vibra-com-realizacao-de-sonho-no-rizin\/","title":{"rendered":"Dekassegui no MMA, Carlos Toyota mira troca\u00e7\u00e3o com russo e vibra com realiza\u00e7\u00e3o de sonho no Rizin"},"content":{"rendered":"<figure id=\"attachment_20557\" aria-describedby=\"caption-attachment-20557\" style=\"width: 492px\" class=\"wp-caption aligncenter\"><a href=\"https:\/\/blogs.gazetaesportiva.com\/planeta-octogono\/files\/2015\/12\/79563fefee466bdfcf60842aaa8a81d8.jpg\"><img loading=\"lazy\" decoding=\"async\" class=\"size-full wp-image-20557\" src=\"https:\/\/blogs.gazetaesportiva.com\/planeta-octogono\/files\/2015\/12\/79563fefee466bdfcf60842aaa8a81d8.jpg\" alt=\"Residente no Jap\u00e3o, Carlos Toyoda realiza sonho com luta no Rizin - Divulga\u00e7\u00e3o \" width=\"492\" height=\"601\" srcset=\"https:\/\/blogs.gazetaesportiva.com\/planeta-octogono\/files\/2015\/12\/79563fefee466bdfcf60842aaa8a81d8.jpg 492w, https:\/\/blogs.gazetaesportiva.com\/planeta-octogono\/files\/2015\/12\/79563fefee466bdfcf60842aaa8a81d8-246x300.jpg 246w\" sizes=\"auto, (max-width: 492px) 100vw, 492px\" \/><\/a><figcaption id=\"caption-attachment-20557\" class=\"wp-caption-text\"><strong><em>Residente no Jap\u00e3o, Carlos Toyoda realiza sonho com luta no Rizin &#8211; Divulga\u00e7\u00e3o<\/em><\/strong><\/figcaption><\/figure>\n<p>O blog conversou com o lutador Carlos Toyota, de 44 anos, que faz sua estr\u00e9ia no Rizin Fighting Federation, neste dia 29 de novembro.<\/p>\n<p>O lutador que mora na terra do sol nascente, enfrenta o parceiro de treinos de Fedor Emelianenko, o russo Kirill Sidelnikov.<\/p>\n<p>Mesmo ciente que Sidelnikov est\u00e1 a mais de sete anos afastado do MMA, se dedicando apenas ao Samb\u00f4, arte marcial aonde o russo \u00e9 v\u00e1rias vezes campe\u00e3o mundial, Toyoda n\u00e3o se intimida com o advers\u00e1rio.<\/p>\n<p>Buscando agradar os promotores do Rizin, Toyoda revelou que quase enfrentou Fedor mas que uma derrota para Jaideep Singh acabou frustrando seus planos.<\/p>\n<p><iframe loading=\"lazy\" title=\"26072015 Carlos Toyota\" width=\"640\" height=\"360\" src=\"https:\/\/www.youtube.com\/embed\/FVN55dKd0fE?feature=oembed\" frameborder=\"0\" allow=\"accelerometer; autoplay; clipboard-write; encrypted-media; gyroscope; picture-in-picture; web-share\" referrerpolicy=\"strict-origin-when-cross-origin\" allowfullscreen><\/iframe><\/p>\n<p style=\"text-align: center\"><em><strong>Veja o papo com Carlos Toyota&#8230;<\/strong><\/em><\/p>\n<p style=\"text-align: center\"><strong><em>Realiza\u00e7\u00e3o de sonho&#8230;<\/em><\/strong><\/p>\n<p style=\"text-align: left\"><em>&#8220;Me tornei atleta profissional faz 10 anos atr\u00e1s. Antes disso eu treinava karat\u00ea, fiz kyokushin e jud\u00f4. Depois fiz Jiu Jitsu e Boxe, participando de campeonatos amadores aqui no Jap\u00e3o.<\/em><\/p>\n<p style=\"text-align: left\"><em>Na \u00e9poca o PRIDE fazia muito sucesso, e lutei o Pride Challenge, onde me convidaram para lutar no Deep, contra o Akira Shoji, conhecido como Mr. Pride.<\/em><\/p>\n<p style=\"text-align: left\"><em>Desde crian\u00e7a gosta de arte marcial, e trabalhei por v\u00e1rios anos em f\u00e1brica como dekassegui. Fui saindo da f\u00e1brica aos poucos e muita gente me criticou bastante.<\/em><\/p>\n<p style=\"text-align: left\"><em>Por para de trabalhar para me dedicar a luta mas gra\u00e7as a Deus deu tudo certo e hoje consigo viver atrav\u00e9s da luta.<\/em><\/p>\n<p style=\"text-align: left\"><em>A emo\u00e7\u00e3o foi muito grande. Eu estou no Jap\u00e3o h\u00e1 25 anos. Vi toda essa era do PRIDE acontecer. Conheci o Wanderlei Silva e treinei com ele nos Estados Unidos.<\/em><\/p>\n<p style=\"text-align: left\"><em>Sem contar que eu pensei que nunca iria conseguir j\u00e1 que estou com 44 anos. Vai ser emocionante. E vamos transmitir essa emo\u00e7\u00e3o para o p\u00fablico.<\/em><\/p>\n<p style=\"text-align: left\"><em>Isso me traz orgulho. A nossa comunidade brasileira aqui \u00e9 cheio de batalhadores. Deixamos a fam\u00edlia para vir para o Jap\u00e3o, trabalhar.<\/em><\/p>\n<p style=\"text-align: left\"><em>Representa muito para mim. Apenas estou sendo o primeiro. Mas ser\u00e1 o primeiro de uma leva que vai chegar. Deus me privilegiou porque \u00e9 um sonho lutar no Rizin.<\/em><\/p>\n<p style=\"text-align: left\"><em>Vai ser dif\u00edcil controlar a emo\u00e7\u00e3o.\u00a0<\/em><\/p>\n<p style=\"text-align: center\"><strong><em>Luta com Singh&#8230;<\/em><\/strong><\/p>\n<p style=\"text-align: left\"><em>&#8220;Infelizmente eu me lesionei no primeiro round daquele luta. Tive uma disten\u00e7\u00e3o muscular no meu bra\u00e7o direito e tive que lutar meio round e mais um round inteiro com um bra\u00e7o s\u00f3.<\/em><\/p>\n<p style=\"text-align: left\"><em>O Sakakibara estava presente e foi uma luta impressionante. Ganhei o pr\u00eamio da noite mesmo com a derrota. Mas pude mostrar minha ra\u00e7a e agressividade de n\u00f3s brasileiros e recebi muitos elogios de toda a organiza\u00e7\u00e3o do Rizin por esta luta.<\/em><\/p>\n<p style=\"text-align: left\"><em>Eu j\u00e1 sabia que essa luta com o Singh, quem ganhasse poderia enfrentar o Fedor. A gente j\u00e1 havia treinando para enfrentar o Fedor.\u00a0<\/em><\/p>\n<p style=\"text-align: left\"><em>Mas acho que Fedor vai ganhar 100% porque acho ele mais habilidoso, por\u00e9m \u00e9 50 a 50 ali, j\u00e1 que no MMA qualquer coisa pode acontecer.&#8221;<\/em><\/p>\n<p><iframe loading=\"lazy\" title=\"V\u00cdDEO DOCUMENT\u00c1RIO: CARLOS TOYOTA vs GIGANTE COREANO\" width=\"640\" height=\"360\" src=\"https:\/\/www.youtube.com\/embed\/lzzy-H_jk8c?feature=oembed\" frameborder=\"0\" allow=\"accelerometer; autoplay; clipboard-write; encrypted-media; gyroscope; picture-in-picture; web-share\" referrerpolicy=\"strict-origin-when-cross-origin\" allowfullscreen><\/iframe><\/p>\n<p style=\"text-align: center\"><strong><em>Luta com Sidelnikov&#8230;<\/em><\/strong><\/p>\n<p style=\"text-align: left\"><em>&#8220;Meu advers\u00e1rio foi cinco vezes campe\u00e3o mundial de Samb\u00f4. Parceiro de treino do Fedor. Russo sempre foi perigoso. Mas a estrat\u00e9gia de luta n\u00e3o vai mudar.<\/em><\/p>\n<p style=\"text-align: left\"><em>Eu vou l\u00e1 para fazer aquilo que me trouxe aqui. \u00c9 minha sexta luta no ano e sempre fazendo lutas em p\u00e9 e terminando por nocaute.<\/em><\/p>\n<p style=\"text-align: left\"><em>Ele \u00e9 habilidoso. Tem um soco pesado mas vamos trabalhar na troca\u00e7\u00e3o e o Sakakibara quer que eu fa\u00e7a o que eu fiz contra o Singh, mostrando minha agressividade.<\/em><\/p>\n<p style=\"text-align: left\"><em>Mas se a luta ir para o ch\u00e3o, n\u00e3o tem problema. Estou preparado para lutar l\u00e1 tamb\u00e9m.&#8221;<\/em><\/p>\n<p style=\"text-align: center\"><strong><em>Recado para os f\u00e3s&#8230;<\/em><\/strong><\/p>\n<p style=\"text-align: left\"><em>&#8220;O meu recado \u00e9 para que acreditem nos seus sonhos. Nada \u00e9 imposs\u00edvel. Se voc\u00ea tiver f\u00e9, foco.\u00a0<\/em><\/p>\n<p style=\"text-align: left\"><em>Parece palavras que muita gente j\u00e1 ouviu mas \u00e9 verdade. Muita gente vai tentar ser contra e dizer que voc\u00ea n\u00e3o vai conseguir.<\/em><\/p>\n<p style=\"text-align: left\"><em>Mas o importante \u00e9 voc\u00ea acreditar em voc\u00ea. Em Deus. E n\u00e3o pode desistir. J\u00e1 que o sonho \u00e9 seu. Acredite no seu sonho.<\/em><\/p>\n<p style=\"text-align: left\"><em>N\u00e3o tem idade para come\u00e7ar. N\u00e3o tem perfil. Corra atr\u00e1s do seu sonho j\u00e1 que dinheiro n\u00e3o \u00e9 tudo na vida. \u00c9 ser brasileiro e n\u00e3o desistir.&#8221;<\/em><\/p>\n<p>&nbsp;<\/p>\n","protected":false},"excerpt":{"rendered":"<p>O blog conversou com o lutador Carlos Toyota, de 44 anos, que faz sua estr\u00e9ia no Rizin Fighting Federation, neste dia 29 de novembro. O <a class=\"read-more\" href=\"https:\/\/blogs.gazetaesportiva.com\/planeta-octogono\/2015\/12\/27\/dekassegui-no-mma-carlos-toyota-mira-trocacao-com-russo-e-vibra-com-realizacao-de-sonho-no-rizin\/\">leia mais<\/a><\/p>\n","protected":false},"author":33,"featured_media":20557,"comment_status":"open","ping_status":"open","sticky":false,"template":"","format":"standard","meta":{"jetpack_post_was_ever_published":false,"_jetpack_newsletter_access":"","_jetpack_dont_email_post_to_subs":false,"_jetpack_newsletter_tier_id":0,"_jetpack_memberships_contains_paywalled_content":false,"_jetpack_memberships_contains_paid_content":false,"footnotes":"","jetpack_publicize_message":"","jetpack_publicize_feature_enabled":true,"jetpack_social_post_already_shared":false,"jetpack_social_options":{"image_generator_settings":{"template":"highway","default_image_id":0,"font":"","enabled":false},"version":2}},"categories":[1],"tags":[1309,1117,156,1105,1071,1307,1109],"class_list":["post-20553","post","type-post","status-publish","format-standard","has-post-thumbnail","hentry","category-principal","tag-carlos-toyota","tag-deep","tag-fedor-emelianenko","tag-jaideep-singh","tag-japao","tag-kirill-sidelnikov","tag-rizin-fighting-federation"],"jetpack_publicize_connections":[],"jetpack_featured_media_url":"https:\/\/blogs.gazetaesportiva.com\/planeta-octogono\/files\/2015\/12\/79563fefee466bdfcf60842aaa8a81d8.jpg","jetpack_sharing_enabled":true,"jetpack_shortlink":"https:\/\/wp.me\/p6rqUQ-5lv","_links":{"self":[{"href":"https:\/\/blogs.gazetaesportiva.com\/planeta-octogono\/wp-json\/wp\/v2\/posts\/20553","targetHints":{"allow":["GET"]}}],"collection":[{"href":"https:\/\/blogs.gazetaesportiva.com\/planeta-octogono\/wp-json\/wp\/v2\/posts"}],"about":[{"href":"https:\/\/blogs.gazetaesportiva.com\/planeta-octogono\/wp-json\/wp\/v2\/types\/post"}],"author":[{"embeddable":true,"href":"https:\/\/blogs.gazetaesportiva.com\/planeta-octogono\/wp-json\/wp\/v2\/users\/33"}],"replies":[{"embeddable":true,"href":"https:\/\/blogs.gazetaesportiva.com\/planeta-octogono\/wp-json\/wp\/v2\/comments?post=20553"}],"version-history":[{"count":0,"href":"https:\/\/blogs.gazetaesportiva.com\/planeta-octogono\/wp-json\/wp\/v2\/posts\/20553\/revisions"}],"wp:featuredmedia":[{"embeddable":true,"href":"https:\/\/blogs.gazetaesportiva.com\/planeta-octogono\/wp-json\/wp\/v2\/media\/20557"}],"wp:attachment":[{"href":"https:\/\/blogs.gazetaesportiva.com\/planeta-octogono\/wp-json\/wp\/v2\/media?parent=20553"}],"wp:term":[{"taxonomy":"category","embeddable":true,"href":"https:\/\/blogs.gazetaesportiva.com\/planeta-octogono\/wp-json\/wp\/v2\/categories?post=20553"},{"taxonomy":"post_tag","embeddable":true,"href":"https:\/\/blogs.gazetaesportiva.com\/planeta-octogono\/wp-json\/wp\/v2\/tags?post=20553"}],"curies":[{"name":"wp","href":"https:\/\/api.w.org\/{rel}","templated":true}]}}