{"id":20547,"date":"2015-12-27T06:22:40","date_gmt":"2015-12-27T08:22:40","guid":{"rendered":"https:\/\/blogs.gazetaesportiva.com\/planeta-octogono\/?p=20547"},"modified":"2015-12-27T06:47:24","modified_gmt":"2015-12-27T08:47:24","slug":"promessa-paulista-no-rizin-felipe-efrain-quer-honrar-bandeira-chute-boxe-fazendo-historia-no-japao","status":"publish","type":"post","link":"https:\/\/blogs.gazetaesportiva.com\/planeta-octogono\/2015\/12\/27\/promessa-paulista-no-rizin-felipe-efrain-quer-honrar-bandeira-chute-boxe-fazendo-historia-no-japao\/","title":{"rendered":"Promessa paulista no Rizin, Felipe Efrain quer honrar bandeira Chute Boxe fazendo hist\u00f3ria no Jap\u00e3o"},"content":{"rendered":"<figure id=\"attachment_20549\" aria-describedby=\"caption-attachment-20549\" style=\"width: 612px\" class=\"wp-caption aligncenter\"><a href=\"https:\/\/blogs.gazetaesportiva.com\/planeta-octogono\/files\/2015\/12\/efrain.jpg\"><img loading=\"lazy\" decoding=\"async\" class=\"size-full wp-image-20549\" src=\"https:\/\/blogs.gazetaesportiva.com\/planeta-octogono\/files\/2015\/12\/efrain.jpg\" alt=\"Lutador paulista faz estr\u00e9ia no Rizin - Divulga\u00e7\u00e3o\" width=\"612\" height=\"612\" srcset=\"https:\/\/blogs.gazetaesportiva.com\/planeta-octogono\/files\/2015\/12\/efrain.jpg 612w, https:\/\/blogs.gazetaesportiva.com\/planeta-octogono\/files\/2015\/12\/efrain-150x150.jpg 150w, https:\/\/blogs.gazetaesportiva.com\/planeta-octogono\/files\/2015\/12\/efrain-300x300.jpg 300w\" sizes=\"auto, (max-width: 612px) 100vw, 612px\" \/><\/a><figcaption id=\"caption-attachment-20549\" class=\"wp-caption-text\"><em><strong>Lutador paulista faz estr\u00e9ia no Rizin &#8211; Divulga\u00e7\u00e3o<\/strong><\/em><\/figcaption><\/figure>\n<p>O blog conversou com o lutador paulista Felipe Efrain, de 22 anos e um cartel de 9 vit\u00f3rias e duas derrotas.<\/p>\n<p>Felipe que representa uma das academias mais tradicionais do MMA, a Chute Boxe\/Diego Lima, o lutador quer honrar a oportunidade recebida de fazer sua estr\u00e9ia no Rizin Fighting Federation, evento japon\u00eas que faz sua primeira edi\u00e7\u00e3o no dia 29 de dezembro.<\/p>\n<p>Apesar de estar ciente do peso de representar a equipe no evento, Efrain mant\u00e9m a postura e promete um duelo intenso contra o japon\u00eas Yuki Motoya.<\/p>\n<p>O lutador tamb\u00e9m falou sobre sua prepara\u00e7\u00e3o para a edi\u00e7\u00e3o e que estrear com o p\u00e9 direito.<\/p>\n<p>https:\/\/www.youtube.com\/watch?v=9ag9y6jOfg0<\/p>\n<p style=\"text-align: center\"><strong><em>Veja o bate papo com Felipe Efrain:<\/em><\/strong><\/p>\n<p style=\"text-align: center\"><strong><em>Estilo Chute Boxe de viver&#8230;<\/em><\/strong><\/p>\n<p style=\"text-align: left\"><em>&#8220;Treinar na Chute Boxe, viver na Chute Boxe, voc\u00ea j\u00e1 passa por isso.<\/em><\/p>\n<p style=\"text-align: left\"><em>\u00c9 muito gratificante para mim poder representar essa bandeira, e confesso que a ficha n\u00e3o caiu. Mas quando eu estiver l\u00e1, acho que vou entender.<\/em><\/p>\n<p style=\"text-align: left\"><em>Para mim \u00e9 s\u00f3 mais uma luta. A responsabilidade \u00e9 muito grande e eu tenho que chegar l\u00e1 e tenho que vencer para mostrar ao mundo a for\u00e7a da Chute Boxe e a Guigo Jiu Jitsu, onde treino.&#8221;<\/em><\/p>\n<p style=\"text-align: center\"><em><strong>Derrota que ensinou&#8230;<\/strong><\/em><\/p>\n<p style=\"text-align: left\"><em>&#8220;A minha derrota no Titan FC me ensinou muito. Agora eu treinei o dobro. Aqui n\u00e3o tem escapat\u00f3ria.<\/em><\/p>\n<p style=\"text-align: left\"><em>Todo mundo tem que estar treinando e se eu n\u00e3o estivesse treinando, me mantendo ativo essa vaga no Rizin talvez n\u00e3o seria minha.<\/em><\/p>\n<p style=\"text-align: left\"><em>Mas n\u00f3s treinamos 365 dias por ano. Aqui n\u00e3o para. E estou indo para dar o meu melhor.<\/em><\/p>\n<p style=\"text-align: left\"><em>No Titan eu fiquei muito nervoso. N\u00e3o consegui dormir de tanta ansiedade. N\u00e3o via a hora de poder lutar.<\/em><\/p>\n<p style=\"text-align: left\"><em>Eu fico sonhando, pensando na luta e agora eu estou mais tranquilo. Pode ser que isso mude (risos).&#8221;<\/em><\/p>\n<p>https:\/\/www.youtube.com\/watch?v=Kf1eetM3fWc<\/p>\n<p style=\"text-align: center\"><strong><em>Luta com Motoya&#8230;<\/em><\/strong><\/p>\n<p style=\"text-align: left\"><em>&#8220;Acredito que ele vai querer trocar um pouquinho. Se n\u00e3o ficar confort\u00e1vel ele vai buscar o ch\u00e3o. Mas para mim tanto faz.<\/em><\/p>\n<p style=\"text-align: left\"><em>Porque vou tentar abafar ele desde o in\u00edcio. Seja em p\u00e9 ou no ch\u00e3o. Se eu conseguir nocautear muito bom. Se finalizar melhor ainda.<\/em><\/p>\n<p style=\"text-align: left\"><em>As regras s\u00e3o um pouco diferentes porque tem pis\u00f5es e tiros de meta mas estou tranquilo. Eu amo sair na m\u00e3o. E vou l\u00e1 para buscar minha vit\u00f3ria.<\/em><\/p>\n<p style=\"text-align: left\"><em>O japon\u00eas ele \u00e9 muito guerreiro. Eu adoro sair na m\u00e3o e se ele tiver queixo duro a luta vai durar os tr\u00eas rounds. Mas se eu conseguir o nocaute e vencer, representando a bandeira melhor ainda.&#8221;<\/em><\/p>\n<p style=\"text-align: center\"><strong><em>Mensagem para os f\u00e3s&#8230;<\/em><\/strong><\/p>\n<p style=\"text-align: left\"><em>&#8220;Queria agradecer a muita gente que me mandou mensagens nas redes sociais e comentaram minhas fotos. Eles me d\u00e3o muita for\u00e7a, mandando muita energia positiva.<\/em><\/p>\n<p style=\"text-align: left\"><em>E s\u00f3 tenho a agradecer mesmo. E pedir o apoio de todos no dia 29. Heyyy!!!&#8221;<\/em><\/p>\n<p>https:\/\/www.youtube.com\/watch?v=kGoyFYyNT9M<\/p>\n<p>&nbsp;<\/p>\n","protected":false},"excerpt":{"rendered":"<p>O blog conversou com o lutador paulista Felipe Efrain, de 22 anos e um cartel de 9 vit\u00f3rias e duas derrotas. Felipe que representa uma <a class=\"read-more\" href=\"https:\/\/blogs.gazetaesportiva.com\/planeta-octogono\/2015\/12\/27\/promessa-paulista-no-rizin-felipe-efrain-quer-honrar-bandeira-chute-boxe-fazendo-historia-no-japao\/\">leia mais<\/a><\/p>\n","protected":false},"author":33,"featured_media":20549,"comment_status":"open","ping_status":"open","sticky":false,"template":"","format":"standard","meta":{"jetpack_post_was_ever_published":false,"_jetpack_newsletter_access":"","_jetpack_dont_email_post_to_subs":false,"_jetpack_newsletter_tier_id":0,"_jetpack_memberships_contains_paywalled_content":false,"_jetpack_memberships_contains_paid_content":false,"footnotes":"","jetpack_publicize_message":"","jetpack_publicize_feature_enabled":true,"jetpack_social_post_already_shared":false,"jetpack_social_options":{"image_generator_settings":{"template":"highway","default_image_id":0,"font":"","enabled":false},"version":2}},"categories":[1],"tags":[921,677,1275,1109,1305],"class_list":["post-20547","post","type-post","status-publish","format-standard","has-post-thumbnail","hentry","category-principal","tag-chute-boxe","tag-diego-lima","tag-felipe-efrain","tag-rizin-fighting-federation","tag-yuki-motoya"],"jetpack_publicize_connections":[],"jetpack_featured_media_url":"https:\/\/blogs.gazetaesportiva.com\/planeta-octogono\/files\/2015\/12\/efrain.jpg","jetpack_sharing_enabled":true,"jetpack_shortlink":"https:\/\/wp.me\/p6rqUQ-5lp","_links":{"self":[{"href":"https:\/\/blogs.gazetaesportiva.com\/planeta-octogono\/wp-json\/wp\/v2\/posts\/20547","targetHints":{"allow":["GET"]}}],"collection":[{"href":"https:\/\/blogs.gazetaesportiva.com\/planeta-octogono\/wp-json\/wp\/v2\/posts"}],"about":[{"href":"https:\/\/blogs.gazetaesportiva.com\/planeta-octogono\/wp-json\/wp\/v2\/types\/post"}],"author":[{"embeddable":true,"href":"https:\/\/blogs.gazetaesportiva.com\/planeta-octogono\/wp-json\/wp\/v2\/users\/33"}],"replies":[{"embeddable":true,"href":"https:\/\/blogs.gazetaesportiva.com\/planeta-octogono\/wp-json\/wp\/v2\/comments?post=20547"}],"version-history":[{"count":0,"href":"https:\/\/blogs.gazetaesportiva.com\/planeta-octogono\/wp-json\/wp\/v2\/posts\/20547\/revisions"}],"wp:featuredmedia":[{"embeddable":true,"href":"https:\/\/blogs.gazetaesportiva.com\/planeta-octogono\/wp-json\/wp\/v2\/media\/20549"}],"wp:attachment":[{"href":"https:\/\/blogs.gazetaesportiva.com\/planeta-octogono\/wp-json\/wp\/v2\/media?parent=20547"}],"wp:term":[{"taxonomy":"category","embeddable":true,"href":"https:\/\/blogs.gazetaesportiva.com\/planeta-octogono\/wp-json\/wp\/v2\/categories?post=20547"},{"taxonomy":"post_tag","embeddable":true,"href":"https:\/\/blogs.gazetaesportiva.com\/planeta-octogono\/wp-json\/wp\/v2\/tags?post=20547"}],"curies":[{"name":"wp","href":"https:\/\/api.w.org\/{rel}","templated":true}]}}