{"id":20539,"date":"2015-12-26T04:51:50","date_gmt":"2015-12-26T06:51:50","guid":{"rendered":"https:\/\/blogs.gazetaesportiva.com\/planeta-octogono\/?p=20539"},"modified":"2015-12-26T04:54:02","modified_gmt":"2015-12-26T06:54:02","slug":"representante-do-corinthians-no-rizin-bruno-cappelozza-mira-vitorias-em-gp-no-japao","status":"publish","type":"post","link":"https:\/\/blogs.gazetaesportiva.com\/planeta-octogono\/2015\/12\/26\/representante-do-corinthians-no-rizin-bruno-cappelozza-mira-vitorias-em-gp-no-japao\/","title":{"rendered":"Lutador do Corinthians no Rizin, Bruno Cappelozza mira vit\u00f3rias em GP no Jap\u00e3o"},"content":{"rendered":"<figure id=\"attachment_20533\" aria-describedby=\"caption-attachment-20533\" style=\"width: 533px\" class=\"wp-caption aligncenter\"><a href=\"https:\/\/blogs.gazetaesportiva.com\/planeta-octogono\/files\/2015\/12\/20151204_002.jpg\"><img loading=\"lazy\" decoding=\"async\" class=\"size-full wp-image-20533\" src=\"https:\/\/blogs.gazetaesportiva.com\/planeta-octogono\/files\/2015\/12\/20151204_002.jpg\" alt=\"Bruno Cappelozza representa o Brasil no GP do Rizin - Divulga\u00e7\u00e3o\" width=\"533\" height=\"800\" srcset=\"https:\/\/blogs.gazetaesportiva.com\/planeta-octogono\/files\/2015\/12\/20151204_002.jpg 533w, https:\/\/blogs.gazetaesportiva.com\/planeta-octogono\/files\/2015\/12\/20151204_002-200x300.jpg 200w\" sizes=\"auto, (max-width: 533px) 100vw, 533px\" \/><\/a><figcaption id=\"caption-attachment-20533\" class=\"wp-caption-text\"><em><strong>Bruno Cappelozza representa o Brasil no GP do Rizin &#8211; Divulga\u00e7\u00e3o<\/strong><\/em><\/figcaption><\/figure>\n<p>O blog conversou com o lutador Bruno Cappelozza, um dos representantes do evento brasileiro Jungle Fight na primeira edi\u00e7\u00e3o do Rizin Fighting Federation, novo evento japon\u00eas de MMA que acontece no dia 29 de dezembro.<\/p>\n<p>O lutador contou sobre sua expectativa de lutar no GP at\u00e9 100 kg realizado pela organiza\u00e7\u00e3o e como est\u00e1 sua prepara\u00e7\u00e3o para este desafio.<\/p>\n<p>Confiante em suas habilidades, o lutador que faz parte da academia de MMA do Corinthians, Bruno mant\u00e9m o foco e espera um combate agressivo contra o lituano Teodoras Aukustolis, seu oponente na primeira fase do GP.<\/p>\n<figure id=\"attachment_20541\" aria-describedby=\"caption-attachment-20541\" style=\"width: 800px\" class=\"wp-caption aligncenter\"><a href=\"https:\/\/blogs.gazetaesportiva.com\/planeta-octogono\/files\/2015\/12\/12307607_1003339906355194_9125703283906335329_o.jpg\"><img loading=\"lazy\" decoding=\"async\" class=\"wp-image-20541 size-full\" src=\"https:\/\/blogs.gazetaesportiva.com\/planeta-octogono\/files\/2015\/12\/12307607_1003339906355194_9125703283906335329_o.jpg\" alt=\"brunocappelozzacorinthians\" width=\"800\" height=\"533\" srcset=\"https:\/\/blogs.gazetaesportiva.com\/planeta-octogono\/files\/2015\/12\/12307607_1003339906355194_9125703283906335329_o.jpg 800w, https:\/\/blogs.gazetaesportiva.com\/planeta-octogono\/files\/2015\/12\/12307607_1003339906355194_9125703283906335329_o-300x200.jpg 300w, https:\/\/blogs.gazetaesportiva.com\/planeta-octogono\/files\/2015\/12\/12307607_1003339906355194_9125703283906335329_o-120x80.jpg 120w\" sizes=\"auto, (max-width: 800px) 100vw, 800px\" \/><\/a><figcaption id=\"caption-attachment-20541\" class=\"wp-caption-text\"><em><strong>Atleta do Corithians, Bruno Cappelozza enfrenta lituano no GP do Rizin &#8211; Divulga\u00e7\u00e3o<\/strong><\/em><\/figcaption><\/figure>\n<p style=\"text-align: center\"><strong><em>Veja o bate papo com Bruno Cappelozza:<\/em><\/strong><\/p>\n<p style=\"text-align: left\"><em>&#8220;Tenho 26 anos, sou da cidade de Ja\u00fa e comecei na luta com 7 anos de idade no karat\u00ea, jud\u00f4 e capoeira. Depois iniciei no Muay Thai at\u00e9 fazer minha estr\u00e9ia no MMA. Represento a equipe do Corinthians. Eu moro ali no Parque S\u00e3o Jorge e quero dar o meu melhor honrando minha academia e a todos que torcem por mim e que me ajudam.&#8221;<\/em><\/p>\n<p style=\"text-align: center\"><strong><em>Oportunidades no Jungle e sonho de lutar no Rizin&#8230;<\/em><\/strong><\/p>\n<p style=\"text-align: left\"><em>&#8220;Desde quando era pequeno eu assistia o PRIDE, onde via os meus maiores \u00eddolos lutarem. Para mim vai ser um sonho poder lutar no Jap\u00e3o. Fico muito feliz do Wallid ter me dado a oportunidade de lutar pelo cintur\u00e3o do Jungle Fight que abriu as portas para lutar no Rizin.<\/em><\/p>\n<p style=\"text-align: left\"><em>Eu fico muito lisonjeado por representar o meu pa\u00eds no Rizin. E tamb\u00e9m o Jungle. Ent\u00e3o estarei dando o meu melhor l\u00e1 dentro do ringue. \u00c9 uma grande oportunidade em minha vida e a primeira luta que fa\u00e7o fora do Brasil. Vou l\u00e1 para vencer.&#8221;\u00a0<\/em><\/p>\n<p><iframe loading=\"lazy\" title=\"Bruno Cappelozza x Curio\" width=\"640\" height=\"480\" src=\"https:\/\/www.youtube.com\/embed\/DEMT3hI8FUM?feature=oembed\" frameborder=\"0\" allow=\"accelerometer; autoplay; clipboard-write; encrypted-media; gyroscope; picture-in-picture; web-share\" referrerpolicy=\"strict-origin-when-cross-origin\" allowfullscreen><\/iframe><\/p>\n<p style=\"text-align: center\"><strong><em>Prepara\u00e7\u00e3o diferente para o GP&#8230;<\/em><\/strong><\/p>\n<p style=\"text-align: left\"><em>&#8220;Meu treinamento mudou. As regras do GP s\u00e3o diferentes de uma luta que fazia no Jungle. Com as regras do PRIDE mais o cotovelo. Mas a prepara\u00e7\u00e3o aqui no Corinthians est\u00e1 sendo muito boa.<\/em><\/p>\n<p style=\"text-align: left\"><em>Teremos muitos atletas bons neste GP e estou vindo muito preparado para enfrentar este atleta da Litu\u00e2nia. \u00c9 isso a\u00ed. Estou pronto para dar um show e fazer grandes lutas, porque estou pronto para qualquer um.&#8221;<\/em><\/p>\n<figure id=\"attachment_20531\" aria-describedby=\"caption-attachment-20531\" style=\"width: 800px\" class=\"wp-caption aligncenter\"><a href=\"https:\/\/blogs.gazetaesportiva.com\/planeta-octogono\/files\/2015\/12\/rizingp100kg.jpg\"><img loading=\"lazy\" decoding=\"async\" class=\"size-full wp-image-20531\" src=\"https:\/\/blogs.gazetaesportiva.com\/planeta-octogono\/files\/2015\/12\/rizingp100kg.jpg\" alt=\"GP ter\u00e1 brasileiro lutando por cintur\u00e3o - Divulga\u00e7\u00e3o\" width=\"800\" height=\"311\" srcset=\"https:\/\/blogs.gazetaesportiva.com\/planeta-octogono\/files\/2015\/12\/rizingp100kg.jpg 800w, https:\/\/blogs.gazetaesportiva.com\/planeta-octogono\/files\/2015\/12\/rizingp100kg-300x117.jpg 300w\" sizes=\"auto, (max-width: 800px) 100vw, 800px\" \/><\/a><figcaption id=\"caption-attachment-20531\" class=\"wp-caption-text\"><em><strong>GP ter\u00e1 brasileiro lutando por cintur\u00e3o &#8211; Divulga\u00e7\u00e3o<\/strong><\/em><\/figcaption><\/figure>\n","protected":false},"excerpt":{"rendered":"<p>O blog conversou com o lutador Bruno Cappelozza, um dos representantes do evento brasileiro Jungle Fight na primeira edi\u00e7\u00e3o do Rizin Fighting Federation, novo evento <a class=\"read-more\" href=\"https:\/\/blogs.gazetaesportiva.com\/planeta-octogono\/2015\/12\/26\/representante-do-corinthians-no-rizin-bruno-cappelozza-mira-vitorias-em-gp-no-japao\/\">leia mais<\/a><\/p>\n","protected":false},"author":33,"featured_media":20541,"comment_status":"open","ping_status":"open","sticky":false,"template":"","format":"standard","meta":{"jetpack_post_was_ever_published":false,"_jetpack_newsletter_access":"","_jetpack_dont_email_post_to_subs":false,"_jetpack_newsletter_tier_id":0,"_jetpack_memberships_contains_paywalled_content":false,"_jetpack_memberships_contains_paid_content":false,"footnotes":"","jetpack_publicize_message":"","jetpack_publicize_feature_enabled":true,"jetpack_social_post_already_shared":false,"jetpack_social_options":{"image_generator_settings":{"template":"highway","default_image_id":0,"font":"","enabled":false},"version":2}},"categories":[1],"tags":[1299,144,1303,51,1109,52],"class_list":["post-20539","post","type-post","status-publish","format-standard","has-post-thumbnail","hentry","category-principal","tag-bruno-cappelozza","tag-corinthians","tag-corinthians-mma","tag-jungle-fight","tag-rizin-fighting-federation","tag-wallid-ismail"],"jetpack_publicize_connections":[],"jetpack_featured_media_url":"https:\/\/blogs.gazetaesportiva.com\/planeta-octogono\/files\/2015\/12\/12307607_1003339906355194_9125703283906335329_o.jpg","jetpack_sharing_enabled":true,"jetpack_shortlink":"https:\/\/wp.me\/p6rqUQ-5lh","_links":{"self":[{"href":"https:\/\/blogs.gazetaesportiva.com\/planeta-octogono\/wp-json\/wp\/v2\/posts\/20539","targetHints":{"allow":["GET"]}}],"collection":[{"href":"https:\/\/blogs.gazetaesportiva.com\/planeta-octogono\/wp-json\/wp\/v2\/posts"}],"about":[{"href":"https:\/\/blogs.gazetaesportiva.com\/planeta-octogono\/wp-json\/wp\/v2\/types\/post"}],"author":[{"embeddable":true,"href":"https:\/\/blogs.gazetaesportiva.com\/planeta-octogono\/wp-json\/wp\/v2\/users\/33"}],"replies":[{"embeddable":true,"href":"https:\/\/blogs.gazetaesportiva.com\/planeta-octogono\/wp-json\/wp\/v2\/comments?post=20539"}],"version-history":[{"count":0,"href":"https:\/\/blogs.gazetaesportiva.com\/planeta-octogono\/wp-json\/wp\/v2\/posts\/20539\/revisions"}],"wp:featuredmedia":[{"embeddable":true,"href":"https:\/\/blogs.gazetaesportiva.com\/planeta-octogono\/wp-json\/wp\/v2\/media\/20541"}],"wp:attachment":[{"href":"https:\/\/blogs.gazetaesportiva.com\/planeta-octogono\/wp-json\/wp\/v2\/media?parent=20539"}],"wp:term":[{"taxonomy":"category","embeddable":true,"href":"https:\/\/blogs.gazetaesportiva.com\/planeta-octogono\/wp-json\/wp\/v2\/categories?post=20539"},{"taxonomy":"post_tag","embeddable":true,"href":"https:\/\/blogs.gazetaesportiva.com\/planeta-octogono\/wp-json\/wp\/v2\/tags?post=20539"}],"curies":[{"name":"wp","href":"https:\/\/api.w.org\/{rel}","templated":true}]}}