{"id":194,"date":"2012-08-29T01:30:27","date_gmt":"2012-08-29T04:30:27","guid":{"rendered":"https:\/\/blogs.gazetaesportiva.com\/planeta-octogono\/?p=194"},"modified":"2012-08-29T01:30:27","modified_gmt":"2012-08-29T04:30:27","slug":"japao-pode-receber-5-edicoes-do-ufc-em-2013","status":"publish","type":"post","link":"https:\/\/blogs.gazetaesportiva.com\/planeta-octogono\/2012\/08\/29\/japao-pode-receber-5-edicoes-do-ufc-em-2013\/","title":{"rendered":"Jap\u00e3o pode receber 5 edi\u00e7\u00f5es do UFC em 2013"},"content":{"rendered":"<figure id=\"attachment_195\" aria-describedby=\"caption-attachment-195\" style=\"width: 450px\" class=\"wp-caption aligncenter\"><a href=\"https:\/\/blogs.gazetaesportiva.com\/planeta-octogono\/files\/2012\/08\/UFC_144_Japan_Poster_large.jpg\"><img loading=\"lazy\" decoding=\"async\" class=\"size-full wp-image-195\" src=\"https:\/\/blogs.gazetaesportiva.com\/planeta-octogono\/files\/2012\/08\/UFC_144_Japan_Poster_large.jpg\" alt=\"\" width=\"450\" height=\"299\" \/><\/a><figcaption id=\"caption-attachment-195\" class=\"wp-caption-text\">Jap\u00e3o pode ter eventos menores do UFC - Divulga\u00e7\u00e3o UFC<\/figcaption><\/figure>\n<p>O Jap\u00e3o poder\u00e1 receber 5 edi\u00e7\u00f5es do UFC, em 2013.<\/p>\n<p>Segundo o site Nikkan Sports, al\u00e9m da edi\u00e7\u00e3o de mar\u00e7o (dia 3), o UFC estaria preparando uma s\u00e9rie de 4 eventos, na terra do sol nascente.<\/p>\n<p>Por\u00e9m, seriam eventos menores, chamados de &#8220;Japan Series&#8221; e teriam no m\u00e1ximo, capacidade para 5 mil pessoas.<\/p>\n<p>O UFC Jap\u00e3o 144, registrou 20 mil pessoas, no Saitama Super Arena, em fevereiro deste ano e 370 mil vendas de pay per view.<\/p>\n<p style=\"text-align: center\">\n<p style=\"text-align: center\"><strong><br \/>\n<\/strong><\/p>\n<p style=\"text-align: center\"><strong>Assista o trailer do evento em japones:<\/strong><\/p>\n<p style=\"text-align: center\"><strong>[yframe url=&#8217;http:\/\/www.youtube.com\/watch?v=WsJihB3Qyl0&#8242;] <\/strong><\/p>\n","protected":false},"excerpt":{"rendered":"<p>O Jap\u00e3o poder\u00e1 receber 5 edi\u00e7\u00f5es do UFC, em 2013. Segundo o site Nikkan Sports, al\u00e9m da edi\u00e7\u00e3o de mar\u00e7o (dia 3), o UFC estaria <a class=\"read-more\" href=\"https:\/\/blogs.gazetaesportiva.com\/planeta-octogono\/2012\/08\/29\/japao-pode-receber-5-edicoes-do-ufc-em-2013\/\">leia mais<\/a><\/p>\n","protected":false},"author":33,"featured_media":0,"comment_status":"open","ping_status":"open","sticky":false,"template":"","format":"standard","meta":{"jetpack_post_was_ever_published":false,"_jetpack_newsletter_access":"","_jetpack_dont_email_post_to_subs":false,"_jetpack_newsletter_tier_id":0,"_jetpack_memberships_contains_paywalled_content":false,"_jetpack_memberships_contains_paid_content":false,"footnotes":"","jetpack_publicize_message":"","jetpack_publicize_feature_enabled":true,"jetpack_social_post_already_shared":false,"jetpack_social_options":{"image_generator_settings":{"template":"highway","default_image_id":0,"font":"","enabled":false},"version":2}},"categories":[1],"tags":[],"class_list":["post-194","post","type-post","status-publish","format-standard","hentry","category-principal"],"jetpack_publicize_connections":[],"jetpack_featured_media_url":"","jetpack_sharing_enabled":true,"jetpack_shortlink":"https:\/\/wp.me\/p6rqUQ-38","_links":{"self":[{"href":"https:\/\/blogs.gazetaesportiva.com\/planeta-octogono\/wp-json\/wp\/v2\/posts\/194","targetHints":{"allow":["GET"]}}],"collection":[{"href":"https:\/\/blogs.gazetaesportiva.com\/planeta-octogono\/wp-json\/wp\/v2\/posts"}],"about":[{"href":"https:\/\/blogs.gazetaesportiva.com\/planeta-octogono\/wp-json\/wp\/v2\/types\/post"}],"author":[{"embeddable":true,"href":"https:\/\/blogs.gazetaesportiva.com\/planeta-octogono\/wp-json\/wp\/v2\/users\/33"}],"replies":[{"embeddable":true,"href":"https:\/\/blogs.gazetaesportiva.com\/planeta-octogono\/wp-json\/wp\/v2\/comments?post=194"}],"version-history":[{"count":0,"href":"https:\/\/blogs.gazetaesportiva.com\/planeta-octogono\/wp-json\/wp\/v2\/posts\/194\/revisions"}],"wp:attachment":[{"href":"https:\/\/blogs.gazetaesportiva.com\/planeta-octogono\/wp-json\/wp\/v2\/media?parent=194"}],"wp:term":[{"taxonomy":"category","embeddable":true,"href":"https:\/\/blogs.gazetaesportiva.com\/planeta-octogono\/wp-json\/wp\/v2\/categories?post=194"},{"taxonomy":"post_tag","embeddable":true,"href":"https:\/\/blogs.gazetaesportiva.com\/planeta-octogono\/wp-json\/wp\/v2\/tags?post=194"}],"curies":[{"name":"wp","href":"https:\/\/api.w.org\/{rel}","templated":true}]}}