{"id":186,"date":"2012-08-29T00:09:21","date_gmt":"2012-08-29T03:09:21","guid":{"rendered":"https:\/\/blogs.gazetaesportiva.com\/planeta-octogono\/?p=186"},"modified":"2012-08-29T06:15:12","modified_gmt":"2012-08-29T09:15:12","slug":"jaguariuna-realiza-evento-beneficiente-para-ajudar-mestre-de-karate-doente","status":"publish","type":"post","link":"https:\/\/blogs.gazetaesportiva.com\/planeta-octogono\/2012\/08\/29\/jaguariuna-realiza-evento-beneficiente-para-ajudar-mestre-de-karate-doente\/","title":{"rendered":"Jaguari\u00fana realiza evento beneficente, para ajudar mestre de Karat\u00ea doente"},"content":{"rendered":"<figure id=\"attachment_187\" aria-describedby=\"caption-attachment-187\" style=\"width: 321px\" class=\"wp-caption aligncenter\"><a href=\"https:\/\/blogs.gazetaesportiva.com\/planeta-octogono\/files\/2012\/08\/cartazcopa-caombe.jpg\"><img loading=\"lazy\" decoding=\"async\" class=\"size-full wp-image-187 \" src=\"https:\/\/blogs.gazetaesportiva.com\/planeta-octogono\/files\/2012\/08\/cartazcopa-caombe.jpg\" alt=\"\" width=\"321\" height=\"442\" \/><\/a><figcaption id=\"caption-attachment-187\" class=\"wp-caption-text\">Campeonato quer levantar recursos para tratamento de doen\u00e7a - Foto Divulga\u00e7\u00e3o - Prefeitura Jaguari\u00fana<\/figcaption><\/figure>\n<p>A cidade de Jaguari\u00fana, no interior de S\u00e3o Paulo, ir\u00e1 realizar a Copa Lacombe de Karat\u00ea, no dia 22 de setembro.<\/p>\n<p>Ap\u00f3s uma campanha nas redes sociais, a prefeitura da cidade, aceitou ajudar na realiza\u00e7\u00e3o do evento.<\/p>\n<p>O motivo, seria ajudar a levantar recursos para ajudar o Mestre Luis Lacombe, que sofreu um derrame, em junho deste ano.<\/p>\n<p>O evento quer convidar diversas associa\u00e7\u00f5es de v\u00e1rios estados e diferentes federa\u00e7\u00f5es, Sensei Lacombe, que no dia 10 de Junho de 2012 sofreu um derrame e perdeu cerca de 90% de ambas as vistas.<\/p>\n<p>Luis Ot\u00e1vio Aranha Lacombe (5\u00ba Dan) pode ser considerado um homem que ficou na hist\u00f3ria do Karat\u00ea brasileiro.<\/p>\n<p>Ex-t\u00e9cnico de Karate do Am\u00e9rica-RJ e do Vasco da Gama, com 10 t\u00edtulos brasileiros e 8 t\u00edtulos estaduais.<\/p>\n<p>Al\u00e9m de 15 vezes, Campe\u00e3o Panamericano e 5 vezes Campe\u00e3o Mundial em seus 16 anos como T\u00e9cnico da Sele\u00e7\u00e3o Brasileira (no geral foram, 1285 medalhas de ouro, 1242 medalhas de prata e 1465 medalhas de bronze), Lacombe \u00e9 com certeza o t\u00e9cnico brasileiro com maior n\u00famero de t\u00edtulos conquistados.<\/p>\n<p>Toda a sua trajet\u00f3ria \u00e9 marcada pelo trabalho esportivo e, principalmente, o apoio aos atletas, com a aquisi\u00e7\u00e3o de bolsas e, muitas vezes, do pr\u00f3prio bolso.<\/p>\n<p>\u00c9 esperada a presen\u00e7a do lutador do UFC, Lyoto Machida no evento. Mas ainda n\u00e3o foi confirmado pelos respons\u00e1veis do atleta.<\/p>\n<p>Para participar e fazer sua inscri\u00e7\u00e3o na Copa Lacombe de Karate:<\/p>\n<p>Fabricio (19) 9131-6805 \/ 8100-2573 \/ 9865-5252 ou <a href=\"mailto:simoesjaguar@gmail.com\">simoesjaguar@gmail.com<\/a><\/p>\n","protected":false},"excerpt":{"rendered":"<p>A cidade de Jaguari\u00fana, no interior de S\u00e3o Paulo, ir\u00e1 realizar a Copa Lacombe de Karat\u00ea, no dia 22 de setembro. Ap\u00f3s uma campanha nas <a class=\"read-more\" href=\"https:\/\/blogs.gazetaesportiva.com\/planeta-octogono\/2012\/08\/29\/jaguariuna-realiza-evento-beneficiente-para-ajudar-mestre-de-karate-doente\/\">leia mais<\/a><\/p>\n","protected":false},"author":33,"featured_media":187,"comment_status":"open","ping_status":"open","sticky":false,"template":"","format":"standard","meta":{"jetpack_post_was_ever_published":false,"_jetpack_newsletter_access":"","_jetpack_dont_email_post_to_subs":false,"_jetpack_newsletter_tier_id":0,"_jetpack_memberships_contains_paywalled_content":false,"_jetpack_memberships_contains_paid_content":false,"footnotes":"","jetpack_publicize_message":"","jetpack_publicize_feature_enabled":true,"jetpack_social_post_already_shared":false,"jetpack_social_options":{"image_generator_settings":{"template":"highway","default_image_id":0,"font":"","enabled":false},"version":2}},"categories":[1],"tags":[],"class_list":["post-186","post","type-post","status-publish","format-standard","has-post-thumbnail","hentry","category-principal"],"jetpack_publicize_connections":[],"jetpack_featured_media_url":"https:\/\/blogs.gazetaesportiva.com\/planeta-octogono\/files\/2012\/08\/cartazcopa-caombe.jpg","jetpack_sharing_enabled":true,"jetpack_shortlink":"https:\/\/wp.me\/p6rqUQ-30","_links":{"self":[{"href":"https:\/\/blogs.gazetaesportiva.com\/planeta-octogono\/wp-json\/wp\/v2\/posts\/186","targetHints":{"allow":["GET"]}}],"collection":[{"href":"https:\/\/blogs.gazetaesportiva.com\/planeta-octogono\/wp-json\/wp\/v2\/posts"}],"about":[{"href":"https:\/\/blogs.gazetaesportiva.com\/planeta-octogono\/wp-json\/wp\/v2\/types\/post"}],"author":[{"embeddable":true,"href":"https:\/\/blogs.gazetaesportiva.com\/planeta-octogono\/wp-json\/wp\/v2\/users\/33"}],"replies":[{"embeddable":true,"href":"https:\/\/blogs.gazetaesportiva.com\/planeta-octogono\/wp-json\/wp\/v2\/comments?post=186"}],"version-history":[{"count":0,"href":"https:\/\/blogs.gazetaesportiva.com\/planeta-octogono\/wp-json\/wp\/v2\/posts\/186\/revisions"}],"wp:featuredmedia":[{"embeddable":true,"href":"https:\/\/blogs.gazetaesportiva.com\/planeta-octogono\/wp-json\/wp\/v2\/media\/187"}],"wp:attachment":[{"href":"https:\/\/blogs.gazetaesportiva.com\/planeta-octogono\/wp-json\/wp\/v2\/media?parent=186"}],"wp:term":[{"taxonomy":"category","embeddable":true,"href":"https:\/\/blogs.gazetaesportiva.com\/planeta-octogono\/wp-json\/wp\/v2\/categories?post=186"},{"taxonomy":"post_tag","embeddable":true,"href":"https:\/\/blogs.gazetaesportiva.com\/planeta-octogono\/wp-json\/wp\/v2\/tags?post=186"}],"curies":[{"name":"wp","href":"https:\/\/api.w.org\/{rel}","templated":true}]}}