{"id":17643,"date":"2015-06-05T05:49:11","date_gmt":"2015-06-05T08:49:11","guid":{"rendered":"https:\/\/blogs.gazetaesportiva.com\/planeta-octogono\/?p=17643"},"modified":"2015-06-05T05:52:20","modified_gmt":"2015-06-05T08:52:20","slug":"disputando-o-cinturao-do-glory-rico-verhoeven-enfrenta-benjamin-adebuyi-nesta-sexta-feira-na-franca","status":"publish","type":"post","link":"https:\/\/blogs.gazetaesportiva.com\/planeta-octogono\/2015\/06\/05\/disputando-o-cinturao-do-glory-rico-verhoeven-enfrenta-benjamin-adebuyi-nesta-sexta-feira-na-franca\/","title":{"rendered":"Disputando o cintur\u00e3o do GLORY, Rico Verhoeven enfrenta Benjamin Adebuyi nesta sexta feira na Fran\u00e7a"},"content":{"rendered":"<figure id=\"attachment_17644\" aria-describedby=\"caption-attachment-17644\" style=\"width: 695px\" class=\"wp-caption aligncenter\"><a href=\"https:\/\/blogs.gazetaesportiva.com\/planeta-octogono\/files\/2015\/06\/x1XAhY9Qm7IHRocbmOReAyiOEOFV2JBEdroOkVlBZ34.jpg\"><img loading=\"lazy\" decoding=\"async\" class=\"size-full wp-image-17644\" alt=\"Verhoeven e Adebuyi se enfrentam nesta sexta feira - Divulga\u00e7\u00e3o\/James Law\" src=\"https:\/\/blogs.gazetaesportiva.com\/planeta-octogono\/files\/2015\/06\/x1XAhY9Qm7IHRocbmOReAyiOEOFV2JBEdroOkVlBZ34.jpg\" width=\"695\" height=\"462\" \/><\/a><figcaption id=\"caption-attachment-17644\" class=\"wp-caption-text\"><strong><em>Verhoeven e Adebuyi se enfrentam nesta sexta feira &#8211; Divulga\u00e7\u00e3o\/James Law<\/em><\/strong><\/figcaption><\/figure>\n<p>&nbsp;<\/p>\n<p>O maior evento de kickboxing do mundo, o GLORY realiza sua vig\u00e9sima segunda edi\u00e7\u00e3o na cidade de Lille, na Fran\u00e7a nesta sexta feira.<\/p>\n<p>Pela primeira vez organizando um evento no pa\u00eds, que possui uma cultura bastante apegada ao kickboxing, o evento ter\u00e1 a disputa de cintur\u00e3o peso pesado entre o atual campe\u00e3o, o holand\u00eas Rico Verhoeven que encara o desafiante Benjamin Adebuyi.<\/p>\n<p>Conhecido por grandes nocautes, Adebuyi que j\u00e1 foi parceiro de treinos do lutador do UFC, o sueco Alexander Gustafsson, estava com duelo marcado contra o brasileiro Anderson Braddock.<\/p>\n<p>Por\u00e9m, problemas no visto do atleta, impediram o lutador de enfrentar Braddock e a chance de lutar pelo t\u00edtulo foi concedida ao atleta romeno, que possui 3 vit\u00f3rias seguidas na organiza\u00e7\u00e3o.<\/p>\n<p>[yframe url=&#8217;www.youtube.com\/watch?v=CwPDY673jBI&#8217;]<\/p>\n<p>Ap\u00f3s vencer lendas como Gokhan Saki e Daniel Ghita, o atual campe\u00e3o Rico Verhoeven defende novamente seu t\u00edtulo contra Adebuyi querendo mostrar que evoluiu seu jogo.<\/p>\n<p>Treinando boa parte de sua prepara\u00e7\u00e3o nos Estados Unidos com os nocauteadores Anthony Johnson e o brasileiro Vitor Belfort na academia Blackzilians, Verhoeven quer conquistar o p\u00fablico com uma grande vit\u00f3ria sobre Adebuyi.<\/p>\n<p>[yframe url=&#8217;www.youtube.com\/watch?v=etgaybjK8FM&#8217;]<\/p>\n<p>O evento tamb\u00e9m possui um GP de pesos leves que vai definir o pr\u00f3ximo desafiante ao cintur\u00e3o do atual campe\u00e3o, o holand\u00eas Robin Van Roosmalen.<\/p>\n<p>Davit Kiria, Josh Jauncey,\u00a0Sittichai Sitsongpeenong e\u00a0Djime\u0301 Coulibaly participam do GP nesta sexta feira, que ser\u00e1 transmitido no Brasil pela TV esporte Interativo, a partir das 5 da tarde.<\/p>\n<p>&nbsp;<\/p>\n<figure id=\"attachment_17645\" aria-describedby=\"caption-attachment-17645\" style=\"width: 695px\" class=\"wp-caption aligncenter\"><a href=\"https:\/\/blogs.gazetaesportiva.com\/planeta-octogono\/files\/2015\/06\/rinknSFbOEweSMVAbdpA8laMsJJDruLP-sZgFP3frrM.jpg\"><img loading=\"lazy\" decoding=\"async\" class=\"size-full wp-image-17645\" alt=\"4 lutadores lutam em GP para definir novo desafiante ao cintur\u00e3o peso leve do GLORY - Divulga\u00e7\u00e3o\/James Law\" src=\"https:\/\/blogs.gazetaesportiva.com\/planeta-octogono\/files\/2015\/06\/rinknSFbOEweSMVAbdpA8laMsJJDruLP-sZgFP3frrM.jpg\" width=\"695\" height=\"462\" \/><\/a><figcaption id=\"caption-attachment-17645\" class=\"wp-caption-text\"><strong><em>4 lutadores lutam em GP para definir novo desafiante ao cintur\u00e3o peso leve do GLORY &#8211; Divulga\u00e7\u00e3o\/James Law<\/em><\/strong><\/figcaption><\/figure>\n<p style=\"text-align: center\"><strong><em>Veja o card do evento:<\/em><\/strong><\/p>\n<p style=\"text-align: center\"><strong><em>(C) Rico Verhoeven (257.7 lb \/ 116.9 kg) vs. Benjamin Adegbuyi (259.3 lb \/ 117.6 kg)<\/em><\/strong><br \/>\n<strong><em>Zack Mwekassa (209.2 lb \/ 94.9 kg) vs. Carlos Brooks (207.9 lb \/ 94.3 kg)<\/em><\/strong><br \/>\n<strong><em>Josh Jauncey (153 lb \/ 69.4 kg) vs. Djime\u0301 Coulibaly (152.6 lb \/ 69.2 kg)<\/em><\/strong><br \/>\n<strong><em>Davit Kiria (153.7 lb \/ 69.7 kg) vs. Sittichai Sitsongpeenong (153.2 lb \/ 69.5 kg)<\/em><\/strong><br \/>\n<strong><em>Freddy Kemayo (225.3 lb \/ 102.2 kg) vs. Jamal Ben Saddik (283.3 lb \/ 128.5 kg)<\/em><\/strong><br \/>\n<strong><em>Filip Verlinden (200.6 lb \/ 91 kg) vs. Mourad Bouzidi (209.2 lb \/ 94.9 kg)<\/em><\/strong><br \/>\n<strong><em>Ce\u0301dric Doumbe\u0301 (168.4 lb \/ 76.4 kg) vs. Yoann Kongolo (169.5 lb \/ 76.9 kg)<\/em><\/strong><br \/>\n<strong><em>Marat Grigorian (154.3 lb \/ 70 kg) vs. Serhiy Adamchuk** (TBD \/ TBD)<\/em><\/strong><br \/>\n<strong><em>Thomas Adamandopoulos (140 lb \/ 63.5 kg) vs. Shane Oblonsky (142.4 lb \/ 64.6 kg)<\/em><\/strong><\/p>\n","protected":false},"excerpt":{"rendered":"<p>&nbsp; O maior evento de kickboxing do mundo, o GLORY realiza sua vig\u00e9sima segunda edi\u00e7\u00e3o na cidade de Lille, na Fran\u00e7a nesta sexta feira. Pela <a class=\"read-more\" href=\"https:\/\/blogs.gazetaesportiva.com\/planeta-octogono\/2015\/06\/05\/disputando-o-cinturao-do-glory-rico-verhoeven-enfrenta-benjamin-adebuyi-nesta-sexta-feira-na-franca\/\">leia mais<\/a><\/p>\n","protected":false},"author":33,"featured_media":17645,"comment_status":"open","ping_status":"open","sticky":false,"template":"","format":"standard","meta":{"jetpack_post_was_ever_published":false,"_jetpack_newsletter_access":"","_jetpack_dont_email_post_to_subs":false,"_jetpack_newsletter_tier_id":0,"_jetpack_memberships_contains_paywalled_content":false,"_jetpack_memberships_contains_paid_content":false,"footnotes":"","jetpack_publicize_message":"","jetpack_publicize_feature_enabled":true,"jetpack_social_post_already_shared":false,"jetpack_social_options":{"image_generator_settings":{"template":"highway","default_image_id":0,"font":"","enabled":false},"version":2}},"categories":[1],"tags":[494,755,662,886,94],"class_list":["post-17643","post","type-post","status-publish","format-standard","has-post-thumbnail","hentry","category-principal","tag-anderson-braddock","tag-benjamin-adebuyi","tag-davit-kiria","tag-glory-22","tag-rico-verhoeven"],"jetpack_publicize_connections":[],"jetpack_featured_media_url":"https:\/\/blogs.gazetaesportiva.com\/planeta-octogono\/files\/2015\/06\/rinknSFbOEweSMVAbdpA8laMsJJDruLP-sZgFP3frrM.jpg","jetpack_sharing_enabled":true,"jetpack_shortlink":"https:\/\/wp.me\/p6rqUQ-4Az","_links":{"self":[{"href":"https:\/\/blogs.gazetaesportiva.com\/planeta-octogono\/wp-json\/wp\/v2\/posts\/17643","targetHints":{"allow":["GET"]}}],"collection":[{"href":"https:\/\/blogs.gazetaesportiva.com\/planeta-octogono\/wp-json\/wp\/v2\/posts"}],"about":[{"href":"https:\/\/blogs.gazetaesportiva.com\/planeta-octogono\/wp-json\/wp\/v2\/types\/post"}],"author":[{"embeddable":true,"href":"https:\/\/blogs.gazetaesportiva.com\/planeta-octogono\/wp-json\/wp\/v2\/users\/33"}],"replies":[{"embeddable":true,"href":"https:\/\/blogs.gazetaesportiva.com\/planeta-octogono\/wp-json\/wp\/v2\/comments?post=17643"}],"version-history":[{"count":0,"href":"https:\/\/blogs.gazetaesportiva.com\/planeta-octogono\/wp-json\/wp\/v2\/posts\/17643\/revisions"}],"wp:featuredmedia":[{"embeddable":true,"href":"https:\/\/blogs.gazetaesportiva.com\/planeta-octogono\/wp-json\/wp\/v2\/media\/17645"}],"wp:attachment":[{"href":"https:\/\/blogs.gazetaesportiva.com\/planeta-octogono\/wp-json\/wp\/v2\/media?parent=17643"}],"wp:term":[{"taxonomy":"category","embeddable":true,"href":"https:\/\/blogs.gazetaesportiva.com\/planeta-octogono\/wp-json\/wp\/v2\/categories?post=17643"},{"taxonomy":"post_tag","embeddable":true,"href":"https:\/\/blogs.gazetaesportiva.com\/planeta-octogono\/wp-json\/wp\/v2\/tags?post=17643"}],"curies":[{"name":"wp","href":"https:\/\/api.w.org\/{rel}","templated":true}]}}