{"id":17626,"date":"2015-06-03T03:22:12","date_gmt":"2015-06-03T06:22:12","guid":{"rendered":"https:\/\/blogs.gazetaesportiva.com\/planeta-octogono\/?p=17626"},"modified":"2015-06-03T03:22:49","modified_gmt":"2015-06-03T06:22:49","slug":"aspera-fc-anuncia-transmissao-de-eventos-na-tv-e-data-de-primeiro-evento-em-sao-paulo","status":"publish","type":"post","link":"https:\/\/blogs.gazetaesportiva.com\/planeta-octogono\/2015\/06\/03\/aspera-fc-anuncia-transmissao-de-eventos-na-tv-e-data-de-primeiro-evento-em-sao-paulo\/","title":{"rendered":"Aspera FC anuncia transmiss\u00e3o de eventos na TV e data de primeira edi\u00e7\u00e3o em S\u00e3o Paulo"},"content":{"rendered":"<figure id=\"attachment_17245\" aria-describedby=\"caption-attachment-17245\" style=\"width: 695px\" class=\"wp-caption aligncenter\"><a href=\"https:\/\/blogs.gazetaesportiva.com\/planeta-octogono\/files\/2015\/05\/asperafc.png\"><img loading=\"lazy\" decoding=\"async\" class=\"size-full wp-image-17245\" alt=\"Aspera anuncia data de primeiro evento em S\u00e3o Paulo - Divulga\u00e7\u00e3o\" src=\"https:\/\/blogs.gazetaesportiva.com\/planeta-octogono\/files\/2015\/05\/asperafc.png\" width=\"695\" height=\"254\" \/><\/a><figcaption id=\"caption-attachment-17245\" class=\"wp-caption-text\"><strong><em>Aspera anuncia data de primeiro evento em S\u00e3o Paulo &#8211; Divulga\u00e7\u00e3o<\/em><\/strong><\/figcaption><\/figure>\n<p>&nbsp;<\/p>\n<p>O Aspera FC deu mais um importante passo na tentativa de se tornar a maior organiza\u00e7\u00e3o do MMA brasileiro. Depois da fus\u00e3o com o evento paulista Big Fight Nights, o Aspera FC anuncia parceria de transmiss\u00e3o ao vivo com o canal Esporte Interativo.<\/p>\n<p>O primeiro evento a ser exibido pelo Esporte Interativo ser\u00e1 o Aspera FC 21, no dia 26 de junho, que ser\u00e1 disputado no Sal\u00e3o Social do Clube Esperia, em S\u00e3o Paulo.<\/p>\n<p>O Esporte Interativo \u00e9 atualmente o mais importante canal de lutas do Brasil, com direitos de transmiss\u00e3o de diversos eventos nacionais e internacionais. Como se trata de um canal aberto em algumas localidades do pa\u00eds, al\u00e9m estar em v\u00e1rias das principais operadoras de TV por assinatura e de ter transmiss\u00e3o ao vivo tamb\u00e9m pela internet, o Esporte Interativo tem um alcance territorial enorme, podendo levar as emo\u00e7\u00f5es dos \u00f3timos cards do Aspera FC para os quatro cantos do Brasil.<\/p>\n<p>Presidente do Aspera FC, Marcelo Brigadeiro se mostrou bastante empolgado com a nova parceria.<\/p>\n<p>\u201cEu vejo esse contrato com o Esporte Interativo como uma via de m\u00e3o dupla. O canal ganha mais um conte\u00fado de qualidade, um evento emergente que melhora a cada edi\u00e7\u00e3o, produzido por pessoas s\u00e9rias e que hoje \u00e9 o evento com a maior frequ\u00eancia de edi\u00e7\u00f5es do Brasil e uma das maiores frequ\u00eancias do mundo. Em compensa\u00e7\u00e3o, o Aspera FC ganha uma plataforma de divulga\u00e7\u00e3o enorme, seja na TV ou na internet, que vai ajudar a expandir ainda mais a marca e levar as ideias do Aspera FC que eu e o Lucas temos para o Brasil e o mundo inteiro.\u201d<\/p>\n<p>Vice-presidente geral e matchmaker das edi\u00e7\u00f5es paulistas do Aspera FC, Lucas Lutkus \u00e9 consonante com Brigadeiro e tamb\u00e9m nutre altas expectativas sobre o acordo com o Esporte Interativo.<\/p>\n<p>\u201cSem d\u00favidas a parceria com o Esporte Interativo \u00e9 algo onde todos saem ganhando. O Aspera FC ganha notoriedade e ser\u00e1 exibido em milh\u00f5es de lares ao redor do Brasil; os atletas ganham uma oportunidade \u00fanica de exposi\u00e7\u00e3o, no maior canal esportivo do pa\u00eds; e o canal recebe mais um dos melhores eventos nacionais, o evento com mais edi\u00e7\u00f5es programadas no ano dentro do Brasil. Ser\u00e3o 15 de nossas edi\u00e7\u00f5es daqui at\u00e9 o fim do ano na tela do Esporte Interativo e n\u00e3o tenho d\u00favidas de que faremos hist\u00f3ria juntos nos pr\u00f3ximos anos!\u201d<\/p>\n<p>O Aspera FC tem programado mais 16 edi\u00e7\u00f5es para 2015. As quatro pr\u00f3ximas j\u00e1 t\u00eam data, local e alguns combates definidos. O Aspera FC 20 acontecer\u00e1 no dia 6 de junho, na cidade de Navegantes (SC). Estreando fora da regi\u00e3o Sul, o Aspera FC 21 vai a S\u00e3o Paulo, no dia 26 de junho, no Sal\u00e3o Social do tradicional Clube Esperia, enquanto o Aspera FC 22 desembarca na cidade de Cocal do Sul, no sul catarinense.<\/p>\n","protected":false},"excerpt":{"rendered":"<p>&nbsp; O Aspera FC deu mais um importante passo na tentativa de se tornar a maior organiza\u00e7\u00e3o do MMA brasileiro. Depois da fus\u00e3o com o <a class=\"read-more\" href=\"https:\/\/blogs.gazetaesportiva.com\/planeta-octogono\/2015\/06\/03\/aspera-fc-anuncia-transmissao-de-eventos-na-tv-e-data-de-primeiro-evento-em-sao-paulo\/\">leia mais<\/a><\/p>\n","protected":false},"author":33,"featured_media":0,"comment_status":"open","ping_status":"open","sticky":false,"template":"","format":"standard","meta":{"jetpack_post_was_ever_published":false,"_jetpack_newsletter_access":"","_jetpack_dont_email_post_to_subs":false,"_jetpack_newsletter_tier_id":0,"_jetpack_memberships_contains_paywalled_content":false,"_jetpack_memberships_contains_paid_content":false,"footnotes":"","jetpack_publicize_message":"","jetpack_publicize_feature_enabled":true,"jetpack_social_post_already_shared":false,"jetpack_social_options":{"image_generator_settings":{"template":"highway","default_image_id":0,"font":"","enabled":false},"version":2}},"categories":[1],"tags":[702,377,674],"class_list":["post-17626","post","type-post","status-publish","format-standard","hentry","category-principal","tag-aspera-fc","tag-lucas-lutkus","tag-marcelo-brigadeiro"],"jetpack_publicize_connections":[],"jetpack_featured_media_url":"","jetpack_sharing_enabled":true,"jetpack_shortlink":"https:\/\/wp.me\/p6rqUQ-4Ai","_links":{"self":[{"href":"https:\/\/blogs.gazetaesportiva.com\/planeta-octogono\/wp-json\/wp\/v2\/posts\/17626","targetHints":{"allow":["GET"]}}],"collection":[{"href":"https:\/\/blogs.gazetaesportiva.com\/planeta-octogono\/wp-json\/wp\/v2\/posts"}],"about":[{"href":"https:\/\/blogs.gazetaesportiva.com\/planeta-octogono\/wp-json\/wp\/v2\/types\/post"}],"author":[{"embeddable":true,"href":"https:\/\/blogs.gazetaesportiva.com\/planeta-octogono\/wp-json\/wp\/v2\/users\/33"}],"replies":[{"embeddable":true,"href":"https:\/\/blogs.gazetaesportiva.com\/planeta-octogono\/wp-json\/wp\/v2\/comments?post=17626"}],"version-history":[{"count":0,"href":"https:\/\/blogs.gazetaesportiva.com\/planeta-octogono\/wp-json\/wp\/v2\/posts\/17626\/revisions"}],"wp:attachment":[{"href":"https:\/\/blogs.gazetaesportiva.com\/planeta-octogono\/wp-json\/wp\/v2\/media?parent=17626"}],"wp:term":[{"taxonomy":"category","embeddable":true,"href":"https:\/\/blogs.gazetaesportiva.com\/planeta-octogono\/wp-json\/wp\/v2\/categories?post=17626"},{"taxonomy":"post_tag","embeddable":true,"href":"https:\/\/blogs.gazetaesportiva.com\/planeta-octogono\/wp-json\/wp\/v2\/tags?post=17626"}],"curies":[{"name":"wp","href":"https:\/\/api.w.org\/{rel}","templated":true}]}}