{"id":17516,"date":"2015-05-26T19:17:43","date_gmt":"2015-05-26T22:17:43","guid":{"rendered":"https:\/\/blogs.gazetaesportiva.com\/planeta-octogono\/?p=17516"},"modified":"2015-05-26T19:17:43","modified_gmt":"2015-05-26T22:17:43","slug":"campeao-do-bellator-patricio-pitbull-lanca-videos-de-preparacao-para-disputa-de-cinturao","status":"publish","type":"post","link":"https:\/\/blogs.gazetaesportiva.com\/planeta-octogono\/2015\/05\/26\/campeao-do-bellator-patricio-pitbull-lanca-videos-de-preparacao-para-disputa-de-cinturao\/","title":{"rendered":"Campe\u00e3o do Bellator, Patr\u00edcio Pitbull lan\u00e7a v\u00eddeos de prepara\u00e7\u00e3o para disputa de cintur\u00e3o"},"content":{"rendered":"<figure id=\"attachment_16122\" aria-describedby=\"caption-attachment-16122\" style=\"width: 600px\" class=\"wp-caption aligncenter\"><a href=\"https:\/\/blogs.gazetaesportiva.com\/planeta-octogono\/files\/2015\/01\/bellator132.jpg\"><img loading=\"lazy\" decoding=\"async\" class=\"size-full wp-image-16122\" alt=\"Patr\u00edcio Pitbull divulga bastidores de prepara\u00e7\u00e3o para nova defesa de cintur\u00e3o - Divulga\u00e7\u00e3o\" src=\"https:\/\/blogs.gazetaesportiva.com\/planeta-octogono\/files\/2015\/01\/bellator132.jpg\" width=\"600\" height=\"600\" \/><\/a><figcaption id=\"caption-attachment-16122\" class=\"wp-caption-text\"><strong><em>Patr\u00edcio Pitbull divulga bastidores de prepara\u00e7\u00e3o para nova defesa de cintur\u00e3o &#8211; Divulga\u00e7\u00e3o<\/em><\/strong><\/figcaption><\/figure>\n<p>&nbsp;<\/p>\n<p>Os f\u00e3s do atual campe\u00e3o peso pena do Bellator, Patr\u00edcio Pitbull ganharam um presente especial.<\/p>\n<p>Em ritmo intenso para realizar sua segunda defesa de cintur\u00e3o no Bellator, Patr\u00edcio Pitbull resolveu dividir com os f\u00e3s a sua reta final de prepara\u00e7\u00e3o. O potiguar luta no dia 19 de junho, contra o alem\u00e3o Daniel Weichel, no Scottrade Center, em St. Louis (EUA), e vai mostrar detalhes do seu treinamento em um reality show na internet.<\/p>\n<p>De acordo com Patr\u00edcio, a ideia surgiu para aproximar a rela\u00e7\u00e3o com os f\u00e3s do mundo todo. \u201cO Bellator tem f\u00e3s em todas as partes do planeta. Ent\u00e3o, \u00e9 uma forma de estar sempre pr\u00f3ximo do nosso p\u00fablico. Vou mostrar como \u00e9 dura a nossa prepara\u00e7\u00e3o para manter esse cintur\u00e3o do peso-pena no Brasil\u201d, destaca o campe\u00e3o mundial.<\/p>\n<p>No primeiro epis\u00f3dio da s\u00e9rie, que ser\u00e1 exibida todas as segundas e quintas no canal da Pitbull Brothers no Youtube, Pitbull mostra o seu treino de boxe com o canadense Conal MacPhee. \u201cA gente trouxe ele para ajudar nessa reta final de prepara\u00e7\u00e3o. \u00c9 um grande treinador de boxe, que sabe trabalhar da forma que eu preciso. Eu sou um cara pequeno, que preciso abrir o \u00e2ngulo e ele est\u00e1 fazendo justamente esse trabalho\u201d, destaca.<\/p>\n<p>MacPhee mostrou empolga\u00e7\u00e3o com a prepara\u00e7\u00e3o do campe\u00e3o do Bellator. \u201cEstou chamando ele de Patr\u00edcio Pitbull Tyson. Os f\u00e3s de luta, f\u00e3s de MMA e f\u00e3s de boxe na Am\u00e9rica todos conhecem o Patr\u00edcio. Ele tem um grande boxe\u201d, destacou.<\/p>\n<p>[yframe url=&#8217;www.youtube.com\/watch?v=HzbL7nrfmRk&#8217;]<\/p>\n","protected":false},"excerpt":{"rendered":"<p>&nbsp; Os f\u00e3s do atual campe\u00e3o peso pena do Bellator, Patr\u00edcio Pitbull ganharam um presente especial. Em ritmo intenso para realizar sua segunda defesa de <a class=\"read-more\" href=\"https:\/\/blogs.gazetaesportiva.com\/planeta-octogono\/2015\/05\/26\/campeao-do-bellator-patricio-pitbull-lanca-videos-de-preparacao-para-disputa-de-cinturao\/\">leia mais<\/a><\/p>\n","protected":false},"author":33,"featured_media":0,"comment_status":"open","ping_status":"open","sticky":false,"template":"","format":"standard","meta":{"jetpack_post_was_ever_published":false,"_jetpack_newsletter_access":"","_jetpack_dont_email_post_to_subs":false,"_jetpack_newsletter_tier_id":0,"_jetpack_memberships_contains_paywalled_content":false,"_jetpack_memberships_contains_paid_content":false,"footnotes":"","jetpack_publicize_message":"","jetpack_publicize_feature_enabled":true,"jetpack_social_post_already_shared":false,"jetpack_social_options":{"image_generator_settings":{"template":"highway","default_image_id":0,"font":"","enabled":false},"version":2}},"categories":[1],"tags":[39,918,659],"class_list":["post-17516","post","type-post","status-publish","format-standard","hentry","category-principal","tag-bellator","tag-daniel-weichel","tag-patricio-pitbull"],"jetpack_publicize_connections":[],"jetpack_featured_media_url":"","jetpack_sharing_enabled":true,"jetpack_shortlink":"https:\/\/wp.me\/p6rqUQ-4yw","_links":{"self":[{"href":"https:\/\/blogs.gazetaesportiva.com\/planeta-octogono\/wp-json\/wp\/v2\/posts\/17516","targetHints":{"allow":["GET"]}}],"collection":[{"href":"https:\/\/blogs.gazetaesportiva.com\/planeta-octogono\/wp-json\/wp\/v2\/posts"}],"about":[{"href":"https:\/\/blogs.gazetaesportiva.com\/planeta-octogono\/wp-json\/wp\/v2\/types\/post"}],"author":[{"embeddable":true,"href":"https:\/\/blogs.gazetaesportiva.com\/planeta-octogono\/wp-json\/wp\/v2\/users\/33"}],"replies":[{"embeddable":true,"href":"https:\/\/blogs.gazetaesportiva.com\/planeta-octogono\/wp-json\/wp\/v2\/comments?post=17516"}],"version-history":[{"count":0,"href":"https:\/\/blogs.gazetaesportiva.com\/planeta-octogono\/wp-json\/wp\/v2\/posts\/17516\/revisions"}],"wp:attachment":[{"href":"https:\/\/blogs.gazetaesportiva.com\/planeta-octogono\/wp-json\/wp\/v2\/media?parent=17516"}],"wp:term":[{"taxonomy":"category","embeddable":true,"href":"https:\/\/blogs.gazetaesportiva.com\/planeta-octogono\/wp-json\/wp\/v2\/categories?post=17516"},{"taxonomy":"post_tag","embeddable":true,"href":"https:\/\/blogs.gazetaesportiva.com\/planeta-octogono\/wp-json\/wp\/v2\/tags?post=17516"}],"curies":[{"name":"wp","href":"https:\/\/api.w.org\/{rel}","templated":true}]}}