{"id":17510,"date":"2015-05-25T20:08:41","date_gmt":"2015-05-25T23:08:41","guid":{"rendered":"https:\/\/blogs.gazetaesportiva.com\/planeta-octogono\/?p=17510"},"modified":"2015-05-26T19:18:11","modified_gmt":"2015-05-26T22:18:11","slug":"prefeitura-de-manaus-anuncia-edicao-do-ufc-em-2016-mas-ultimate-nega-encontro-informal","status":"publish","type":"post","link":"https:\/\/blogs.gazetaesportiva.com\/planeta-octogono\/2015\/05\/25\/prefeitura-de-manaus-anuncia-edicao-do-ufc-em-2016-mas-ultimate-nega-encontro-informal\/","title":{"rendered":"Prefeitura de Manaus anuncia edi\u00e7\u00e3o do UFC em 2016 mas Ultimate nega: Encontro informal!"},"content":{"rendered":"<figure id=\"attachment_17511\" aria-describedby=\"caption-attachment-17511\" style=\"width: 695px\" class=\"wp-caption aligncenter\"><a href=\"https:\/\/blogs.gazetaesportiva.com\/planeta-octogono\/files\/2015\/05\/ufcmanaus.jpg\"><img loading=\"lazy\" decoding=\"async\" class=\"size-full wp-image-17511\" alt=\"Prefeito de Manaus, Arthur Neto teve encontro com Lorenzo Fertitta e acompanhou o UFC 187 - Reprodu\u00e7\u00e3o Facebook\" src=\"https:\/\/blogs.gazetaesportiva.com\/planeta-octogono\/files\/2015\/05\/ufcmanaus.jpg\" width=\"695\" height=\"463\" \/><\/a><figcaption id=\"caption-attachment-17511\" class=\"wp-caption-text\"><strong><em>Prefeito de Manaus, Arthur Neto teve encontro com Lorenzo Fertitta e acompanhou o UFC 187 &#8211; Reprodu\u00e7\u00e3o Facebook\/Divulga\u00e7\u00e3o Seecom<\/em><\/strong><\/figcaption><\/figure>\n<p>&nbsp;<\/p>\n<p>O UFC pode estar mais pr\u00f3ximo de realizar uma edi\u00e7\u00e3o em Manaus, capital amazonense.<\/p>\n<p>Segundo um comunicado enviado a imprensa pela assessoria de imprensa da Prefeitura de Manaus, a cidade estar\u00e1 recebendo a organiza\u00e7\u00e3o em 2016.<\/p>\n<p>&#8220;A c\u00fapula diretora do Ultimate Fighting Championship (UFC) deu sinal verde para que Manaus receba um evento no primeiro semestre de 2016.<\/p>\n<p>Quem confirmou que a log\u00edstica come\u00e7ar\u00e1 a ser montada foi o CEO da organiza\u00e7\u00e3o, Lorenzo Fertitta, que na noite desta sexta-feira teve uma reuni\u00e3o com o prefeito Arthur Virg\u00edlio Neto. O encontro aconteceu na sede da Zuffa, detentora do UFC, em Las Vegas, nos Estados Unidos.<\/p>\n<p>O presidente do UFC no Brasil, Giovani Decker, que tamb\u00e9m participou da reuni\u00e3o, repassar\u00e1 o caderno de encargos e exig\u00eancias \u00e0 Prefeitura de Manaus e \u00e0 empresa de marketing 9ine dentro de 30 dias. Todos os custos ficar\u00e3o a cargo da 9ine, representada na reuni\u00e3o pelo diretor de atletas da empresa, Marco Serralheiro, e n\u00e3o haver\u00e1 recursos p\u00fablicos envolvidos na opera\u00e7\u00e3o.&#8221; segundo comunicado divulgado nas redes sociais.<\/p>\n<p>Por\u00e9m em resposta ao site Globo Esporte, o UFC negou que existe uma confirma\u00e7\u00e3o.<\/p>\n<p>&#8220;Gostar\u00edamos de informar que tivemos um encontro informal com representantes da Prefeitura de Manaus esta semana, em Las Vegas, no qual eles apresentaram a inten\u00e7\u00e3o de levar o evento para a cidade. Foi uma reuni\u00e3o ainda prim\u00e1ria. Nenhuma decis\u00e3o foi tomada e n\u00e3o temos defini\u00e7\u00f5es sobre o assunto.&#8221; disse a assessoria do evento.<\/p>\n<p>Manaus \u00e9 uma das cidades que mais revela talentos para o MMA. Nomes como Jos\u00e9 Aldo, Ronaldo Jacar\u00e9, Diego Brand\u00e3o, Adriano Martins, Ant\u00f4nio Braga Neto (lutadores do UFC) e Bibiano Fernandes (campe\u00e3o peso galo do ONE Championship) sa\u00edram da cidade e ganharam proje\u00e7\u00e3o internacional.<\/p>\n<figure id=\"attachment_17070\" aria-describedby=\"caption-attachment-17070\" style=\"width: 695px\" class=\"wp-caption aligncenter\"><a href=\"https:\/\/blogs.gazetaesportiva.com\/planeta-octogono\/files\/2015\/04\/ufcfox15-7.jpg\"><img loading=\"lazy\" decoding=\"async\" class=\"size-full wp-image-17070\" alt=\"Ronaldo Jacar\u00e9 \u00e9 um dos lutadores que nasceram na cidade - Divulga\u00e7\u00e3o\" src=\"https:\/\/blogs.gazetaesportiva.com\/planeta-octogono\/files\/2015\/04\/ufcfox15-7.jpg\" width=\"695\" height=\"463\" \/><\/a><figcaption id=\"caption-attachment-17070\" class=\"wp-caption-text\"><strong><em>Ronaldo Jacar\u00e9 \u00e9 um dos lutadores que nasceram na cidade &#8211; Divulga\u00e7\u00e3o<\/em><\/strong><\/figcaption><\/figure>\n","protected":false},"excerpt":{"rendered":"<p>&nbsp; O UFC pode estar mais pr\u00f3ximo de realizar uma edi\u00e7\u00e3o em Manaus, capital amazonense. Segundo um comunicado enviado a imprensa pela assessoria de imprensa <a class=\"read-more\" href=\"https:\/\/blogs.gazetaesportiva.com\/planeta-octogono\/2015\/05\/25\/prefeitura-de-manaus-anuncia-edicao-do-ufc-em-2016-mas-ultimate-nega-encontro-informal\/\">leia mais<\/a><\/p>\n","protected":false},"author":33,"featured_media":17511,"comment_status":"open","ping_status":"open","sticky":false,"template":"","format":"standard","meta":{"jetpack_post_was_ever_published":false,"_jetpack_newsletter_access":"","_jetpack_dont_email_post_to_subs":false,"_jetpack_newsletter_tier_id":0,"_jetpack_memberships_contains_paywalled_content":false,"_jetpack_memberships_contains_paid_content":false,"footnotes":"","jetpack_publicize_message":"","jetpack_publicize_feature_enabled":true,"jetpack_social_post_already_shared":false,"jetpack_social_options":{"image_generator_settings":{"template":"highway","default_image_id":0,"font":"","enabled":false},"version":2}},"categories":[1],"tags":[12,917,387,41],"class_list":["post-17510","post","type-post","status-publish","format-standard","has-post-thumbnail","hentry","category-principal","tag-jose-aldo","tag-manaus","tag-ronaldo-jacare","tag-ufc"],"jetpack_publicize_connections":[],"jetpack_featured_media_url":"https:\/\/blogs.gazetaesportiva.com\/planeta-octogono\/files\/2015\/05\/ufcmanaus.jpg","jetpack_sharing_enabled":true,"jetpack_shortlink":"https:\/\/wp.me\/p6rqUQ-4yq","_links":{"self":[{"href":"https:\/\/blogs.gazetaesportiva.com\/planeta-octogono\/wp-json\/wp\/v2\/posts\/17510","targetHints":{"allow":["GET"]}}],"collection":[{"href":"https:\/\/blogs.gazetaesportiva.com\/planeta-octogono\/wp-json\/wp\/v2\/posts"}],"about":[{"href":"https:\/\/blogs.gazetaesportiva.com\/planeta-octogono\/wp-json\/wp\/v2\/types\/post"}],"author":[{"embeddable":true,"href":"https:\/\/blogs.gazetaesportiva.com\/planeta-octogono\/wp-json\/wp\/v2\/users\/33"}],"replies":[{"embeddable":true,"href":"https:\/\/blogs.gazetaesportiva.com\/planeta-octogono\/wp-json\/wp\/v2\/comments?post=17510"}],"version-history":[{"count":0,"href":"https:\/\/blogs.gazetaesportiva.com\/planeta-octogono\/wp-json\/wp\/v2\/posts\/17510\/revisions"}],"wp:featuredmedia":[{"embeddable":true,"href":"https:\/\/blogs.gazetaesportiva.com\/planeta-octogono\/wp-json\/wp\/v2\/media\/17511"}],"wp:attachment":[{"href":"https:\/\/blogs.gazetaesportiva.com\/planeta-octogono\/wp-json\/wp\/v2\/media?parent=17510"}],"wp:term":[{"taxonomy":"category","embeddable":true,"href":"https:\/\/blogs.gazetaesportiva.com\/planeta-octogono\/wp-json\/wp\/v2\/categories?post=17510"},{"taxonomy":"post_tag","embeddable":true,"href":"https:\/\/blogs.gazetaesportiva.com\/planeta-octogono\/wp-json\/wp\/v2\/tags?post=17510"}],"curies":[{"name":"wp","href":"https:\/\/api.w.org\/{rel}","templated":true}]}}