{"id":17293,"date":"2015-05-08T05:32:52","date_gmt":"2015-05-08T08:32:52","guid":{"rendered":"https:\/\/blogs.gazetaesportiva.com\/planeta-octogono\/?p=17293"},"modified":"2015-05-08T05:32:52","modified_gmt":"2015-05-08T08:32:52","slug":"oponente-de-braddock-sai-do-card-e-disputa-cinturao-contra-rico-verhoeven-na-franca-em-junho","status":"publish","type":"post","link":"https:\/\/blogs.gazetaesportiva.com\/planeta-octogono\/2015\/05\/08\/oponente-de-braddock-sai-do-card-e-disputa-cinturao-contra-rico-verhoeven-na-franca-em-junho\/","title":{"rendered":"Oponente de Braddock sai do card e disputa cintur\u00e3o contra Rico Verhoeven na Fran\u00e7a em junho"},"content":{"rendered":"<figure id=\"attachment_17294\" aria-describedby=\"caption-attachment-17294\" style=\"width: 570px\" class=\"wp-caption aligncenter\"><a href=\"https:\/\/blogs.gazetaesportiva.com\/planeta-octogono\/files\/2015\/05\/glory22-2.jpg\"><img loading=\"lazy\" decoding=\"async\" class=\"size-full wp-image-17294\" alt=\"Verhoeven tem oponente definido - Divulga\u00e7\u00e3o\" src=\"https:\/\/blogs.gazetaesportiva.com\/planeta-octogono\/files\/2015\/05\/glory22-2.jpg\" width=\"570\" height=\"314\" \/><\/a><figcaption id=\"caption-attachment-17294\" class=\"wp-caption-text\"><strong><em>Verhoeven tem oponente definido &#8211; Divulga\u00e7\u00e3o<\/em><\/strong><\/figcaption><\/figure>\n<p>&nbsp;<\/p>\n<p>O GLORY definiu o oponente do atual campe\u00e3o peso pesado da organiza\u00e7\u00e3o.<\/p>\n<p>O holand\u00eas Rico Verhoeven, dono do cintur\u00e3o enfrenta o romeno Benjamin Adebuyi, no dia 5 de junho na Fran\u00e7a.<\/p>\n<p>O duelo foi oficializado pela organiza\u00e7\u00e3o, que preferiu cancelar o combate entre Adebuyi e o brasileiro Anderson Braddock, que se enfrentariam nesta sexta feira.<\/p>\n<p>Segundo a organiza\u00e7\u00e3o, Adebuyi teria sofrido uma pequena les\u00e3o que impediu o lutador de participar do evento.<\/p>\n<p>&nbsp;<\/p>\n<p style=\"text-align: center\"><strong><em>Braddock reclama e aposta em Verhoeven&#8230;<\/em><\/strong><\/p>\n<p>&nbsp;<\/p>\n<p>Quem n\u00e3o ficou satisfeito com a not\u00edcia foi Anderson Braddock. Ap\u00f3s saber do an\u00fancio, o lutador se pronunciou atrav\u00e9s das redes sociais, reclamando do crit\u00e9rio usado pela organiza\u00e7\u00e3o.<\/p>\n<p style=\"text-align: center\"><em>&#8220;Pessoal, infelizmente tive a not\u00edcia de que meu advers\u00e1rio Benjamin Adegbuyi teve problemas de \u00faltima hora e n\u00e3o ir\u00e1 poder me enfrentar no Glory 21 em San Diego nos Estados Unidos. <\/em><\/p>\n<p style=\"text-align: center\"><em>Fiz uma prepara\u00e7\u00e3o forte e estava pronto para derrota-lo e me tornar o desafiante ao cintur\u00e3o, mas toda essa hist\u00f3ria me causou muita estranheza e irrita\u00e7\u00e3o. <\/em><\/p>\n<p style=\"text-align: center\"><em>Primeiramente porque minha profiss\u00e3o \u00e9 lutar e \u00e9 para isso que vim para c\u00e1 e em segundo lugar porque fui surpreendido com a recente not\u00edcia de que Benjamin Adegbuyi disputar\u00e1 o cintur\u00e3o no Glory 22. <\/em><\/p>\n<p style=\"text-align: center\"><em>Aceito qualquer decis\u00e3o da organiza\u00e7\u00e3o mas n\u00e3o concordo e n\u00e3o entendo os crit\u00e9rios. At\u00e9 hoje nunca escolhi nenhum advers\u00e1rio e somente perdi para os primeiros do rank e acreditava que eu deveria ter a oportunidade de disputar o cintur\u00e3o. <\/em><\/p>\n<p style=\"text-align: center\"><em>Mas a organiza\u00e7\u00e3o resolveu dar a oportunidade ao romeno que s\u00f3 tem tr\u00eas lutas no Glory, todas com lutadores que estavam bem abaixo de mim no rank. <\/em><\/p>\n<p style=\"text-align: center\"><em>De qualquer forma, vou continuar treinando forte e essa situa\u00e7\u00e3o s\u00f3 ir\u00e1 me fortalecer para que eu possa ficar pronto para enfrentar o pr\u00f3ximo. Espero que a organiza\u00e7\u00e3o do Glory me coloque com o vencedor da luta entre Rico e Benjamin, pois eu quero enfrentar e derrotar qualquer um dos dois. <\/em><\/p>\n<p style=\"text-align: center\"><em>Se puder ser o Benjamin, melhor ainda, pois quero acertar as contas com ele, pois estava pronto para fazer ele sentir o peso dos meus punhos. <\/em><\/p>\n<p style=\"text-align: center\"><em>Azar o dele que vai sentir l\u00e1 na frente o meu poder de nocaute, embora eu ache que o Rico seja muito melhor e mais t\u00e9cnico que ele. Mas pouco me importa, que ven\u00e7a o melhor, pois gosto de enfrentar e vencer os melhores!<\/em><\/p>\n<p style=\"text-align: center\"><em>Obrigado a todos e estarei sempre pronto para qualquer batalha, pois quem me conhece sabe que eu n\u00e3o fujo de nenhuma luta, diferentemente de alguns.&#8221;<\/em> disparou Braddock.<\/p>\n","protected":false},"excerpt":{"rendered":"<p>&nbsp; O GLORY definiu o oponente do atual campe\u00e3o peso pesado da organiza\u00e7\u00e3o. O holand\u00eas Rico Verhoeven, dono do cintur\u00e3o enfrenta o romeno Benjamin Adebuyi, <a class=\"read-more\" href=\"https:\/\/blogs.gazetaesportiva.com\/planeta-octogono\/2015\/05\/08\/oponente-de-braddock-sai-do-card-e-disputa-cinturao-contra-rico-verhoeven-na-franca-em-junho\/\">leia mais<\/a><\/p>\n","protected":false},"author":33,"featured_media":17294,"comment_status":"open","ping_status":"open","sticky":false,"template":"","format":"standard","meta":{"jetpack_post_was_ever_published":false,"_jetpack_newsletter_access":"","_jetpack_dont_email_post_to_subs":false,"_jetpack_newsletter_tier_id":0,"_jetpack_memberships_contains_paywalled_content":false,"_jetpack_memberships_contains_paid_content":false,"footnotes":"","jetpack_publicize_message":"","jetpack_publicize_feature_enabled":true,"jetpack_social_post_already_shared":false,"jetpack_social_options":{"image_generator_settings":{"template":"highway","default_image_id":0,"font":"","enabled":false},"version":2}},"categories":[1],"tags":[494,755,886,94],"class_list":["post-17293","post","type-post","status-publish","format-standard","has-post-thumbnail","hentry","category-principal","tag-anderson-braddock","tag-benjamin-adebuyi","tag-glory-22","tag-rico-verhoeven"],"jetpack_publicize_connections":[],"jetpack_featured_media_url":"https:\/\/blogs.gazetaesportiva.com\/planeta-octogono\/files\/2015\/05\/glory22-2.jpg","jetpack_sharing_enabled":true,"jetpack_shortlink":"https:\/\/wp.me\/p6rqUQ-4uV","_links":{"self":[{"href":"https:\/\/blogs.gazetaesportiva.com\/planeta-octogono\/wp-json\/wp\/v2\/posts\/17293","targetHints":{"allow":["GET"]}}],"collection":[{"href":"https:\/\/blogs.gazetaesportiva.com\/planeta-octogono\/wp-json\/wp\/v2\/posts"}],"about":[{"href":"https:\/\/blogs.gazetaesportiva.com\/planeta-octogono\/wp-json\/wp\/v2\/types\/post"}],"author":[{"embeddable":true,"href":"https:\/\/blogs.gazetaesportiva.com\/planeta-octogono\/wp-json\/wp\/v2\/users\/33"}],"replies":[{"embeddable":true,"href":"https:\/\/blogs.gazetaesportiva.com\/planeta-octogono\/wp-json\/wp\/v2\/comments?post=17293"}],"version-history":[{"count":0,"href":"https:\/\/blogs.gazetaesportiva.com\/planeta-octogono\/wp-json\/wp\/v2\/posts\/17293\/revisions"}],"wp:featuredmedia":[{"embeddable":true,"href":"https:\/\/blogs.gazetaesportiva.com\/planeta-octogono\/wp-json\/wp\/v2\/media\/17294"}],"wp:attachment":[{"href":"https:\/\/blogs.gazetaesportiva.com\/planeta-octogono\/wp-json\/wp\/v2\/media?parent=17293"}],"wp:term":[{"taxonomy":"category","embeddable":true,"href":"https:\/\/blogs.gazetaesportiva.com\/planeta-octogono\/wp-json\/wp\/v2\/categories?post=17293"},{"taxonomy":"post_tag","embeddable":true,"href":"https:\/\/blogs.gazetaesportiva.com\/planeta-octogono\/wp-json\/wp\/v2\/tags?post=17293"}],"curies":[{"name":"wp","href":"https:\/\/api.w.org\/{rel}","templated":true}]}}