{"id":17289,"date":"2015-05-07T02:21:25","date_gmt":"2015-05-07T05:21:25","guid":{"rendered":"https:\/\/blogs.gazetaesportiva.com\/planeta-octogono\/?p=17289"},"modified":"2015-05-07T02:21:25","modified_gmt":"2015-05-07T05:21:25","slug":"ufc-revela-valores-que-serao-repassados-a-lutadores-em-acordo-com-empresa-esportiva","status":"publish","type":"post","link":"https:\/\/blogs.gazetaesportiva.com\/planeta-octogono\/2015\/05\/07\/ufc-revela-valores-que-serao-repassados-a-lutadores-em-acordo-com-empresa-esportiva\/","title":{"rendered":"UFC revela valores que ser\u00e3o repassados a lutadores em acordo com empresa esportiva"},"content":{"rendered":"<figure id=\"attachment_15581\" aria-describedby=\"caption-attachment-15581\" style=\"width: 600px\" class=\"wp-caption aligncenter\"><a href=\"https:\/\/blogs.gazetaesportiva.com\/planeta-octogono\/files\/2014\/12\/tmp_2483-Outfitting-SneakPeek1932760293.jpg\"><img loading=\"lazy\" decoding=\"async\" class=\" wp-image-15581 \" alt=\"UFC revela valores de acordo que ser\u00e3o repassados a atletas - Divulga\u00e7\u00e3o\" src=\"https:\/\/blogs.gazetaesportiva.com\/planeta-octogono\/files\/2014\/12\/tmp_2483-Outfitting-SneakPeek1932760293.jpg\" width=\"600\" height=\"600\" \/><\/a><figcaption id=\"caption-attachment-15581\" class=\"wp-caption-text\"><strong><em>UFC revela valores de acordo que ser\u00e3o repassados a atletas &#8211; Divulga\u00e7\u00e3o<\/em><\/strong><\/figcaption><\/figure>\n<p>&nbsp;<\/p>\n<p>O mist\u00e9rio acabou.<\/p>\n<p>Na tarde desta quarta feira, o UFC anunciou os valores do acordo com a empresa esportiva Reebok, que ser\u00e3o repassados para os lutadores a partir de 1 de julho.<\/p>\n<p>Ap\u00f3s mudar o sistema de remunera\u00e7\u00e3o, que seria baseado no ranking da organiza\u00e7\u00e3o e agora pela quantidade de lutas realizadas no evento, os valores ser\u00e3o de 2,5 mil d\u00f3lares a 40 mil por luta.<\/p>\n<p>O novo sistema \u00e9 analisado atrav\u00e9s da quantidade de lutas que o atleta tenha feito no UFC e extintos WEC e Strikeforce.<\/p>\n<p>&nbsp;<\/p>\n<p style=\"text-align: center\"><strong><em>Valores por luta:<\/em><\/strong><\/p>\n<p style=\"text-align: center\"><strong><em>1 a 5 lutas &#8211; 2,5 mil d\u00f3lares<\/em><\/strong><\/p>\n<p style=\"text-align: center\"><strong><em>6 a 10 lutas &#8211; 5 mil d\u00f3lares<\/em><\/strong><\/p>\n<p style=\"text-align: center\"><strong><em>11 a 15 lutas &#8211; 10 mil d\u00f3lares<\/em><\/strong><\/p>\n<p style=\"text-align: center\"><strong><em>16 a 20 lutas &#8211; 15 mil d\u00f3lares<\/em><\/strong><\/p>\n<p style=\"text-align: center\"><strong><em>Acima de 21 lutas &#8211; 20 mil d\u00f3lares<\/em><\/strong><\/p>\n<p style=\"text-align: center\"><strong><em>Desafiante ao cintur\u00e3o &#8211; 30 mil d\u00f3lares<\/em><\/strong><\/p>\n<p style=\"text-align: center\"><strong><em>Campe\u00e3o e Campe\u00e3 &#8211; 40 mil d\u00f3lares<\/em><\/strong><\/p>\n<p style=\"text-align: center\">\n<p style=\"text-align: left\">Al\u00e9m destes valores, os lutadores tamb\u00e9m v\u00e3o receber uma porcentagem com a venda de seus produtos personalizados com a marca da empresa.<\/p>\n<p style=\"text-align: left\">Os atletas n\u00e3o podem a partir de julho, colocar a marca de seus patrocinadores pessoais em eventos dos UFC, costume frequente e que tem sido uma das principais fontes de renda dos lutadores at\u00e9 ent\u00e3o.<\/p>\n","protected":false},"excerpt":{"rendered":"<p>&nbsp; O mist\u00e9rio acabou. Na tarde desta quarta feira, o UFC anunciou os valores do acordo com a empresa esportiva Reebok, que ser\u00e3o repassados para <a class=\"read-more\" href=\"https:\/\/blogs.gazetaesportiva.com\/planeta-octogono\/2015\/05\/07\/ufc-revela-valores-que-serao-repassados-a-lutadores-em-acordo-com-empresa-esportiva\/\">leia mais<\/a><\/p>\n","protected":false},"author":33,"featured_media":0,"comment_status":"open","ping_status":"open","sticky":false,"template":"","format":"standard","meta":{"jetpack_post_was_ever_published":false,"_jetpack_newsletter_access":"","_jetpack_dont_email_post_to_subs":false,"_jetpack_newsletter_tier_id":0,"_jetpack_memberships_contains_paywalled_content":false,"_jetpack_memberships_contains_paid_content":false,"footnotes":"","jetpack_publicize_message":"","jetpack_publicize_feature_enabled":true,"jetpack_social_post_already_shared":false,"jetpack_social_options":{"image_generator_settings":{"template":"highway","default_image_id":0,"font":"","enabled":false},"version":2}},"categories":[1],"tags":[619,41],"class_list":["post-17289","post","type-post","status-publish","format-standard","hentry","category-principal","tag-reebok","tag-ufc"],"jetpack_publicize_connections":[],"jetpack_featured_media_url":"","jetpack_sharing_enabled":true,"jetpack_shortlink":"https:\/\/wp.me\/p6rqUQ-4uR","_links":{"self":[{"href":"https:\/\/blogs.gazetaesportiva.com\/planeta-octogono\/wp-json\/wp\/v2\/posts\/17289","targetHints":{"allow":["GET"]}}],"collection":[{"href":"https:\/\/blogs.gazetaesportiva.com\/planeta-octogono\/wp-json\/wp\/v2\/posts"}],"about":[{"href":"https:\/\/blogs.gazetaesportiva.com\/planeta-octogono\/wp-json\/wp\/v2\/types\/post"}],"author":[{"embeddable":true,"href":"https:\/\/blogs.gazetaesportiva.com\/planeta-octogono\/wp-json\/wp\/v2\/users\/33"}],"replies":[{"embeddable":true,"href":"https:\/\/blogs.gazetaesportiva.com\/planeta-octogono\/wp-json\/wp\/v2\/comments?post=17289"}],"version-history":[{"count":0,"href":"https:\/\/blogs.gazetaesportiva.com\/planeta-octogono\/wp-json\/wp\/v2\/posts\/17289\/revisions"}],"wp:attachment":[{"href":"https:\/\/blogs.gazetaesportiva.com\/planeta-octogono\/wp-json\/wp\/v2\/media?parent=17289"}],"wp:term":[{"taxonomy":"category","embeddable":true,"href":"https:\/\/blogs.gazetaesportiva.com\/planeta-octogono\/wp-json\/wp\/v2\/categories?post=17289"},{"taxonomy":"post_tag","embeddable":true,"href":"https:\/\/blogs.gazetaesportiva.com\/planeta-octogono\/wp-json\/wp\/v2\/tags?post=17289"}],"curies":[{"name":"wp","href":"https:\/\/api.w.org\/{rel}","templated":true}]}}