{"id":17272,"date":"2015-05-07T01:45:10","date_gmt":"2015-05-07T04:45:10","guid":{"rendered":"https:\/\/blogs.gazetaesportiva.com\/planeta-octogono\/?p=17272"},"modified":"2015-05-07T09:42:50","modified_gmt":"2015-05-07T12:42:50","slug":"proximo-de-luta-pelo-titulo-no-glory-saulo-cavalari-nao-teme-oponentes-luto-com-quem-vier","status":"publish","type":"post","link":"https:\/\/blogs.gazetaesportiva.com\/planeta-octogono\/2015\/05\/07\/proximo-de-luta-pelo-titulo-no-glory-saulo-cavalari-nao-teme-oponentes-luto-com-quem-vier\/","title":{"rendered":"Pr\u00f3ximo de luta pelo t\u00edtulo no GLORY, Saulo Cavalari n\u00e3o teme oponentes: Luto com quem vier!"},"content":{"rendered":"<figure id=\"attachment_17286\" aria-describedby=\"caption-attachment-17286\" style=\"width: 695px\" class=\"wp-caption aligncenter\"><a href=\"https:\/\/blogs.gazetaesportiva.com\/planeta-octogono\/files\/2015\/05\/1457706_552273358187369_1575333825_n.jpg\"><img loading=\"lazy\" decoding=\"async\" class=\" wp-image-17286 \" alt=\"Brasileiro pode lutar pelo t\u00edtulo do GLORY em pr\u00f3xima luta - Divulga\u00e7\u00e3o\/James Law\" src=\"https:\/\/blogs.gazetaesportiva.com\/planeta-octogono\/files\/2015\/05\/1457706_552273358187369_1575333825_n.jpg\" width=\"695\" height=\"455\" \/><\/a><figcaption id=\"caption-attachment-17286\" class=\"wp-caption-text\"><strong><em>Brasileiro pode lutar pelo t\u00edtulo do GLORY em pr\u00f3xima luta &#8211; Divulga\u00e7\u00e3o\/James Law<\/em><\/strong><\/figcaption><\/figure>\n<p>&nbsp;<\/p>\n<p>[yframe url=&#8217;www.youtube.com\/watch?v=_0CpoCXHjA4&#8242;]<\/p>\n<p>&nbsp;<\/p>\n<p>Muito pr\u00f3ximo do t\u00edtulo mundial.<\/p>\n<p>\u00c9 assim que o curitibano Saulo Cavalari est\u00e1 se sentindo atualmente.<\/p>\n<p>Ap\u00f3s grandes performances no GLORY, contra Danyo Ilunga, Zack Mwekassa e Artem Vahkitov, o brasileiro deve lutar pelo cintur\u00e3o meio pesado na pr\u00f3xima luta.<\/p>\n<p>Apesar da informa\u00e7\u00e3o n\u00e3o estar confirmada pela organiza\u00e7\u00e3o oficialmente, Saulo tem feito uma agressiva campanha atrav\u00e9s das redes sociais, pedindo para lutar pelo t\u00edtulo.<\/p>\n<p>&#8220;\u00c9 um sonho desde que comecei a lutar Muay Thai. Sempre sonhei em trazer o cintur\u00e3o para o Brasil. Estou bem perto.&#8221; disse Saulo ao blog.<\/p>\n<p>Treinando no L\u00edbano, o brasileiro tem procurado evoluir seu jogo, j\u00e1 que se for confirmado a luta pelo t\u00edtulo, n\u00e3o deve ter um desafio f\u00e1cil.<\/p>\n<p>&#8220;Vim para c\u00e1, para evoluir meu jogo de boxe e Thai. Estou trazendo alguns treinadores para me ajudar.&#8221; contou o lutador.<\/p>\n<p>&nbsp;<\/p>\n<figure id=\"attachment_16855\" aria-describedby=\"caption-attachment-16855\" style=\"width: 695px\" class=\"wp-caption aligncenter\"><a href=\"https:\/\/blogs.gazetaesportiva.com\/planeta-octogono\/files\/2015\/04\/D4S_8232.jpg\"><img loading=\"lazy\" decoding=\"async\" class=\"size-full wp-image-16855\" alt=\"Saulo Cavalari pode lutar pelo cintur\u00e3o em pr\u00f3ximo combate - Divulga\u00e7\u00e3o GLORY\/James Law\" src=\"https:\/\/blogs.gazetaesportiva.com\/planeta-octogono\/files\/2015\/04\/D4S_8232.jpg\" width=\"695\" height=\"462\" \/><\/a><figcaption id=\"caption-attachment-16855\" class=\"wp-caption-text\"><strong><em>Saulo Cavalari pode lutar pelo cintur\u00e3o em pr\u00f3ximo combate &#8211; Divulga\u00e7\u00e3o GLORY\/James Law<\/em><\/strong><\/figcaption><\/figure>\n<p>&nbsp;<\/p>\n<p>Sem oponente definido, Saulo chegou a desafiar o atual campe\u00e3o da organiza\u00e7\u00e3o, o turco Gokhan Saki mas com a ida do atleta para outro evento, o brasileiro est\u00e1 pronto e garante que enfrenta qualquer um, mesmo desejando um duelo contra o turco.<\/p>\n<p>&#8220;Tenho pend\u00eancias a resolver com o Saki e tamb\u00e9m com o Tyrone Spong.<\/p>\n<p>O Spong n\u00e3o est\u00e1 mais no GLORY, ent\u00e3o estou a disposi\u00e7\u00e3o. Luto com qualquer um que colocarem na minha frente. Estou aqui para ser campe\u00e3o e trazer esse t\u00edtulo para o Brasil.&#8221; disparou Saulo que terminou a conversa, mandando uma mensagem de gratid\u00e3o a quem tanto o ap\u00f3ia: seus f\u00e3s.<\/p>\n<p>&#8220;Quero agradecer de cora\u00e7\u00e3o a ajuda de voc\u00eas, meus f\u00e3s. Quando eu subo no ringue, sei que n\u00e3o estou sozinho.<\/p>\n<p>Sei que voc\u00eas est\u00e3o comigo e que sempre me d\u00e3o aquela for\u00e7a nas minhas lutas e nos ajudam a vencer as dificuldades. Um grande abra\u00e7o do Saulo para voc\u00eas. Me sigam na minha f\u00e3 page do Facebook, Saulo &#8220;Clay&#8221; Cavalari.&#8221; relembrou.<\/p>\n<p>&nbsp;<\/p>\n<p style=\"text-align: center\"><strong><em>Conhe\u00e7a Saulo Cavalari:<\/em><\/strong><\/p>\n<p style=\"text-align: center\"><strong><em>[yframe url=&#8217;www.youtube.com\/watch?v=vGvwk8jJvfc&#8217;]<\/em><\/strong><\/p>\n<p style=\"text-align: center\"><strong><em>[yframe url=&#8217;www.youtube.com\/watch?v=G68XS13U5kw&#8217;]<\/em><\/strong><\/p>\n<p>&nbsp;<\/p>\n","protected":false},"excerpt":{"rendered":"<p>&nbsp; [yframe url=&#8217;www.youtube.com\/watch?v=_0CpoCXHjA4&#8242;] &nbsp; Muito pr\u00f3ximo do t\u00edtulo mundial. \u00c9 assim que o curitibano Saulo Cavalari est\u00e1 se sentindo atualmente. Ap\u00f3s grandes performances no GLORY, <a class=\"read-more\" href=\"https:\/\/blogs.gazetaesportiva.com\/planeta-octogono\/2015\/05\/07\/proximo-de-luta-pelo-titulo-no-glory-saulo-cavalari-nao-teme-oponentes-luto-com-quem-vier\/\">leia mais<\/a><\/p>\n","protected":false},"author":33,"featured_media":17286,"comment_status":"open","ping_status":"open","sticky":false,"template":"","format":"standard","meta":{"jetpack_post_was_ever_published":false,"_jetpack_newsletter_access":"","_jetpack_dont_email_post_to_subs":false,"_jetpack_newsletter_tier_id":0,"_jetpack_memberships_contains_paywalled_content":false,"_jetpack_memberships_contains_paid_content":false,"footnotes":"","jetpack_publicize_message":"","jetpack_publicize_feature_enabled":true,"jetpack_social_post_already_shared":false,"jetpack_social_options":{"image_generator_settings":{"template":"highway","default_image_id":0,"font":"","enabled":false},"version":2}},"categories":[1],"tags":[38,601,173,89],"class_list":["post-17272","post","type-post","status-publish","format-standard","has-post-thumbnail","hentry","category-principal","tag-glory","tag-gokhan-saki","tag-saulo-cavalari","tag-tyrone-spong"],"jetpack_publicize_connections":[],"jetpack_featured_media_url":"https:\/\/blogs.gazetaesportiva.com\/planeta-octogono\/files\/2015\/05\/1457706_552273358187369_1575333825_n.jpg","jetpack_sharing_enabled":true,"jetpack_shortlink":"https:\/\/wp.me\/p6rqUQ-4uA","_links":{"self":[{"href":"https:\/\/blogs.gazetaesportiva.com\/planeta-octogono\/wp-json\/wp\/v2\/posts\/17272","targetHints":{"allow":["GET"]}}],"collection":[{"href":"https:\/\/blogs.gazetaesportiva.com\/planeta-octogono\/wp-json\/wp\/v2\/posts"}],"about":[{"href":"https:\/\/blogs.gazetaesportiva.com\/planeta-octogono\/wp-json\/wp\/v2\/types\/post"}],"author":[{"embeddable":true,"href":"https:\/\/blogs.gazetaesportiva.com\/planeta-octogono\/wp-json\/wp\/v2\/users\/33"}],"replies":[{"embeddable":true,"href":"https:\/\/blogs.gazetaesportiva.com\/planeta-octogono\/wp-json\/wp\/v2\/comments?post=17272"}],"version-history":[{"count":0,"href":"https:\/\/blogs.gazetaesportiva.com\/planeta-octogono\/wp-json\/wp\/v2\/posts\/17272\/revisions"}],"wp:featuredmedia":[{"embeddable":true,"href":"https:\/\/blogs.gazetaesportiva.com\/planeta-octogono\/wp-json\/wp\/v2\/media\/17286"}],"wp:attachment":[{"href":"https:\/\/blogs.gazetaesportiva.com\/planeta-octogono\/wp-json\/wp\/v2\/media?parent=17272"}],"wp:term":[{"taxonomy":"category","embeddable":true,"href":"https:\/\/blogs.gazetaesportiva.com\/planeta-octogono\/wp-json\/wp\/v2\/categories?post=17272"},{"taxonomy":"post_tag","embeddable":true,"href":"https:\/\/blogs.gazetaesportiva.com\/planeta-octogono\/wp-json\/wp\/v2\/tags?post=17272"}],"curies":[{"name":"wp","href":"https:\/\/api.w.org\/{rel}","templated":true}]}}