{"id":17262,"date":"2015-05-06T06:11:33","date_gmt":"2015-05-06T09:11:33","guid":{"rendered":"https:\/\/blogs.gazetaesportiva.com\/planeta-octogono\/?p=17262"},"modified":"2015-05-06T06:11:33","modified_gmt":"2015-05-06T09:11:33","slug":"anderson-braddock-comenta-mudanca-de-adversario-em-cima-da-hora-e-mira-cinturao-do-glory","status":"publish","type":"post","link":"https:\/\/blogs.gazetaesportiva.com\/planeta-octogono\/2015\/05\/06\/anderson-braddock-comenta-mudanca-de-adversario-em-cima-da-hora-e-mira-cinturao-do-glory\/","title":{"rendered":"Anderson Braddock comenta mudan\u00e7a de advers\u00e1rio em cima da hora e mira cintur\u00e3o do GLORY"},"content":{"rendered":"<figure id=\"attachment_15493\" aria-describedby=\"caption-attachment-15493\" style=\"width: 695px\" class=\"wp-caption aligncenter\"><a href=\"https:\/\/blogs.gazetaesportiva.com\/planeta-octogono\/files\/2014\/11\/glory11braddock.jpg\"><img loading=\"lazy\" decoding=\"async\" class=\"size-full wp-image-15493\" alt=\"Anderson Braddock volta a lutar nesta sexta feira - Divulga\u00e7\u00e3o GLORY\/James Law\" src=\"https:\/\/blogs.gazetaesportiva.com\/planeta-octogono\/files\/2014\/11\/glory11braddock.jpg\" width=\"695\" height=\"463\" \/><\/a><figcaption id=\"caption-attachment-15493\" class=\"wp-caption-text\"><strong><em>Anderson Braddock volta a lutar nesta sexta feira &#8211; Divulga\u00e7\u00e3o GLORY\/James Law<\/em><\/strong><\/figcaption><\/figure>\n<p>&nbsp;<\/p>\n<p>O brasileiro Anderson &#8220;Braddock&#8221; Silva tem um novo desafio pela frente nesta sexta feira.<\/p>\n<p>Lutando no GLORY, o maior evento de kickboxing do mundo na atualidade, Braddock enfrentaria o romeno Benjamin Adebuyi.<\/p>\n<p>Por\u00e9m, como noticiado pelo blog ontem, uma mudan\u00e7a inesperada pode mudar os planos do brasileiro.<\/p>\n<p>Substituindo o romeno, o croata Mladen Brestovac enfrenta Braddock que n\u00e3o demonstrou preocupa\u00e7\u00e3o com a mudan\u00e7a de oponente.<\/p>\n<p>&#8220;Assim que cheguei aqui nos Estados Unidos, fui notificado pelo GLORY, que estaria enfrentando o Mladen e n\u00e3o o Benjamin.<\/p>\n<p>Mas isso para mim n\u00e3o importa. A estrat\u00e9gia vai ser sempre a mesma. Cair para dentro e nocautear.&#8221; contou o lutador.<\/p>\n<p>Sabendo da oportunidade de se tornar um novo desafiante para o atual campe\u00e3o do peso, o holand\u00eas Rico Verhoeven, Braddock se anima com a chance mas est\u00e1 focado no combate.<\/p>\n<p>&#8220;Primeiro, tenho uma luta para vencer nesta sexta feira. Estou s\u00f3 focado nisso agora.<\/p>\n<p>Depois de vencer, a\u00ed sim, quero pegar aquele microfone e desafiar o campe\u00e3o.&#8221; disse Braddock ao blog.<\/p>\n<p>O GLORY al\u00e9m de Braddock tem a disputa de cintur\u00e3o peso m\u00e9dio com o campe\u00e3o russo Artem Levin enfrentando o canadense Simon Marcus.<\/p>\n<p>[yframe url=&#8217;www.youtube.com\/watch?v=LEJqB9IBz8A&#8217;]<\/p>\n","protected":false},"excerpt":{"rendered":"<p>&nbsp; O brasileiro Anderson &#8220;Braddock&#8221; Silva tem um novo desafio pela frente nesta sexta feira. Lutando no GLORY, o maior evento de kickboxing do mundo <a class=\"read-more\" href=\"https:\/\/blogs.gazetaesportiva.com\/planeta-octogono\/2015\/05\/06\/anderson-braddock-comenta-mudanca-de-adversario-em-cima-da-hora-e-mira-cinturao-do-glory\/\">leia mais<\/a><\/p>\n","protected":false},"author":33,"featured_media":0,"comment_status":"open","ping_status":"open","sticky":false,"template":"","format":"standard","meta":{"jetpack_post_was_ever_published":false,"_jetpack_newsletter_access":"","_jetpack_dont_email_post_to_subs":false,"_jetpack_newsletter_tier_id":0,"_jetpack_memberships_contains_paywalled_content":false,"_jetpack_memberships_contains_paid_content":false,"footnotes":"","jetpack_publicize_message":"","jetpack_publicize_feature_enabled":true,"jetpack_social_post_already_shared":false,"jetpack_social_options":{"image_generator_settings":{"template":"highway","default_image_id":0,"font":"","enabled":false},"version":2}},"categories":[1],"tags":[494,882,756],"class_list":["post-17262","post","type-post","status-publish","format-standard","hentry","category-principal","tag-anderson-braddock","tag-brestovac","tag-glory-21"],"jetpack_publicize_connections":[],"jetpack_featured_media_url":"","jetpack_sharing_enabled":true,"jetpack_shortlink":"https:\/\/wp.me\/p6rqUQ-4uq","_links":{"self":[{"href":"https:\/\/blogs.gazetaesportiva.com\/planeta-octogono\/wp-json\/wp\/v2\/posts\/17262","targetHints":{"allow":["GET"]}}],"collection":[{"href":"https:\/\/blogs.gazetaesportiva.com\/planeta-octogono\/wp-json\/wp\/v2\/posts"}],"about":[{"href":"https:\/\/blogs.gazetaesportiva.com\/planeta-octogono\/wp-json\/wp\/v2\/types\/post"}],"author":[{"embeddable":true,"href":"https:\/\/blogs.gazetaesportiva.com\/planeta-octogono\/wp-json\/wp\/v2\/users\/33"}],"replies":[{"embeddable":true,"href":"https:\/\/blogs.gazetaesportiva.com\/planeta-octogono\/wp-json\/wp\/v2\/comments?post=17262"}],"version-history":[{"count":0,"href":"https:\/\/blogs.gazetaesportiva.com\/planeta-octogono\/wp-json\/wp\/v2\/posts\/17262\/revisions"}],"wp:attachment":[{"href":"https:\/\/blogs.gazetaesportiva.com\/planeta-octogono\/wp-json\/wp\/v2\/media?parent=17262"}],"wp:term":[{"taxonomy":"category","embeddable":true,"href":"https:\/\/blogs.gazetaesportiva.com\/planeta-octogono\/wp-json\/wp\/v2\/categories?post=17262"},{"taxonomy":"post_tag","embeddable":true,"href":"https:\/\/blogs.gazetaesportiva.com\/planeta-octogono\/wp-json\/wp\/v2\/tags?post=17262"}],"curies":[{"name":"wp","href":"https:\/\/api.w.org\/{rel}","templated":true}]}}