{"id":17259,"date":"2015-05-06T05:45:21","date_gmt":"2015-05-06T08:45:21","guid":{"rendered":"https:\/\/blogs.gazetaesportiva.com\/planeta-octogono\/?p=17259"},"modified":"2015-05-06T05:45:21","modified_gmt":"2015-05-06T08:45:21","slug":"na-ponta-dos-cascos-lucas-mineiro-atende-chamado-de-ultima-hora-do-ufc-e-mira-vitoria-em-goiania","status":"publish","type":"post","link":"https:\/\/blogs.gazetaesportiva.com\/planeta-octogono\/2015\/05\/06\/na-ponta-dos-cascos-lucas-mineiro-atende-chamado-de-ultima-hora-do-ufc-e-mira-vitoria-em-goiania\/","title":{"rendered":"Na &#8220;ponta dos cascos&#8221;, Lucas Mineiro atende chamado de \u00faltima hora do UFC e mira vit\u00f3ria em Goi\u00e2nia"},"content":{"rendered":"<figure id=\"attachment_17013\" aria-describedby=\"caption-attachment-17013\" style=\"width: 695px\" class=\"wp-caption aligncenter\"><a href=\"https:\/\/blogs.gazetaesportiva.com\/planeta-octogono\/files\/2015\/04\/lucas_mineiro.jpg\"><img loading=\"lazy\" decoding=\"async\" class=\"size-full wp-image-17013\" alt=\"Lucas Mineiro luta em Goi\u00e2nia  - Divulga\u00e7\u00e3o\" src=\"https:\/\/blogs.gazetaesportiva.com\/planeta-octogono\/files\/2015\/04\/lucas_mineiro.jpg\" width=\"695\" height=\"463\" \/><\/a><figcaption id=\"caption-attachment-17013\" class=\"wp-caption-text\"><strong><em>Lucas Mineiro luta em Goi\u00e2nia &#8211; Divulga\u00e7\u00e3o<\/em><\/strong><\/figcaption><\/figure>\n<p>&nbsp;<\/p>\n<p>No MMA, aceitar chamados de \u00faltima hora n\u00e3o \u00e9 novidade para a maioria dos lutadores, mas ainda assim a recusa \u00e9 algo frequente, com a alega\u00e7\u00e3o do pouco tempo para se preparar. N\u00e3o \u00e9 o caso de Lucas Mineiro, confirmado como substituto de Renato Moicano no duelo contra o invicto Mirsad Bektic, no UFC Fight Night 67, que acontece no pr\u00f3ximo dia 30 de maio, em Goi\u00e2nia.<\/p>\n<p>Em ritmo de acelerado de treinamentos mesmo sem luta marcada, o peso-pena (at\u00e9 66,2kg) se colocou \u00e0 disposi\u00e7\u00e3o do Ultimate prontamente depois da les\u00e3o do compatriota Moicano e vai buscar sua quarta vit\u00f3ria em seis lutas na organiza\u00e7\u00e3o desde a estreia em 2014.<\/p>\n<p>O camp para enfrentar Bektic ter\u00e1 menos de um m\u00eas de dura\u00e7\u00e3o, j\u00e1 inclu\u00eddo o per\u00edodo cr\u00edtico de corte de peso, geralmente em torno de dez dias. A corrida contra o tempo n\u00e3o vai influenciar negativamente o brasileiro, que j\u00e1 vinha se preparando para uma poss\u00edvel luta em junho, al\u00e9m de ter participado intensamente dos treinos do amigo Thomas Almeida, que no m\u00eas de abril nocauteou Yves Jabouin, no UFC 186. Dessa maneira, Mineiro se v\u00ea &#8220;na ponta dos cascos&#8221; para o retorno ao oct\u00f3gono.<\/p>\n<p>&#8220;Aqui na academia, a gente costuma falar que n\u00e3o fazemos camp de treinamento porque estamos sempre prontos para lutar. Minha ideia era lutar em junho, ent\u00e3o estava treinando em um ritmo muito forte, al\u00e9m de ajudar o Thomas. O camp dele foi meu tamb\u00e9m e com certeza isso foi mais um motivo que me fez aceitar esse combate faltando menos de um m\u00eas&#8221;, explica o atleta, que foi o principal sparing de Thominhas, simulando Jabouin no camp.<\/p>\n<p>A aposta para vencer e ingressar pela primeira vez entre os 15 melhores da divis\u00e3o \u00e9 na evolu\u00e7\u00e3o do seu jogo de wrestling ap\u00f3s o rev\u00e9s para Darren Elkins, em outubro de 2014, no Rio de Janeiro. Lucas foi derrotado por decis\u00e3o dividida dos ju\u00edzes laterais, em um combate no qual o advers\u00e1rio manteve a luta na grade durante boa parte do tempo e impediu o desenvolvimento do jogo do brasileiro. Desde ent\u00e3o, os treinos se intensificaram e a aposta do nocauteador Lucas Mineiro \u00e9, surpreendentemente, numa vit\u00f3ria por finaliza\u00e7\u00e3o.<\/p>\n<p>&#8220;Depois da minha \u00faltima luta, eu coloquei a cabe\u00e7a do lugar e foquei bastante nas minhas falhas. Agora n\u00e3o fico mais de dez segundos na grade e o que aconteceu naquela oportunidade n\u00e3o vai se repetir. Por acaso, o estilo do Bektic \u00e9 parecido com o Elkins e vai ser a minha chance de mostrar o que eu evolu\u00ed nesses \u00faltimos meses. Se ele vacilar, vou finalizar porque estou com muito foco no jiu-jitsu. Garanto que o meu melhor ainda est\u00e1 por vir&#8221;, afirma o lutador de 26 anos, que possui um cartel de 15 vit\u00f3rias e duas derrotas.<\/p>\n<p>Advers\u00e1rio de Lucas, Mirsad Bektic est\u00e1 invicto na carreira com nove triunfos em nove combates disputados. Nascido na B\u00f3snia Herzegovina, mudou-se para a It\u00e1lia com apenas tr\u00eas anos, no meio da guerra em seu pa\u00eds-natal, depois viveu na Alemanha e na sequ\u00eancia foi para os Estados Unidos, onde iniciou a carreira nas artes marciais. Bektic venceu suas duas lutas que fez no UFC por decis\u00e3o dos ju\u00edzes, e apesar da curta carreira no oct\u00f3gono j\u00e1 apresentou falhas, segundo an\u00e1lise de Mineiro.<\/p>\n<p>&#8220;Eu conhe\u00e7o bem o Mirsad, acompanhei as lutas dele no UFC e sabia que uma hora ou outra a gente iria se enfrentar. Sei que ele vai tentar me derrubar para trabalhar as cotoveladas e o ground and pound, e como ele n\u00e3o chuta nada, vou explodir meus chutes e ele vai sentir. Bektic nunca lutou contra um cara t\u00e3o duro quanto eu e s\u00f3 preciso botar em pr\u00e1tica tudo que treinei para sair com a vit\u00f3ria&#8221;, confia.<\/p>\n","protected":false},"excerpt":{"rendered":"<p>&nbsp; No MMA, aceitar chamados de \u00faltima hora n\u00e3o \u00e9 novidade para a maioria dos lutadores, mas ainda assim a recusa \u00e9 algo frequente, com <a class=\"read-more\" href=\"https:\/\/blogs.gazetaesportiva.com\/planeta-octogono\/2015\/05\/06\/na-ponta-dos-cascos-lucas-mineiro-atende-chamado-de-ultima-hora-do-ufc-e-mira-vitoria-em-goiania\/\">leia mais<\/a><\/p>\n","protected":false},"author":33,"featured_media":0,"comment_status":"open","ping_status":"open","sticky":false,"template":"","format":"standard","meta":{"jetpack_post_was_ever_published":false,"_jetpack_newsletter_access":"","_jetpack_dont_email_post_to_subs":false,"_jetpack_newsletter_tier_id":0,"_jetpack_memberships_contains_paywalled_content":false,"_jetpack_memberships_contains_paid_content":false,"footnotes":"","jetpack_publicize_message":"","jetpack_publicize_feature_enabled":true,"jetpack_social_post_already_shared":false,"jetpack_social_options":{"image_generator_settings":{"template":"highway","default_image_id":0,"font":"","enabled":false},"version":2}},"categories":[1],"tags":[207,881,568],"class_list":["post-17259","post","type-post","status-publish","format-standard","hentry","category-principal","tag-lucas-mineiro","tag-mirsad-bektic","tag-ufc-goiania"],"jetpack_publicize_connections":[],"jetpack_featured_media_url":"","jetpack_sharing_enabled":true,"jetpack_shortlink":"https:\/\/wp.me\/p6rqUQ-4un","_links":{"self":[{"href":"https:\/\/blogs.gazetaesportiva.com\/planeta-octogono\/wp-json\/wp\/v2\/posts\/17259","targetHints":{"allow":["GET"]}}],"collection":[{"href":"https:\/\/blogs.gazetaesportiva.com\/planeta-octogono\/wp-json\/wp\/v2\/posts"}],"about":[{"href":"https:\/\/blogs.gazetaesportiva.com\/planeta-octogono\/wp-json\/wp\/v2\/types\/post"}],"author":[{"embeddable":true,"href":"https:\/\/blogs.gazetaesportiva.com\/planeta-octogono\/wp-json\/wp\/v2\/users\/33"}],"replies":[{"embeddable":true,"href":"https:\/\/blogs.gazetaesportiva.com\/planeta-octogono\/wp-json\/wp\/v2\/comments?post=17259"}],"version-history":[{"count":0,"href":"https:\/\/blogs.gazetaesportiva.com\/planeta-octogono\/wp-json\/wp\/v2\/posts\/17259\/revisions"}],"wp:attachment":[{"href":"https:\/\/blogs.gazetaesportiva.com\/planeta-octogono\/wp-json\/wp\/v2\/media?parent=17259"}],"wp:term":[{"taxonomy":"category","embeddable":true,"href":"https:\/\/blogs.gazetaesportiva.com\/planeta-octogono\/wp-json\/wp\/v2\/categories?post=17259"},{"taxonomy":"post_tag","embeddable":true,"href":"https:\/\/blogs.gazetaesportiva.com\/planeta-octogono\/wp-json\/wp\/v2\/tags?post=17259"}],"curies":[{"name":"wp","href":"https:\/\/api.w.org\/{rel}","templated":true}]}}