{"id":16841,"date":"2015-04-02T21:15:00","date_gmt":"2015-04-03T00:15:00","guid":{"rendered":"https:\/\/blogs.gazetaesportiva.com\/planeta-octogono\/?p=16841"},"modified":"2015-04-02T21:15:00","modified_gmt":"2015-04-03T00:15:00","slug":"veja-bastidores-de-tour-mundial-do-ufc-com-conor-mcgregor-tomando-cinturao-de-jose-aldo-na-irlanda","status":"publish","type":"post","link":"https:\/\/blogs.gazetaesportiva.com\/planeta-octogono\/2015\/04\/02\/veja-bastidores-de-tour-mundial-do-ufc-com-conor-mcgregor-tomando-cinturao-de-jose-aldo-na-irlanda\/","title":{"rendered":"Veja bastidores de Tour Mundial do UFC com Conor McGregor tomando cintur\u00e3o de Jos\u00e9 Aldo na Irlanda"},"content":{"rendered":"<figure id=\"attachment_16829\" aria-describedby=\"caption-attachment-16829\" style=\"width: 695px\" class=\"wp-caption aligncenter\"><a href=\"https:\/\/blogs.gazetaesportiva.com\/planeta-octogono\/files\/2015\/04\/aldoconor.jpg\"><img loading=\"lazy\" decoding=\"async\" class=\"size-full wp-image-16829\" alt=\"Conor McGregor toma cintur\u00e3o de Aldo em coletiva - Divulga\u00e7\u00e3o\" src=\"https:\/\/blogs.gazetaesportiva.com\/planeta-octogono\/files\/2015\/04\/aldoconor.jpg\" width=\"695\" height=\"347\" \/><\/a><figcaption id=\"caption-attachment-16829\" class=\"wp-caption-text\"><strong><em>Conor McGregor toma cintur\u00e3o de Aldo em coletiva &#8211; Divulga\u00e7\u00e3o<\/em><\/strong><\/figcaption><\/figure>\n<p>&nbsp;<\/p>\n<p>O UFC divulgou o \u00faltimo v\u00eddeo de bastidores com o brasileiro Jos\u00e9 Aldo e o desafiante irland\u00eas Conor McGregor.<\/p>\n<p>Enfrentando a hostilidade dos torcedores irlandeses, em Dublin, o brasileiro tamb\u00e9m teve que lidar com mais uma provoca\u00e7\u00e3o de Conor, que desta vez tomou o cintur\u00e3o, quase causando uma confus\u00e3o.<\/p>\n<p>O v\u00eddeo tamb\u00e9m mostrou a rea\u00e7\u00e3o de Aldo ap\u00f3s o fim do evento que promoveu a edi\u00e7\u00e3o 189, que acontece no dia 11 de julho.<\/p>\n<p>&nbsp;<\/p>\n<p>[yframe url=&#8217;www.youtube.com\/watch?v=6pHJa83IJaE&#8217;]<\/p>\n<p>[yframe url=&#8217;www.youtube.com\/watch?v=WZubY-nT2mk&#8217;]<\/p>\n<p>[yframe url=&#8217;www.youtube.com\/watch?v=47vWeADxz2I&#8217;]<\/p>\n<p>&nbsp;<\/p>\n","protected":false},"excerpt":{"rendered":"<p>&nbsp; O UFC divulgou o \u00faltimo v\u00eddeo de bastidores com o brasileiro Jos\u00e9 Aldo e o desafiante irland\u00eas Conor McGregor. Enfrentando a hostilidade dos torcedores <a class=\"read-more\" href=\"https:\/\/blogs.gazetaesportiva.com\/planeta-octogono\/2015\/04\/02\/veja-bastidores-de-tour-mundial-do-ufc-com-conor-mcgregor-tomando-cinturao-de-jose-aldo-na-irlanda\/\">leia mais<\/a><\/p>\n","protected":false},"author":33,"featured_media":0,"comment_status":"open","ping_status":"open","sticky":false,"template":"","format":"standard","meta":{"jetpack_post_was_ever_published":false,"_jetpack_newsletter_access":"","_jetpack_dont_email_post_to_subs":false,"_jetpack_newsletter_tier_id":0,"_jetpack_memberships_contains_paywalled_content":false,"_jetpack_memberships_contains_paid_content":false,"footnotes":"","jetpack_publicize_message":"","jetpack_publicize_feature_enabled":true,"jetpack_social_post_already_shared":false,"jetpack_social_options":{"image_generator_settings":{"template":"highway","default_image_id":0,"font":"","enabled":false},"version":2}},"categories":[1],"tags":[614,12,721],"class_list":["post-16841","post","type-post","status-publish","format-standard","hentry","category-principal","tag-conor-mcgregor","tag-jose-aldo","tag-ufc-189"],"jetpack_publicize_connections":[],"jetpack_featured_media_url":"","jetpack_sharing_enabled":true,"jetpack_shortlink":"https:\/\/wp.me\/p6rqUQ-4nD","_links":{"self":[{"href":"https:\/\/blogs.gazetaesportiva.com\/planeta-octogono\/wp-json\/wp\/v2\/posts\/16841","targetHints":{"allow":["GET"]}}],"collection":[{"href":"https:\/\/blogs.gazetaesportiva.com\/planeta-octogono\/wp-json\/wp\/v2\/posts"}],"about":[{"href":"https:\/\/blogs.gazetaesportiva.com\/planeta-octogono\/wp-json\/wp\/v2\/types\/post"}],"author":[{"embeddable":true,"href":"https:\/\/blogs.gazetaesportiva.com\/planeta-octogono\/wp-json\/wp\/v2\/users\/33"}],"replies":[{"embeddable":true,"href":"https:\/\/blogs.gazetaesportiva.com\/planeta-octogono\/wp-json\/wp\/v2\/comments?post=16841"}],"version-history":[{"count":0,"href":"https:\/\/blogs.gazetaesportiva.com\/planeta-octogono\/wp-json\/wp\/v2\/posts\/16841\/revisions"}],"wp:attachment":[{"href":"https:\/\/blogs.gazetaesportiva.com\/planeta-octogono\/wp-json\/wp\/v2\/media?parent=16841"}],"wp:term":[{"taxonomy":"category","embeddable":true,"href":"https:\/\/blogs.gazetaesportiva.com\/planeta-octogono\/wp-json\/wp\/v2\/categories?post=16841"},{"taxonomy":"post_tag","embeddable":true,"href":"https:\/\/blogs.gazetaesportiva.com\/planeta-octogono\/wp-json\/wp\/v2\/tags?post=16841"}],"curies":[{"name":"wp","href":"https:\/\/api.w.org\/{rel}","templated":true}]}}