{"id":16835,"date":"2015-04-02T20:40:04","date_gmt":"2015-04-02T23:40:04","guid":{"rendered":"https:\/\/blogs.gazetaesportiva.com\/planeta-octogono\/?p=16835"},"modified":"2015-04-02T20:40:04","modified_gmt":"2015-04-02T23:40:04","slug":"em-busca-de-luta-por-cinturao-alex-pereira-e-saulo-cavalari-participam-de-edicao-do-glory-20-nesta-sexta","status":"publish","type":"post","link":"https:\/\/blogs.gazetaesportiva.com\/planeta-octogono\/2015\/04\/02\/em-busca-de-luta-por-cinturao-alex-pereira-e-saulo-cavalari-participam-de-edicao-do-glory-20-nesta-sexta\/","title":{"rendered":"Em busca de luta por cintur\u00e3o, Alex Pereira e Saulo Cavalari participam de edi\u00e7\u00e3o do GLORY 20 nesta sexta"},"content":{"rendered":"<figure id=\"attachment_16836\" aria-describedby=\"caption-attachment-16836\" style=\"width: 695px\" class=\"wp-caption aligncenter\"><a href=\"https:\/\/blogs.gazetaesportiva.com\/planeta-octogono\/files\/2015\/04\/Alex-Pereira-vs-Jason-Wilnis-G20-Weigh-In.jpg\"><img loading=\"lazy\" decoding=\"async\" class=\"size-full wp-image-16836\" alt=\"Alex Pereira (direita participa de GP nesta sexta - Divulga\u00e7\u00e3o GLORY\/James Law\" src=\"https:\/\/blogs.gazetaesportiva.com\/planeta-octogono\/files\/2015\/04\/Alex-Pereira-vs-Jason-Wilnis-G20-Weigh-In.jpg\" width=\"695\" height=\"462\" \/><\/a><figcaption id=\"caption-attachment-16836\" class=\"wp-caption-text\"><strong><em>Alex Pereira (direita participa de GP nesta sexta &#8211; Divulga\u00e7\u00e3o GLORY\/James Law<\/em><\/strong><\/figcaption><\/figure>\n<p>&nbsp;<\/p>\n<p>O maior evento de kickboxing do mundo, o GLORY realiza nesta sexta feira, em Dubai, nos Emirados \u00c1rabes Unidos sua vig\u00e9sima edi\u00e7\u00e3o.<\/p>\n<p>Com duas lutas de cintur\u00e3o, o evento tamb\u00e9m traz um grande GP peso m\u00e9dio com participa\u00e7\u00e3o brasileira de Alex Pereira.<\/p>\n<p>Fazendo uma das semifinais do evento, Alex encara o met\u00f3dico holand\u00eas Jason Wilnis em uma revanche, que o holand\u00eas venceu por decis\u00e3o.<\/p>\n<p>A outra luta do GP ser\u00e1 o duelo entre Wayne Barrett contra Simon Marcus, sendo que o vencedor do GP enfrenta o campe\u00e3o da categoria, o russo Artem Levin na edi\u00e7\u00e3o 21 que acontece em maio.<\/p>\n<p>[yframe url=&#8217;www.youtube.com\/watch?v=lUX2zVrow6M&#8217;]<\/p>\n<p>&nbsp;<\/p>\n<figure id=\"attachment_16837\" aria-describedby=\"caption-attachment-16837\" style=\"width: 695px\" class=\"wp-caption aligncenter\"><a href=\"https:\/\/blogs.gazetaesportiva.com\/planeta-octogono\/files\/2015\/04\/G20-Weigh-In-Tournament.jpg\"><img loading=\"lazy\" decoding=\"async\" class=\"size-full wp-image-16837\" alt=\"Lutadores participam de GP nesta sexta em busca de chance por cintur\u00e3o - Divulga\u00e7\u00e3o GLORY\/James Law\" src=\"https:\/\/blogs.gazetaesportiva.com\/planeta-octogono\/files\/2015\/04\/G20-Weigh-In-Tournament.jpg\" width=\"695\" height=\"462\" \/><\/a><figcaption id=\"caption-attachment-16837\" class=\"wp-caption-text\"><strong><em>Lutadores participam de GP nesta sexta em busca de chance por cintur\u00e3o &#8211; Divulga\u00e7\u00e3o GLORY\/James Law<\/em><\/strong><\/figcaption><\/figure>\n<p>&nbsp;<\/p>\n<p>Quem tamb\u00e9m est\u00e1 de olho em uma luta pelo cintur\u00e3o, \u00e9 o brasileiro Saulo Cavalari.<\/p>\n<p>Fazendo a \u00faltima luta do card preliminar da edi\u00e7\u00e3o, o brasileiro encara o russo Artem Vahkitov.<\/p>\n<p>O duelo j\u00e1 era para ter acontecido na edi\u00e7\u00e3o 18, por\u00e9m Vahkitov acabou se machucando e a luta foi remarcada para este evento em Dubai.<\/p>\n<p>A luta \u00e9 muito importante para a categoria meio pesado j\u00e1 que pode definir, o vencedor como potencial candidato a lutar pelo cintur\u00e3o do evento.<\/p>\n<p>&nbsp;<\/p>\n<figure id=\"attachment_16838\" aria-describedby=\"caption-attachment-16838\" style=\"width: 695px\" class=\"wp-caption aligncenter\"><a href=\"https:\/\/blogs.gazetaesportiva.com\/planeta-octogono\/files\/2015\/04\/Saulo-Cavalari-G20-Weigh-In.jpg\"><img loading=\"lazy\" decoding=\"async\" class=\"size-full wp-image-16838\" alt=\"Saulo Cavalari enfrenta russo buscando chance de cintur\u00e3o - Divulga\u00e7\u00e3o GLORY\/James Law \" src=\"https:\/\/blogs.gazetaesportiva.com\/planeta-octogono\/files\/2015\/04\/Saulo-Cavalari-G20-Weigh-In.jpg\" width=\"695\" height=\"462\" \/><\/a><figcaption id=\"caption-attachment-16838\" class=\"wp-caption-text\"><strong><em>Saulo Cavalari enfrenta russo buscando chance de cintur\u00e3o &#8211; Divulga\u00e7\u00e3o GLORY\/James Law<\/em><\/strong><\/figcaption><\/figure>\n<p>&nbsp;<\/p>\n<p style=\"text-align: center\"><strong><em>Cintur\u00f5es em jogo&#8230;<\/em><\/strong><\/p>\n<p style=\"text-align: left\">Al\u00e9m das participa\u00e7\u00f5es brasileiras, o evento traz duas grandes lutas por cintur\u00f5es na edi\u00e7\u00e3o.<\/p>\n<p style=\"text-align: left\">Ap\u00f3s vencer o GP de contenders na edi\u00e7\u00e3o 17, o canadense Gabriel Varga enfrenta o atual n\u00famero 1 do mundo, o marroquino\/holand\u00eas Mosab Amrani em busca de se tornar o segundo canadense campe\u00e3o do evento.<\/p>\n<p style=\"text-align: left\">[yframe url=&#8217;www.youtube.com\/watch?v=LJajDkqKJr4&#8242;]<\/p>\n<p style=\"text-align: left\">[yframe url=&#8217;www.youtube.com\/watch?v=_vdl0fmtpRE&#8217;]<\/p>\n<p style=\"text-align: left\">No peso leve, uma revanche entre o campe\u00e3o Robin van Roosmalen contra Andy Ristie coloca o cintur\u00e3o em jogo.<\/p>\n<p style=\"text-align: left\">Com um grande nocaute sobre Roosmalen na edi\u00e7\u00e3o 12, Ristie que nasceu no Suriname quer desta vez provar que pode voltar a ser campe\u00e3o ap\u00f3s perder o t\u00edtulo para Davit Kiria.<\/p>\n<p style=\"text-align: left\">Vencendo Kiria na edi\u00e7\u00e3o 18 e conquistando o t\u00edtulo, Robin tem o apoio de seu pai e tamb\u00e9m treinador William, para enfrentar sua primeira defesa de cintur\u00e3o contra o \u00faltimo atleta que o venceu.<\/p>\n<p style=\"text-align: left\">[yframe url=&#8217;www.youtube.com\/watch?v=0npNmu1Geyg&#8217;]<\/p>\n<p style=\"text-align: left\">O evento vai ser transmitido pelo canal Esporte Interativo nesta sexta feira, a partir da 1 e meia da tarde.<\/p>\n<p style=\"text-align: center\">\n<p style=\"text-align: center\"><strong><em>Veja o card desta edi\u00e7\u00e3o:<\/em><\/strong><\/p>\n<p style=\"text-align: center\">\n<strong><em> (C) Robin van Roosmalen (153.9 lb \/ 69.8 kg) vs. Andy Ristie (153.9 lb \/ 69.8 kg)<\/em><\/strong><br \/>\n<strong><em> Mosab Amrani (143.1 lb \/ 64.9 kg) vs. Gabriel Varga (143.1 lb \/ 64.9 kg)<\/em><\/strong><br \/>\n<strong><em> Jason Wilnis (184.1 lb \/ 83.5 kg) vs. Alex Pereira (187.2 lb \/ 84.9 kg)<\/em><\/strong><br \/>\n<strong><em> Simon Marcus (185.4 lb \/ 84.1 kg) vs. Wayne Barrett (186.1 lb \/ 84.4 kg)<\/em><\/strong><\/p>\n<p style=\"text-align: center\"><strong><em>Saulo Cavalari (206.8 lb \/ 93.8 kg) vs. Artem Vakhitov (205.7 lb \/ 93.3 kg)<\/em><\/strong><br \/>\n<strong><em>Mourad Bouzidi (208.6 lb \/ 94.6 kg) vs. Dustin Jacoby (205.3 lb \/ 93.1 kg)<\/em><\/strong><br \/>\n<strong><em>Yong-Su Park (256.4 lb \/ 116.3 kg) vs. Chi Lewis Parry (245.4 lb \/ 111.3 kg)<\/em><\/strong><br \/>\n<strong><em>Samir Boukhidous (185 lb \/ 83.9 kg) vs. Mikhail Chalykh (183.2 lb \/ 83.1 kg)<\/em><\/strong><br \/>\n<strong><em>Atakan Arslan (168.9 lb \/ 76.6 kg) vs. Chad Sugden (168.9 lb \/ 76.6 kg)<\/em><\/strong><br \/>\n<strong><em>Anatoly Moiseev (153 lb \/ 69.4 kg) vs. Max Baumert (155.2 lb \/ 70.4 kg)<\/em><\/strong><\/p>\n<p style=\"text-align: center\">\n<p style=\"text-align: center\">[yframe url=&#8217;www.youtube.com\/watch?v=0l9fQjlUGW4&#8242;]<\/p>\n","protected":false},"excerpt":{"rendered":"<p>&nbsp; O maior evento de kickboxing do mundo, o GLORY realiza nesta sexta feira, em Dubai, nos Emirados \u00c1rabes Unidos sua vig\u00e9sima edi\u00e7\u00e3o. Com duas <a class=\"read-more\" href=\"https:\/\/blogs.gazetaesportiva.com\/planeta-octogono\/2015\/04\/02\/em-busca-de-luta-por-cinturao-alex-pereira-e-saulo-cavalari-participam-de-edicao-do-glory-20-nesta-sexta\/\">leia mais<\/a><\/p>\n","protected":false},"author":33,"featured_media":16838,"comment_status":"open","ping_status":"open","sticky":false,"template":"","format":"standard","meta":{"jetpack_post_was_ever_published":false,"_jetpack_newsletter_access":"","_jetpack_dont_email_post_to_subs":false,"_jetpack_newsletter_tier_id":0,"_jetpack_memberships_contains_paywalled_content":false,"_jetpack_memberships_contains_paid_content":false,"footnotes":"","jetpack_publicize_message":"","jetpack_publicize_feature_enabled":true,"jetpack_social_post_already_shared":false,"jetpack_social_options":{"image_generator_settings":{"template":"highway","default_image_id":0,"font":"","enabled":false},"version":2}},"categories":[1],"tags":[661,663,696,820,38,700,464,173],"class_list":["post-16835","post","type-post","status-publish","format-standard","has-post-thumbnail","hentry","category-principal","tag-alex-pereira","tag-andy-ristie","tag-dubai","tag-gabriel-varga","tag-glory","tag-mosab-amrani","tag-robin-van-roosmalen","tag-saulo-cavalari"],"jetpack_publicize_connections":[],"jetpack_featured_media_url":"https:\/\/blogs.gazetaesportiva.com\/planeta-octogono\/files\/2015\/04\/Saulo-Cavalari-G20-Weigh-In.jpg","jetpack_sharing_enabled":true,"jetpack_shortlink":"https:\/\/wp.me\/p6rqUQ-4nx","_links":{"self":[{"href":"https:\/\/blogs.gazetaesportiva.com\/planeta-octogono\/wp-json\/wp\/v2\/posts\/16835","targetHints":{"allow":["GET"]}}],"collection":[{"href":"https:\/\/blogs.gazetaesportiva.com\/planeta-octogono\/wp-json\/wp\/v2\/posts"}],"about":[{"href":"https:\/\/blogs.gazetaesportiva.com\/planeta-octogono\/wp-json\/wp\/v2\/types\/post"}],"author":[{"embeddable":true,"href":"https:\/\/blogs.gazetaesportiva.com\/planeta-octogono\/wp-json\/wp\/v2\/users\/33"}],"replies":[{"embeddable":true,"href":"https:\/\/blogs.gazetaesportiva.com\/planeta-octogono\/wp-json\/wp\/v2\/comments?post=16835"}],"version-history":[{"count":0,"href":"https:\/\/blogs.gazetaesportiva.com\/planeta-octogono\/wp-json\/wp\/v2\/posts\/16835\/revisions"}],"wp:featuredmedia":[{"embeddable":true,"href":"https:\/\/blogs.gazetaesportiva.com\/planeta-octogono\/wp-json\/wp\/v2\/media\/16838"}],"wp:attachment":[{"href":"https:\/\/blogs.gazetaesportiva.com\/planeta-octogono\/wp-json\/wp\/v2\/media?parent=16835"}],"wp:term":[{"taxonomy":"category","embeddable":true,"href":"https:\/\/blogs.gazetaesportiva.com\/planeta-octogono\/wp-json\/wp\/v2\/categories?post=16835"},{"taxonomy":"post_tag","embeddable":true,"href":"https:\/\/blogs.gazetaesportiva.com\/planeta-octogono\/wp-json\/wp\/v2\/tags?post=16835"}],"curies":[{"name":"wp","href":"https:\/\/api.w.org\/{rel}","templated":true}]}}